{"id":7587,"date":"2026-01-17T15:17:11","date_gmt":"2026-01-17T14:17:11","guid":{"rendered":"https:\/\/zlp-krakow.pl\/?p=7587"},"modified":"2026-01-17T15:19:38","modified_gmt":"2026-01-17T14:19:38","slug":"sprawozdanie-z-dzialalnosci-merytorycznej-krakowskiego-oddzialu-zlp-w-2025-roku","status":"publish","type":"post","link":"https:\/\/zlp-krakow.pl\/?p=7587","title":{"rendered":"Sprawozdanie z dzia\u0142alno\u015bci merytorycznej Krakowskiego Oddzia\u0142u ZLP w 2025 roku"},"content":{"rendered":"<div><span style=\"font-size: 18pt;\"><strong>Sprawozdanie z dzia\u0142alno\u015bci merytorycznej w 2025 roku <\/strong><\/span><\/div>\n<h6><\/h6>\n<div>\n<ol>\n<li><strong>Wa\u017cne wydarzenia <\/strong><\/li>\n<\/ol>\n<\/div>\n<div>Do najwa\u017cniejszych wydarze\u0144 nale\u017cy zaliczy\u0107 uhonorowanie naszych Kole\u017canek i Koleg\u00f3w Medalami Zas\u0142u\u017cony Kulturze \u201eGloria Artis\u201d. Zarz\u0105d KO ZLP u\u0142o\u017cy\u0142 list\u0119 os\u00f3b, kt\u00f3re mog\u0105 si\u0119 poszczyci\u0107 najwi\u0119kszym dorobkiem literackim oraz innymi osi\u0105gni\u0119ciami, a tak\u017ce najwi\u0119cej pracuj\u0105 na rzecz koleg\u00f3w. Zosta\u0142y przygotowane wnioski o medale dla nich i przes\u0142ane do Warszawy, gdzie zatwierdzi\u0142 je Prezes ZG ZLP Marek Wawrzkiewicz i przekaza\u0142 do ministerstwa. Ponadto z jego inicjatywy zosta\u0142 napisany w Warszawie wniosek dla Anny Pituch-Noworolskiej. Ministerstwo odnios\u0142o si\u0119 pozytywnie do przedstawionych wniosk\u00f3w.<\/div>\n<div>Decyzj\u0105 Pani Minister Kultury i Dziedzictwa Narodowego medale otrzymali:<\/div>\n<div>\u2013 srebrny Medal Zas\u0142u\u017cony Kulturze \u201eGloria Artis\u201d \u2013 Boles\u0142aw Faron,<\/div>\n<div>\u2013 br\u0105zowe Medale Zas\u0142u\u017cony Kulturze \u201eGloria Artis\u201d: Alicja Tanew, Danuta Perier-Berska, Anna Pituch-Noworolska, Ignacy S. Fiut, Leszek Konarski, Arkadiusz Frania i Andrzej Walter.<\/div>\n<div><\/div>\n<div>Kolejnym powodem do zadowolenia jest sukces Kole\u017canki Marceliny Koncewicz. Zg\u0142osili\u015bmy jej ksi\u0105\u017ck\u0119 \u2013 jako wydawca \u2013 do konkursu \u201eM\u0142ody S\u0142owacki\u201d organizowanego przez Warszawski Oddzia\u0142 ZLP dla autor\u00f3w poni\u017cej 35. roku \u017cycia. Marcelina Koncewicz znalaz\u0142a si\u0119 w \u015bcis\u0142ym, trzyosobowym gronie nominowanych do tej nagrody.<\/div>\n<div><\/div>\n<div>W ubieg\u0142ym i tym roku zosta\u0142y przyj\u0119te do Zwi\u0105zku Literat\u00f3w Polskich cztery osoby, kt\u00f3re zasili\u0142y szeregi KO ZLP. S\u0105 to: Marcelina Koncewicz, Ma\u0142gorzata Kulisiewicz, Lucyna Be\u0142towska i Gra\u017cyna Potoczek.<\/div>\n<h6><\/h6>\n<div>\n<ol start=\"2\">\n<li><strong>Dzia\u0142alno\u015b\u0107 wydawnicza i promocyjna<\/strong><\/li>\n<\/ol>\n<\/div>\n<div>W tym roku poza kontynuowanymi pozycjami wydawniczymi \u2013 Almanach Krakowskiej Nocy Poet\u00f3w (nr 53) oraz Literat Krakowski (18) zosta\u0142a wydana obszerna Antologia Krakowskiego Oddzia\u0142u ZLP \u201e\u015alady na linii czasu\u201d. Znalaz\u0142y si\u0119 w niej biogramy wraz z kolorowymi fotografiami wszystkich aktualnych cz\u0142onk\u00f3w naszego Oddzia\u0142u. Pami\u0119tali\u015bmy te\u017c o naszych Kolegach, zmar\u0142ych w ostatnich kilkunastu latach. Redakcj\u0119 wszystkich tych pozycji prowadzi\u0142a Danuta Su\u0142kowska za co serdecznie dzi\u0119kujemy.<\/div>\n<div>Nale\u017cy podkre\u015bli\u0107, \u017ce wydanie Antologii by\u0142o mo\u017cliwe dzi\u0119ki oszcz\u0119dno\u015bciom, kt\u00f3re zyskali\u015bmy, poniewa\u017c Kole\u017canka ta, opr\u00f3cz redakcji, wykonywa\u0142a spo\u0142ecznie od kilku lat r\u00f3wnie\u017c prace nad przygotowaniem do druku wszystkich naszych publikacji (sk\u0142ad komputerowy, projekty ok\u0142adek) oraz prowadzi\u0142a stron\u0119 internetow\u0105. Nie musieli\u015bmy wi\u0119c p\u0142aci\u0107 za realizacj\u0119 tych zada\u0144.<\/div>\n<div><\/div>\n<div>Bardzo udany by\u0142 w tym roku nasz udzia\u0142 w Krakowskim Kiermaszu Ksi\u0105\u017cki. Wzi\u0119\u0142o w nim udzia\u0142 wi\u0119cej os\u00f3b ni\u017c w poprzednich latach. Byli to g\u0142\u00f3wnie literaci z naszego Oddzia\u0142u, ale nie zabrak\u0142o te\u017c cz\u0142onk\u00f3w Otwartego Ko\u0142a Autor\u00f3w, kt\u00f3re prowadzimy. Przez trzy dni sprzedawali oni publikacje oddzia\u0142u oraz w\u0142asne ksi\u0105\u017cki, a po po\u0142udniu czytali wiersze, co cieszy\u0142o si\u0119 du\u017cym zainteresowaniem odwiedzaj\u0105cych kiermasz mi\u0142o\u015bnik\u00f3w literatury.<\/div>\n<div>Wszystkie formalno\u015bci zwi\u0105zane z naszym udzia\u0142em w Kiermaszu za\u0142atwia\u0142a Anna Pituch-Noworolska. R\u00f3wnie\u017c ona zadba\u0142a o sprawn\u0105 organizacj\u0119 naszego uczestnictwa w tym wydarzeniu. Gor\u0105co jej za to dzi\u0119kujemy.<\/div>\n<div><\/div>\n<div>Po tegorocznym udziale przedstawicieli KO ZLP w kiermaszu odbywaj\u0105cym si\u0119 na placu Marii Magdaleny w Krakowie ustalono, \u017ce je\u015bli podejmiemy decyzj\u0119 udzia\u0142u w kolejnych kiermaszach organizowanych przez Stowarzyszenie Antykwariuszy i Bukinist\u00f3w, to b\u0119dziemy r\u00f3wnie\u017c prezentowa\u0107 czytanie wierszy przez autor\u00f3w. Specjalnie na ten cel jest przygotowane nag\u0142o\u015bnienie kiermaszu.<\/div>\n<h6><\/h6>\n<div>\n<ol start=\"3\">\n<li><strong>Regularne spotkania autorskie i promocje ksi\u0105\u017cek <\/strong><\/li>\n<\/ol>\n<\/div>\n<div>W Klubie Dziennikarzy \u201ePod Gruszk\u0105\u201d przy Bibliotece Krak\u00f3w odby\u0142y si\u0119 regularne spotkania b\u0119d\u0105ce promocjami nowych ksi\u0105\u017cek i spotkaniami autorskimi. Poza cz\u0142onkami KO ZLP i Otwartego Ko\u0142a Autor\u00f3w brali w nich udzia\u0142 zaproszeni go\u015bcie.<\/div>\n<div><\/div>\n<div><strong>14 stycznia<\/strong> \u2013 otwarty wiecz\u00f3r literacki \u201eZimowe impresje poetyckie\u201d<\/div>\n<div>Prowadzenie: Anna Pituch-Noworolska i Ma\u0142gorzata Kulisiewicz<\/div>\n<div><strong>28 stycznia<\/strong> \u2013 promocja ksi\u0105\u017cki Anny Pituch-Noworolskiej \u201eOpowiem ci jesie\u0144\u201d<\/div>\n<div>Prowadzenie: Andrzej D\u0119bkowski<\/div>\n<div><strong>11 lutego<\/strong> \u2013 promocja 17. numeru Literata Krakowskiego<\/div>\n<div>Prowadzenie: Danuta Su\u0142kowska<\/div>\n<div><strong>25 lutego<\/strong> \u2013 promocja ksi\u0105\u017cki Bronis\u0142awa Kozie\u0144skiego \u201eGada\u0142em z Halnym\u201d<\/div>\n<div>Prowadzenie: Boles\u0142aw Faron; wiersze przeczyta\u0142 Tadeusz Kwinta<\/div>\n<div><strong>11 marca<\/strong> \u2013 promocja ksi\u0105\u017cki Gra\u017cyny Potoczek \u201eNie pierwsza m\u0142odo\u015b\u0107\u2019<\/div>\n<div>Prowadzenie: Danuta Su\u0142kowska. S\u0142owo krytyczne: Marcelina Koncewicz; wiersze przeczyta\u0142a Danuta Perier-Berska. Oprawa muzyczna: Marta Saciuk-S\u0119dzielarz \u2013 wokal, Artur S\u0119dzielarz \u2013 fortepian .<\/div>\n<div><strong>25 marca<\/strong> \u2013 spotkanie autorskie Piotra Oprz\u0119dka \u201eWiersze zagubione w czasie\u201d<\/div>\n<div>Prowadzenie: Anna Pituch-Noworolska<\/div>\n<div><strong>8 kwietnia<\/strong> \u2013 spotkanie autorskie Grzegorza Trochimczuka \u201eWszystko, co nam si\u0119 przytrafia\u2026\u201d<\/div>\n<div>Prowadzenie: Andrzej Walter<\/div>\n<div><strong>29 kwietnia<\/strong> \u2013 spotkanie autorskie \u201eZa kulisami wiersza\u201d dyskusje o literaturze prowadzili Anna Pituch-Noworolska i Andrzej Walter<\/div>\n<div><strong>13 maja<\/strong> \u2013 promocja antologii KO ZLP \u201e\u015alady na linii czasu\u201d.<\/div>\n<div>Prowadzenie: Danuta Su\u0142kowska i Anna Pituch-Noworolska<\/div>\n<div><strong>27 maja<\/strong> \u2013 spotkanie autorskie cz\u0142onk\u00f3w Otwartego Ko\u0142a Autor\u00f3w \u2013 Konrada Jellinka, Urszuli M\u0105drzyk i Marka Por\u0105bki<\/div>\n<div><strong>10 czerwca<\/strong> \u2013 prezentacja zbioru wierszy Andrzeja Krzysztofa Torbusa \u201eBiuro rzeczy nieznalezionych\u201d wraz z promocj\u0105 p\u0142yty \u201eA jeszcze wczoraj\u201d z muzyk\u0105 \u0142odzianina Jurka \u015awierczy\u0144skiego i tekstami autora. S\u0142owo wi\u0105\u017c\u0105ce: Pawe\u0142 Kuzora<\/div>\n<div><strong>24 czerwca<\/strong> \u2013 Krakowska Noc Poet\u00f3w \u2013 Promocja 53. numeru Almanachu<\/div>\n<div>Prowadzenie: Danuta Su\u0142kowska i Danuta Perier-Berska. Oprawa muzyczna: Alicja Tanew \u2013 fortepian, wokal; Robert Marcinkowski \u2013 gitara, wokal<\/div>\n<div><strong>9 wrze\u015bnia<\/strong> \u2013 promocja ksi\u0105\u017cki Arkadiusza Frani \u201eAgatka m\u00f3wi, \u017ce\u2026 Powiadania filozoficzne\u201d.<\/div>\n<div>Prowadzenie: Danuta Su\u0142kowska<\/div>\n<div><strong>23 wrze\u015bnia<\/strong> \u2013 spotkanie autorskie Marleny Zynger \u201eWszystko jest naszym wyborem\u201d z promocj\u0105 tomu poetyckiego \u201eO!Nie!\u201d.<\/div>\n<div>Prowadzenie: Anna Pituch-Noworolska. Oprawa muzyczna: Alicja Tanew \u2013 fortepian, wokal<\/div>\n<div><strong>14 pa\u017adziernika<\/strong> \u2013 spotkanie autorskie \u2013 Zofii Miku\u0142y <em>Sofim<\/em> \u201ePoezja zawieszona ponad czasem\u201d.<\/div>\n<div>Prowadzenie: Anna Pituch-Noworolska Oprawa muzyczna: Waldemar H\u0142adki \u2013 gitara, wokal.<\/div>\n<div><strong>28 pa\u017adziernika<\/strong> \u2013 promocja ksi\u0105\u017cki Krystyny Alicji Jezierskiej \u201eZegarnik\u201d.<\/div>\n<div>Prowadzenie: Jan Mas\u0142yk. Oprawa muzyczna: Hubert Jezierski \u2013 gitara, wokal<\/div>\n<div><strong>18 listopada<\/strong> \u2013 promocja ksi\u0105\u017cki Ma\u0142gorzaty Kulisiewicz \u201eSennik Hoppera\/ Hopper&#8217;s dream book\u201d. Prowadzenie: Anna Pituch-Noworolska. Wiersze przeczyta\u0142y: Anna Luberda-Kowal \u2013 po angielsku, Ma\u0142gorzata Kulisiewicz, Anna Pituch-Noworolska \u2013 po polsku.<\/div>\n<div><strong>25 listopada<\/strong> \u2013 spotkanie autorskie Aleksandra Jasickiego \u201ePowrot\u00f3w trzy&#8230;\u201d.<\/div>\n<div>Prowadzenie: Robert Marcinkowski<\/div>\n<div><strong>9 grudnia<\/strong> \u2013 spotkanie autorskie cz\u0142onk\u00f3w Otwartego Ko\u0142a Autor\u00f3w \u2013 Bo\u017ceny Bisztygi, Ewy Piekarskiej i Janiny Wi\u015bniewskiej \u201ePodr\u00f3\u017ce s\u0142owem przez zwyk\u0142e dni\u201d.<\/div>\n<div><strong>16 grudnia<\/strong> \u2013 spotkanie autorskie Jana J. Mas\u0142yka \u201ea i \u015bwi\u0119ta po krakosku\u2026\u201d<\/div>\n<div><\/div>\n<div>Ponadto odbywa\u0142y si\u0119 comiesi\u0119czne spotkania Otwartego Ko\u0142a Autor\u00f3w. Prowadzi\u0142a je Opiekunka Ko\u0142a Danuta Perier-Berska, za co serdecznie jej dzi\u0119kujemy.<\/div>\n<h6><\/h6>\n<div>\n<ol start=\"4\">\n<li><strong>Uwagi<\/strong><\/li>\n<\/ol>\n<\/div>\n<div>W przysz\u0142ym roku nale\u017cy zdecydowa\u0107, jak m\u0105drze zagospodarowa\u0107 oszcz\u0119dno\u015bci, kt\u00f3rymi jeszcze dysponujemy oraz zrealizowa\u0107 ustalony plan dotycz\u0105cy tego zagadnienia.<\/div>\n<div><\/div>\n<div>Do odnotowania jest wa\u017cna dla nas decyzja Biblioteki Krak\u00f3w o tym, \u017ce spotkania maj\u0105 obecnie jedynie bie\u017c\u0105c\u0105 transmisj\u0119, nie ma ju\u017c nagra\u0144 pozwalaj\u0105cych na odtwarzanie przebiegu spotka\u0144. Jest to znaczne zaw\u0119\u017cenie kr\u0119gu odbiorc\u00f3w naszych wydarze\u0144 odbywaj\u0105cych si\u0119 w Klubie Dziennikarzy \u201ePod Gruszk\u0105\u201d.<\/div>\n<div><\/div>\n<div>Nadal pozostaje problem w\u0142asnej siedziby oraz pomieszczenia pozwalaj\u0105cego na stworzenie rzeczywistego archiwum z dotychczasow\u0105 dokumentacj\u0105 oraz zapasowymi egzemplarzami naszych wydawnictw. Trwaj\u0105ce prace w budynkach przy ulicy Kopernika planowo przeznaczonych na plac\u00f3wki kultury i now\u0105 siedzib\u0119 Biblioteki Krak\u00f3w (Mediateka) na razie s\u0105 wstrzymane. Innych ofert dla wielu plac\u00f3wek kulturalnych, kt\u00f3re borykaj\u0105 si\u0119 z brakiem pomieszcze\u0144, nie ma.<\/div>\n<div><\/div>\n<div>\u00a0\u00a0\u00a0\u00a0\u00a0\u00a0\u00a0\u00a0\u00a0\u00a0\u00a0\u00a0\u00a0\u00a0\u00a0\u00a0\u00a0\u00a0\u00a0\u00a0\u00a0\u00a0\u00a0\u00a0\u00a0\u00a0\u00a0\u00a0\u00a0\u00a0\u00a0\u00a0\u00a0\u00a0\u00a0\u00a0\u00a0\u00a0\u00a0\u00a0\u00a0\u00a0\u00a0\u00a0\u00a0\u00a0\u00a0\u00a0\u00a0\u00a0\u00a0\u00a0\u00a0\u00a0\u00a0\u00a0\u00a0\u00a0\u00a0\u00a0\u00a0\u00a0\u00a0\u00a0\u00a0\u00a0\u00a0\u00a0\u00a0\u00a0\u00a0\u00a0\u00a0\u00a0\u00a0\u00a0\u00a0\u00a0\u00a0\u00a0\u00a0\u00a0\u00a0\u00a0\u00a0\u00a0\u00a0\u00a0\u00a0\u00a0\u00a0\u00a0 Zarz\u0105d Krakowskiego Oddzia\u0142u<\/div>\n<div>\u00a0\u00a0\u00a0\u00a0\u00a0\u00a0\u00a0\u00a0\u00a0\u00a0\u00a0\u00a0\u00a0\u00a0\u00a0\u00a0\u00a0\u00a0\u00a0\u00a0\u00a0\u00a0\u00a0\u00a0\u00a0\u00a0\u00a0\u00a0\u00a0\u00a0\u00a0\u00a0\u00a0\u00a0\u00a0\u00a0\u00a0\u00a0\u00a0\u00a0\u00a0\u00a0\u00a0\u00a0\u00a0\u00a0\u00a0\u00a0\u00a0\u00a0\u00a0\u00a0\u00a0\u00a0\u00a0\u00a0\u00a0\u00a0\u00a0\u00a0\u00a0\u00a0\u00a0\u00a0\u00a0\u00a0\u00a0\u00a0\u00a0\u00a0\u00a0\u00a0\u00a0\u00a0\u00a0\u00a0\u00a0\u00a0\u00a0\u00a0\u00a0\u00a0\u00a0\u00a0\u00a0\u00a0\u00a0\u00a0\u00a0\u00a0\u00a0\u00a0\u00a0\u00a0\u00a0 Zwi\u0105zku Literat\u00f3w Polskich<\/div>\n","protected":false},"excerpt":{"rendered":"<p>Sprawozdanie z dzia\u0142alno\u015bci merytorycznej w 2025 roku Wa\u017cne wydarzenia Do najwa\u017cniejszych wydarze\u0144 nale\u017cy zaliczy\u0107 uhonorowanie naszych Kole\u017canek i Koleg\u00f3w Medalami Zas\u0142u\u017cony Kulturze \u201eGloria Artis\u201d. Zarz\u0105d KO ZLP u\u0142o\u017cy\u0142 list\u0119 os\u00f3b, kt\u00f3re mog\u0105 si\u0119 poszczyci\u0107 najwi\u0119kszym dorobkiem literackim oraz innymi osi\u0105gni\u0119ciami, &#8230; <a class=\"more-link\" href=\"https:\/\/zlp-krakow.pl\/?p=7587\">Read More &raquo;<\/a><\/p>\n","protected":false},"author":3,"featured_media":0,"comment_status":"closed","ping_status":"open","sticky":false,"template":"","format":"standard","meta":{"footnotes":""},"categories":[12,14],"tags":[],"class_list":["post-7587","post","type-post","status-publish","format-standard","hentry","category-aktualnosci","category-sprawozdania"],"_links":{"self":[{"href":"https:\/\/zlp-krakow.pl\/index.php?rest_route=\/wp\/v2\/posts\/7587","targetHints":{"allow":["GET"]}}],"collection":[{"href":"https:\/\/zlp-krakow.pl\/index.php?rest_route=\/wp\/v2\/posts"}],"about":[{"href":"https:\/\/zlp-krakow.pl\/index.php?rest_route=\/wp\/v2\/types\/post"}],"author":[{"embeddable":true,"href":"https:\/\/zlp-krakow.pl\/index.php?rest_route=\/wp\/v2\/users\/3"}],"replies":[{"embeddable":true,"href":"https:\/\/zlp-krakow.pl\/index.php?rest_route=%2Fwp%2Fv2%2Fcomments&post=7587"}],"version-history":[{"count":3,"href":"https:\/\/zlp-krakow.pl\/index.php?rest_route=\/wp\/v2\/posts\/7587\/revisions"}],"predecessor-version":[{"id":7590,"href":"https:\/\/zlp-krakow.pl\/index.php?rest_route=\/wp\/v2\/posts\/7587\/revisions\/7590"}],"wp:attachment":[{"href":"https:\/\/zlp-krakow.pl\/index.php?rest_route=%2Fwp%2Fv2%2Fmedia&parent=7587"}],"wp:term":[{"taxonomy":"category","embeddable":true,"href":"https:\/\/zlp-krakow.pl\/index.php?rest_route=%2Fwp%2Fv2%2Fcategories&post=7587"},{"taxonomy":"post_tag","embeddable":true,"href":"https:\/\/zlp-krakow.pl\/index.php?rest_route=%2Fwp%2Fv2%2Ftags&post=7587"}],"curies":[{"name":"wp","href":"https:\/\/api.w.org\/{rel}","templated":true}]}}