{"id":6467,"date":"2024-04-22T00:06:07","date_gmt":"2024-04-21T22:06:07","guid":{"rendered":"https:\/\/zlp-krakow.pl\/?p=6467"},"modified":"2024-05-12T22:17:46","modified_gmt":"2024-05-12T20:17:46","slug":"spotkanie-otwartego-kola-autorow-klub-dziennikarzy-pod-gruszka-8-maja-godz-17-00","status":"publish","type":"post","link":"https:\/\/zlp-krakow.pl\/?p=6467","title":{"rendered":"Spotkanie Otwartego Ko\u0142a Autor\u00f3w, Klub Dziennikarzy Pod Gruszk\u0105, 8 maja, godz. 17.00"},"content":{"rendered":"<p><a href=\"https:\/\/zlp-krakow.pl\/wp-content\/uploads\/2024\/04\/Kolo-maj.jpg\"><img loading=\"lazy\" decoding=\"async\" class=\"alignnone wp-image-6468\" src=\"https:\/\/zlp-krakow.pl\/wp-content\/uploads\/2024\/04\/Kolo-maj-300x198.jpg\" alt=\"\" width=\"440\" height=\"290\" srcset=\"https:\/\/zlp-krakow.pl\/wp-content\/uploads\/2024\/04\/Kolo-maj-300x198.jpg 300w, https:\/\/zlp-krakow.pl\/wp-content\/uploads\/2024\/04\/Kolo-maj-1024x675.jpg 1024w, https:\/\/zlp-krakow.pl\/wp-content\/uploads\/2024\/04\/Kolo-maj-768x506.jpg 768w, https:\/\/zlp-krakow.pl\/wp-content\/uploads\/2024\/04\/Kolo-maj-1536x1012.jpg 1536w, https:\/\/zlp-krakow.pl\/wp-content\/uploads\/2024\/04\/Kolo-maj-2048x1350.jpg 2048w, https:\/\/zlp-krakow.pl\/wp-content\/uploads\/2024\/04\/Kolo-maj-940x620.jpg 940w\" sizes=\"auto, (max-width: 440px) 100vw, 440px\" \/><\/a><\/p>\n<hr \/>\n<p><a href=\"https:\/\/zlp-krakow.pl\/wp-content\/uploads\/2024\/04\/Kolo-maj-1.jpg\"><img loading=\"lazy\" decoding=\"async\" class=\"alignnone wp-image-6502\" src=\"https:\/\/zlp-krakow.pl\/wp-content\/uploads\/2024\/04\/Kolo-maj-1-300x196.jpg\" alt=\"\" width=\"600\" height=\"393\" srcset=\"https:\/\/zlp-krakow.pl\/wp-content\/uploads\/2024\/04\/Kolo-maj-1-300x196.jpg 300w, https:\/\/zlp-krakow.pl\/wp-content\/uploads\/2024\/04\/Kolo-maj-1-1024x671.jpg 1024w, https:\/\/zlp-krakow.pl\/wp-content\/uploads\/2024\/04\/Kolo-maj-1-768x503.jpg 768w, https:\/\/zlp-krakow.pl\/wp-content\/uploads\/2024\/04\/Kolo-maj-1-1536x1006.jpg 1536w, https:\/\/zlp-krakow.pl\/wp-content\/uploads\/2024\/04\/Kolo-maj-1-940x615.jpg 940w, https:\/\/zlp-krakow.pl\/wp-content\/uploads\/2024\/04\/Kolo-maj-1.jpg 2048w\" sizes=\"auto, (max-width: 600px) 100vw, 600px\" \/><\/a><\/p>\n<p>Foto: Maria Le\u017ca\u0144ska<\/p>\n","protected":false},"excerpt":{"rendered":"<p>Foto: Maria Le\u017ca\u0144ska<\/p>\n","protected":false},"author":3,"featured_media":0,"comment_status":"closed","ping_status":"open","sticky":false,"template":"","format":"image","meta":{"footnotes":""},"categories":[12,13],"tags":[],"class_list":["post-6467","post","type-post","status-publish","format-image","hentry","category-aktualnosci","category-zaproszenia","post_format-post-format-image"],"_links":{"self":[{"href":"https:\/\/zlp-krakow.pl\/index.php?rest_route=\/wp\/v2\/posts\/6467","targetHints":{"allow":["GET"]}}],"collection":[{"href":"https:\/\/zlp-krakow.pl\/index.php?rest_route=\/wp\/v2\/posts"}],"about":[{"href":"https:\/\/zlp-krakow.pl\/index.php?rest_route=\/wp\/v2\/types\/post"}],"author":[{"embeddable":true,"href":"https:\/\/zlp-krakow.pl\/index.php?rest_route=\/wp\/v2\/users\/3"}],"replies":[{"embeddable":true,"href":"https:\/\/zlp-krakow.pl\/index.php?rest_route=%2Fwp%2Fv2%2Fcomments&post=6467"}],"version-history":[{"count":3,"href":"https:\/\/zlp-krakow.pl\/index.php?rest_route=\/wp\/v2\/posts\/6467\/revisions"}],"predecessor-version":[{"id":6504,"href":"https:\/\/zlp-krakow.pl\/index.php?rest_route=\/wp\/v2\/posts\/6467\/revisions\/6504"}],"wp:attachment":[{"href":"https:\/\/zlp-krakow.pl\/index.php?rest_route=%2Fwp%2Fv2%2Fmedia&parent=6467"}],"wp:term":[{"taxonomy":"category","embeddable":true,"href":"https:\/\/zlp-krakow.pl\/index.php?rest_route=%2Fwp%2Fv2%2Fcategories&post=6467"},{"taxonomy":"post_tag","embeddable":true,"href":"https:\/\/zlp-krakow.pl\/index.php?rest_route=%2Fwp%2Fv2%2Ftags&post=6467"}],"curies":[{"name":"wp","href":"https:\/\/api.w.org\/{rel}","templated":true}]}}