{"id":6248,"date":"2023-12-29T11:13:38","date_gmt":"2023-12-29T10:13:38","guid":{"rendered":"https:\/\/zlp-krakow.pl\/?p=6248"},"modified":"2024-02-01T10:27:40","modified_gmt":"2024-02-01T09:27:40","slug":"wieczor-autorski-ryszarda-sidora-sidorkiewicza-klub-dziennikarzy-pod-gruszka-30-stycznia-godz-18-00","status":"publish","type":"post","link":"https:\/\/zlp-krakow.pl\/?p=6248","title":{"rendered":"Wiecz\u00f3r autorski Ryszarda &#8222;Sidora&#8221; Sidorkiewicza, Klub Dziennikarzy Pod Gruszk\u0105, 30 stycznia, godz. 18.00"},"content":{"rendered":"<p><a href=\"https:\/\/zlp-krakow.pl\/wp-content\/uploads\/2023\/12\/Sidorkiewicz-1-scaled.jpg\"><img loading=\"lazy\" decoding=\"async\" class=\"alignnone wp-image-6250\" src=\"https:\/\/zlp-krakow.pl\/wp-content\/uploads\/2023\/12\/Sidorkiewicz-1-300x178.jpg\" alt=\"\" width=\"440\" height=\"261\" srcset=\"https:\/\/zlp-krakow.pl\/wp-content\/uploads\/2023\/12\/Sidorkiewicz-1-300x178.jpg 300w, https:\/\/zlp-krakow.pl\/wp-content\/uploads\/2023\/12\/Sidorkiewicz-1-1024x608.jpg 1024w, https:\/\/zlp-krakow.pl\/wp-content\/uploads\/2023\/12\/Sidorkiewicz-1-768x456.jpg 768w, https:\/\/zlp-krakow.pl\/wp-content\/uploads\/2023\/12\/Sidorkiewicz-1-1536x911.jpg 1536w, https:\/\/zlp-krakow.pl\/wp-content\/uploads\/2023\/12\/Sidorkiewicz-1-2048x1215.jpg 2048w, https:\/\/zlp-krakow.pl\/wp-content\/uploads\/2023\/12\/Sidorkiewicz-1-940x558.jpg 940w\" sizes=\"auto, (max-width: 440px) 100vw, 440px\" \/><\/a><\/p>\n<hr \/>\n<p><a href=\"https:\/\/zlp-krakow.pl\/wp-content\/uploads\/2023\/12\/1-417411412_10220428093851890_884310172183664236_n.jpg\"><img loading=\"lazy\" decoding=\"async\" class=\"alignnone size-medium wp-image-6289\" src=\"https:\/\/zlp-krakow.pl\/wp-content\/uploads\/2023\/12\/1-417411412_10220428093851890_884310172183664236_n-300x241.jpg\" alt=\"\" width=\"300\" height=\"241\" srcset=\"https:\/\/zlp-krakow.pl\/wp-content\/uploads\/2023\/12\/1-417411412_10220428093851890_884310172183664236_n-300x241.jpg 300w, https:\/\/zlp-krakow.pl\/wp-content\/uploads\/2023\/12\/1-417411412_10220428093851890_884310172183664236_n-1024x822.jpg 1024w, https:\/\/zlp-krakow.pl\/wp-content\/uploads\/2023\/12\/1-417411412_10220428093851890_884310172183664236_n-768x617.jpg 768w, https:\/\/zlp-krakow.pl\/wp-content\/uploads\/2023\/12\/1-417411412_10220428093851890_884310172183664236_n-1536x1233.jpg 1536w, https:\/\/zlp-krakow.pl\/wp-content\/uploads\/2023\/12\/1-417411412_10220428093851890_884310172183664236_n-940x755.jpg 940w, https:\/\/zlp-krakow.pl\/wp-content\/uploads\/2023\/12\/1-417411412_10220428093851890_884310172183664236_n.jpg 2048w\" sizes=\"auto, (max-width: 300px) 100vw, 300px\" \/><\/a><a href=\"https:\/\/zlp-krakow.pl\/wp-content\/uploads\/2023\/12\/2-417398635_10220428096371953_3030153010109421110_n.jpg\"><img loading=\"lazy\" decoding=\"async\" class=\"alignnone size-medium wp-image-6290\" src=\"https:\/\/zlp-krakow.pl\/wp-content\/uploads\/2023\/12\/2-417398635_10220428096371953_3030153010109421110_n-300x208.jpg\" alt=\"\" width=\"300\" height=\"208\" srcset=\"https:\/\/zlp-krakow.pl\/wp-content\/uploads\/2023\/12\/2-417398635_10220428096371953_3030153010109421110_n-300x208.jpg 300w, https:\/\/zlp-krakow.pl\/wp-content\/uploads\/2023\/12\/2-417398635_10220428096371953_3030153010109421110_n-1024x711.jpg 1024w, https:\/\/zlp-krakow.pl\/wp-content\/uploads\/2023\/12\/2-417398635_10220428096371953_3030153010109421110_n-768x533.jpg 768w, https:\/\/zlp-krakow.pl\/wp-content\/uploads\/2023\/12\/2-417398635_10220428096371953_3030153010109421110_n-1536x1066.jpg 1536w, https:\/\/zlp-krakow.pl\/wp-content\/uploads\/2023\/12\/2-417398635_10220428096371953_3030153010109421110_n-940x652.jpg 940w, https:\/\/zlp-krakow.pl\/wp-content\/uploads\/2023\/12\/2-417398635_10220428096371953_3030153010109421110_n.jpg 2048w\" sizes=\"auto, (max-width: 300px) 100vw, 300px\" \/><\/a><a href=\"https:\/\/zlp-krakow.pl\/wp-content\/uploads\/2023\/12\/3-417459906_10220428097491981_8396286117787438480_n.jpg\"><img loading=\"lazy\" decoding=\"async\" class=\"alignnone size-medium wp-image-6291\" src=\"https:\/\/zlp-krakow.pl\/wp-content\/uploads\/2023\/12\/3-417459906_10220428097491981_8396286117787438480_n-300x226.jpg\" alt=\"\" width=\"300\" height=\"226\" srcset=\"https:\/\/zlp-krakow.pl\/wp-content\/uploads\/2023\/12\/3-417459906_10220428097491981_8396286117787438480_n-300x226.jpg 300w, https:\/\/zlp-krakow.pl\/wp-content\/uploads\/2023\/12\/3-417459906_10220428097491981_8396286117787438480_n-1024x771.jpg 1024w, https:\/\/zlp-krakow.pl\/wp-content\/uploads\/2023\/12\/3-417459906_10220428097491981_8396286117787438480_n-768x578.jpg 768w, https:\/\/zlp-krakow.pl\/wp-content\/uploads\/2023\/12\/3-417459906_10220428097491981_8396286117787438480_n-1536x1156.jpg 1536w, https:\/\/zlp-krakow.pl\/wp-content\/uploads\/2023\/12\/3-417459906_10220428097491981_8396286117787438480_n-940x707.jpg 940w, https:\/\/zlp-krakow.pl\/wp-content\/uploads\/2023\/12\/3-417459906_10220428097491981_8396286117787438480_n.jpg 2048w\" sizes=\"auto, (max-width: 300px) 100vw, 300px\" \/><\/a><a href=\"https:\/\/zlp-krakow.pl\/wp-content\/uploads\/2023\/12\/4-419736998_10220428095531932_5130583319545948286_n.jpg\"><img loading=\"lazy\" decoding=\"async\" class=\"alignnone size-medium wp-image-6292\" src=\"https:\/\/zlp-krakow.pl\/wp-content\/uploads\/2023\/12\/4-419736998_10220428095531932_5130583319545948286_n-300x271.jpg\" alt=\"\" width=\"300\" height=\"271\" srcset=\"https:\/\/zlp-krakow.pl\/wp-content\/uploads\/2023\/12\/4-419736998_10220428095531932_5130583319545948286_n-300x271.jpg 300w, https:\/\/zlp-krakow.pl\/wp-content\/uploads\/2023\/12\/4-419736998_10220428095531932_5130583319545948286_n-1024x926.jpg 1024w, https:\/\/zlp-krakow.pl\/wp-content\/uploads\/2023\/12\/4-419736998_10220428095531932_5130583319545948286_n-768x694.jpg 768w, https:\/\/zlp-krakow.pl\/wp-content\/uploads\/2023\/12\/4-419736998_10220428095531932_5130583319545948286_n-1536x1388.jpg 1536w, https:\/\/zlp-krakow.pl\/wp-content\/uploads\/2023\/12\/4-419736998_10220428095531932_5130583319545948286_n-940x850.jpg 940w, https:\/\/zlp-krakow.pl\/wp-content\/uploads\/2023\/12\/4-419736998_10220428095531932_5130583319545948286_n.jpg 2048w\" sizes=\"auto, (max-width: 300px) 100vw, 300px\" \/><\/a><a href=\"https:\/\/zlp-krakow.pl\/wp-content\/uploads\/2023\/12\/417503323_10220428097691986_2396478837687986858_n.jpg\"><img loading=\"lazy\" decoding=\"async\" class=\"alignnone size-medium wp-image-6293\" src=\"https:\/\/zlp-krakow.pl\/wp-content\/uploads\/2023\/12\/417503323_10220428097691986_2396478837687986858_n-300x224.jpg\" alt=\"\" width=\"300\" height=\"224\" srcset=\"https:\/\/zlp-krakow.pl\/wp-content\/uploads\/2023\/12\/417503323_10220428097691986_2396478837687986858_n-300x224.jpg 300w, https:\/\/zlp-krakow.pl\/wp-content\/uploads\/2023\/12\/417503323_10220428097691986_2396478837687986858_n-1024x765.jpg 1024w, https:\/\/zlp-krakow.pl\/wp-content\/uploads\/2023\/12\/417503323_10220428097691986_2396478837687986858_n-768x573.jpg 768w, https:\/\/zlp-krakow.pl\/wp-content\/uploads\/2023\/12\/417503323_10220428097691986_2396478837687986858_n-1536x1147.jpg 1536w, https:\/\/zlp-krakow.pl\/wp-content\/uploads\/2023\/12\/417503323_10220428097691986_2396478837687986858_n-940x702.jpg 940w, https:\/\/zlp-krakow.pl\/wp-content\/uploads\/2023\/12\/417503323_10220428097691986_2396478837687986858_n.jpg 2048w\" sizes=\"auto, (max-width: 300px) 100vw, 300px\" \/><\/a><a href=\"https:\/\/zlp-krakow.pl\/wp-content\/uploads\/2023\/12\/418171497_10220428098772013_7116214347690231067_n.jpg\"><img loading=\"lazy\" decoding=\"async\" class=\"alignnone size-medium wp-image-6294\" src=\"https:\/\/zlp-krakow.pl\/wp-content\/uploads\/2023\/12\/418171497_10220428098772013_7116214347690231067_n-300x202.jpg\" alt=\"\" width=\"300\" height=\"202\" srcset=\"https:\/\/zlp-krakow.pl\/wp-content\/uploads\/2023\/12\/418171497_10220428098772013_7116214347690231067_n-300x202.jpg 300w, https:\/\/zlp-krakow.pl\/wp-content\/uploads\/2023\/12\/418171497_10220428098772013_7116214347690231067_n-1024x690.jpg 1024w, https:\/\/zlp-krakow.pl\/wp-content\/uploads\/2023\/12\/418171497_10220428098772013_7116214347690231067_n-768x518.jpg 768w, https:\/\/zlp-krakow.pl\/wp-content\/uploads\/2023\/12\/418171497_10220428098772013_7116214347690231067_n-1536x1035.jpg 1536w, https:\/\/zlp-krakow.pl\/wp-content\/uploads\/2023\/12\/418171497_10220428098772013_7116214347690231067_n-940x633.jpg 940w, https:\/\/zlp-krakow.pl\/wp-content\/uploads\/2023\/12\/418171497_10220428098772013_7116214347690231067_n.jpg 2048w\" sizes=\"auto, (max-width: 300px) 100vw, 300px\" \/><\/a><\/p>\n<p>Foto: Maria Le\u017ca\u0144ska<\/p>\n<hr \/>\n<p><span style=\"font-size: 12pt;\"><strong>SPOTKANIE Z MISTRZEM PUENTY<\/strong><\/span><\/p>\n<div><\/div>\n<div><strong>Cz\u0142owiek, dobry cz\u0142owiek<\/strong><\/div>\n<p><strong>\u00a0<\/strong><\/p>\n<div>Ma dwie r\u0119ce dwie nogi<\/div>\n<div>I ko\u015b\u0107 ogonow\u0105<\/div>\n<div>Nazywa siebie cz\u0142owiekiem<\/div>\n<p>&nbsp;<\/p>\n<div>Rozwi\u0105zuje krzy\u017c\u00f3wki<\/div>\n<div>Je no\u017cem i widelcem<\/div>\n<div>Nazywa siebie cz\u0142owiekiem my\u015bl\u0105cym<\/div>\n<p>&nbsp;<\/p>\n<div>Nie mo\u017ce patrze\u0107 na z\u0142o<\/div>\n<div>Na jego widok przechodzi<\/div>\n<div>Na drug\u0105 stron\u0119 ulicy<\/div>\n<p>&nbsp;<\/p>\n<div>Nazywa siebie<\/div>\n<div>Dobrym cz\u0142owiekiem<\/div>\n<p>&nbsp;<\/p>\n<div style=\"text-align: justify;\">Wiersz, od kt\u00f3rego rozpocz\u0119\u0142am relacj\u0119 ze spotkania literackiego w Klubie Dziennikarzy Pod gruszk\u0105 we wtorek 30.01.2024 zosta\u0142 napisany przez Ryszarda <em>Sidora<\/em> Sidorkiewicza, bohatera wieczoru. Osob\u0105 prowadz\u0105ca spotkanie a r\u00f3wnocze\u015bnie odpowiedzialn\u0105 za muzyczne przerywniki by\u0142 Robert Marcinkowski. Na stoliku le\u017ca\u0142y dwa ostatnie tomiki poezji \u2013 \u201eWiersze rozproszone\u201d z obrazem \u201e\u015alepcy\u201d Pietera Bruegla na ok\u0142adce i \u201eTyle w nas niepogody\u201d z obrazem \u201eDeszczowy dzie\u0144\u201d Paula Klee. Ryszard \u201eSidor\u201d Sidorkiewicz mieszka w Olsztynie jurajskim w Ma\u0142opolsce. Pisze wiersze od 1978 roku i publikuje w wielu czasopismach, antologiach, almanachach oraz w formie tomik\u00f3w. Bra\u0142 i bierze udzia\u0142 w wielu konkursach zdobywaj\u0105c liczne nagrody. Za swoj\u0105 dzia\u0142alno\u015b\u0107 popularyzatork\u0105 i tw\u00f3rcz\u0105 otrzyma\u0142 wiele wyr\u00f3\u017cnie\u0144 i odznacze\u0144. Panowie rozmawiali o tw\u00f3rczo\u015bci poetyckiej \u2013 pad\u0142o pytanie, dlaczego piszemy wiersze, jakie wiersze preferuje nasz dzisiejszy bohater \u2013 rymowane czy bez rym\u00f3w, co stanowi inspiracj\u0119. Pytanie o form\u0119 wiersza by\u0142o o tyle ciekawe, \u017ce w tomikach Ryszarda \u201eSidora\u201d Sidorkiewicza s\u0105 wiersze bia\u0142e i wiersze rymowane, a autor przyzna\u0142, \u017ce dla niego nie stanowi to problemu. Po kr\u00f3tkiej rozmowie Robert Marcinkowski zapowiada\u0142 &#8211; no to przejd\u017amy od teorii do praktyki i panowie czytali na zmian\u0119 wiersze z obydwu tomik\u00f3w. Po przeczytaniu porcji wierszy nast\u0119powa\u0142y muzyczne przerywniki, czyli piosenki z akompaniamentem gitary do s\u0142\u00f3w znanych i mniej znanych autor\u00f3w, kt\u00f3re wykona\u0142 Robert Marcinkowski. To, co najbardziej przykuwa\u0142o uwag\u0119 s\u0142uchaj\u0105cych to puenty wierszy, kt\u00f3re cz\u0119sto s\u0105 przewrotne i niespodziewane. Powoduj\u0105, \u017ce wiersz pozornie lekki nagle robi si\u0119 refleksyjny, zmuszaj\u0105cy do analizy i przemy\u015ble\u0144. Na koniec mojej relacji chcia\u0142abym przytoczy\u0107 wiersz, kt\u00f3ry dla mnie jest przyk\u0142adem tej umiej\u0119tno\u015bci autora.<\/div>\n<div><strong>\u00a0<\/strong><\/div>\n<div><strong>Pro\u015bba<\/strong><\/div>\n<p><strong>\u00a0<\/strong><\/p>\n<div>Zamknij drzwi<\/div>\n<div>Kiedy wstan\u0119 i wyjd\u0119<\/div>\n<div>By nigdy nie wr\u00f3ci\u0107<\/div>\n<p>&nbsp;<\/p>\n<div>Zatrza\u015bnij zarygluj<\/div>\n<div>Uwi\u0105\u017c na \u0142a\u0144cuchach<\/div>\n<p>&nbsp;<\/p>\n<div>Bo mog\u0119 si\u0119 rozmy\u015bli\u0107<\/div>\n<div>Mog\u0119 zmieni\u0107 zdanie<\/div>\n<div>Wi\u0119c zamknij za mn\u0105 drzwi<\/div>\n<p>&nbsp;<\/p>\n<div>Lecz na wszelki wypadek<\/div>\n<div>Nie domykaj<\/div>\n<div>Okna.<\/div>\n<p>&nbsp;<\/p>\n<div>Anna Pituch-Noworolska<\/div>\n<div><\/div>\n","protected":false},"excerpt":{"rendered":"<p>Foto: Maria Le\u017ca\u0144ska SPOTKANIE Z MISTRZEM PUENTY Cz\u0142owiek, dobry cz\u0142owiek \u00a0 Ma dwie r\u0119ce dwie nogi I ko\u015b\u0107 ogonow\u0105 Nazywa siebie cz\u0142owiekiem &nbsp; Rozwi\u0105zuje krzy\u017c\u00f3wki Je no\u017cem i widelcem Nazywa siebie cz\u0142owiekiem my\u015bl\u0105cym &nbsp; Nie mo\u017ce patrze\u0107 na z\u0142o Na &#8230; <a class=\"more-link\" href=\"https:\/\/zlp-krakow.pl\/?p=6248\">Read More &raquo;<\/a><\/p>\n","protected":false},"author":3,"featured_media":0,"comment_status":"closed","ping_status":"open","sticky":false,"template":"","format":"image","meta":{"footnotes":""},"categories":[12,13],"tags":[],"class_list":["post-6248","post","type-post","status-publish","format-image","hentry","category-aktualnosci","category-zaproszenia","post_format-post-format-image"],"_links":{"self":[{"href":"https:\/\/zlp-krakow.pl\/index.php?rest_route=\/wp\/v2\/posts\/6248","targetHints":{"allow":["GET"]}}],"collection":[{"href":"https:\/\/zlp-krakow.pl\/index.php?rest_route=\/wp\/v2\/posts"}],"about":[{"href":"https:\/\/zlp-krakow.pl\/index.php?rest_route=\/wp\/v2\/types\/post"}],"author":[{"embeddable":true,"href":"https:\/\/zlp-krakow.pl\/index.php?rest_route=\/wp\/v2\/users\/3"}],"replies":[{"embeddable":true,"href":"https:\/\/zlp-krakow.pl\/index.php?rest_route=%2Fwp%2Fv2%2Fcomments&post=6248"}],"version-history":[{"count":5,"href":"https:\/\/zlp-krakow.pl\/index.php?rest_route=\/wp\/v2\/posts\/6248\/revisions"}],"predecessor-version":[{"id":6297,"href":"https:\/\/zlp-krakow.pl\/index.php?rest_route=\/wp\/v2\/posts\/6248\/revisions\/6297"}],"wp:attachment":[{"href":"https:\/\/zlp-krakow.pl\/index.php?rest_route=%2Fwp%2Fv2%2Fmedia&parent=6248"}],"wp:term":[{"taxonomy":"category","embeddable":true,"href":"https:\/\/zlp-krakow.pl\/index.php?rest_route=%2Fwp%2Fv2%2Fcategories&post=6248"},{"taxonomy":"post_tag","embeddable":true,"href":"https:\/\/zlp-krakow.pl\/index.php?rest_route=%2Fwp%2Fv2%2Ftags&post=6248"}],"curies":[{"name":"wp","href":"https:\/\/api.w.org\/{rel}","templated":true}]}}