{"id":5142,"date":"2021-10-25T13:04:27","date_gmt":"2021-10-25T11:04:27","guid":{"rendered":"http:\/\/zlp-krakow.pl\/?p=5142"},"modified":"2021-10-27T10:10:57","modified_gmt":"2021-10-27T08:10:57","slug":"urodziny-alicji-tanew-nowohuckie-centrum-kultury-24-pazdziernika-2021-r","status":"publish","type":"post","link":"https:\/\/zlp-krakow.pl\/?p=5142","title":{"rendered":"Urodziny Alicji Tanew, Nowohuckie Centrum Kultury, 24 pa\u017adziernika 2021 r."},"content":{"rendered":"<p><a href=\"https:\/\/zlp-krakow.pl\/wp-content\/uploads\/2021\/10\/DSC05615-scaled.jpg\"><img loading=\"lazy\" decoding=\"async\" class=\"alignnone wp-image-5143 size-thumbnail\" src=\"https:\/\/zlp-krakow.pl\/wp-content\/uploads\/2021\/10\/DSC05615-150x150.jpg\" alt=\"\" width=\"150\" height=\"150\" \/><\/a><a href=\"https:\/\/zlp-krakow.pl\/wp-content\/uploads\/2021\/10\/DSC05616-scaled.jpg\"><img loading=\"lazy\" decoding=\"async\" class=\"alignnone wp-image-5144 size-thumbnail\" src=\"https:\/\/zlp-krakow.pl\/wp-content\/uploads\/2021\/10\/DSC05616-150x150.jpg\" alt=\"\" width=\"150\" height=\"150\" \/><\/a><a href=\"https:\/\/zlp-krakow.pl\/wp-content\/uploads\/2021\/10\/DSC05620a.jpg\"><img loading=\"lazy\" decoding=\"async\" class=\"alignnone wp-image-5145 size-thumbnail\" src=\"https:\/\/zlp-krakow.pl\/wp-content\/uploads\/2021\/10\/DSC05620a-150x150.jpg\" alt=\"\" width=\"150\" height=\"150\" \/><\/a><a href=\"https:\/\/zlp-krakow.pl\/wp-content\/uploads\/2021\/10\/DSC05623-scaled.jpg\"><img loading=\"lazy\" decoding=\"async\" class=\"alignnone wp-image-5146 size-thumbnail\" src=\"https:\/\/zlp-krakow.pl\/wp-content\/uploads\/2021\/10\/DSC05623-150x150.jpg\" alt=\"\" width=\"150\" height=\"150\" \/><\/a><a href=\"https:\/\/zlp-krakow.pl\/wp-content\/uploads\/2021\/10\/DSC05624a.jpg\"><img loading=\"lazy\" decoding=\"async\" class=\"alignnone wp-image-5147 size-thumbnail\" src=\"https:\/\/zlp-krakow.pl\/wp-content\/uploads\/2021\/10\/DSC05624a-150x150.jpg\" alt=\"\" width=\"150\" height=\"150\" \/><\/a><a href=\"https:\/\/zlp-krakow.pl\/wp-content\/uploads\/2021\/10\/DSC05629a.jpg\"><img loading=\"lazy\" decoding=\"async\" class=\"alignnone wp-image-5148 size-thumbnail\" src=\"https:\/\/zlp-krakow.pl\/wp-content\/uploads\/2021\/10\/DSC05629a-150x150.jpg\" alt=\"\" width=\"150\" height=\"150\" \/><\/a><a href=\"https:\/\/zlp-krakow.pl\/wp-content\/uploads\/2021\/10\/DSC05632-scaled.jpg\"><img loading=\"lazy\" decoding=\"async\" class=\"alignnone wp-image-5149 size-thumbnail\" src=\"https:\/\/zlp-krakow.pl\/wp-content\/uploads\/2021\/10\/DSC05632-150x150.jpg\" alt=\"\" width=\"150\" height=\"150\" \/><\/a><a href=\"https:\/\/zlp-krakow.pl\/wp-content\/uploads\/2021\/10\/DSC05635-scaled.jpg\"><img loading=\"lazy\" decoding=\"async\" class=\"alignnone wp-image-5150 size-thumbnail\" src=\"https:\/\/zlp-krakow.pl\/wp-content\/uploads\/2021\/10\/DSC05635-150x150.jpg\" alt=\"\" width=\"150\" height=\"150\" \/><\/a><a href=\"https:\/\/zlp-krakow.pl\/wp-content\/uploads\/2021\/10\/DSC05638a.jpg\"><img loading=\"lazy\" decoding=\"async\" class=\"alignnone wp-image-5151 size-thumbnail\" src=\"https:\/\/zlp-krakow.pl\/wp-content\/uploads\/2021\/10\/DSC05638a-150x150.jpg\" alt=\"\" width=\"150\" height=\"150\" \/><\/a><a href=\"https:\/\/zlp-krakow.pl\/wp-content\/uploads\/2021\/10\/DSC05648a.jpg\"><img loading=\"lazy\" decoding=\"async\" class=\"alignnone wp-image-5152 size-thumbnail\" src=\"https:\/\/zlp-krakow.pl\/wp-content\/uploads\/2021\/10\/DSC05648a-150x150.jpg\" alt=\"\" width=\"150\" height=\"150\" \/><\/a><a href=\"https:\/\/zlp-krakow.pl\/wp-content\/uploads\/2021\/10\/DSC05665a.jpg\"><img loading=\"lazy\" decoding=\"async\" class=\"alignnone wp-image-5153 size-thumbnail\" src=\"https:\/\/zlp-krakow.pl\/wp-content\/uploads\/2021\/10\/DSC05665a-150x150.jpg\" alt=\"\" width=\"150\" height=\"150\" \/><\/a><a href=\"https:\/\/zlp-krakow.pl\/wp-content\/uploads\/2021\/10\/DSC05666b-scaled.jpg\"><img loading=\"lazy\" decoding=\"async\" class=\"alignnone wp-image-5154 size-thumbnail\" src=\"https:\/\/zlp-krakow.pl\/wp-content\/uploads\/2021\/10\/DSC05666b-150x150.jpg\" alt=\"\" width=\"150\" height=\"150\" \/><\/a><\/p>\n<hr \/>\n<p><strong>Urodziny Alicji Tanew<\/strong><\/p>\n<p style=\"text-align: justify;\">W niedziel\u0119 wieczorem rozpocz\u0119\u0142y si\u0119 urodziny Alicji Tanew w Sali widowiskowej Nowohuckiego Centrum Kultury. By\u0142y to szczeg\u00f3lne urodziny bo 80-te. Sala by\u0142a wype\u0142niona do ostatniego miejsca. Na scenie kwiaty w wielkim koszu i fotel dla solenizantki. Alicja wkroczy\u0142a w pi\u0119knej, d\u0142ugiej, faluj\u0105cej z\u0142otej sukni. I tak rozpocz\u0119\u0142o si\u0119 to niezwyk\u0142e widowisko. Na pocz\u0105tek zosta\u0142y odczytane \u017cyczenia od prezydenta miasta Krakowa \u2013 prof. Jacka Majchrowskiego. A potem g\u0142os zabra\u0142a Alicja i opowiada\u0142a o przyjacio\u0142ach, dzieci\u0144stwie, miastach w kt\u00f3rych mieszka\u0142a, szczeg\u00f3lnie o Bystrzycy, gdzie min\u0119\u0142o jej dzieci\u0144stwo. Wspomnienia \u00a0by\u0142y przeplatane jej w\u0142asnymi piosenkami i wierszami. \u015apiewa\u0142a swoje teksty graj\u0105c na fortepianie z akompaniamentem skrzypiec. Ale zgodnie ze scenariuszem, wi\u0119kszo\u015b\u0107 piosenek jej autorstwa, a tak\u017ce napisanych przez innych autor\u00f3w \u015bpiewali wywo\u0142ywani przez ni\u0105 go\u015bcie m.in. Alicja Jazgar, zesp\u00f3\u0142 Porfirion, Skaldowie, Robert Marcinkowski, aktorzy krakowskich teatr\u00f3w, Makino. Przybywa\u0142o kwiat\u00f3w, prezent\u00f3w, dobrych i serdecznych \u017cycze\u0144 i podzi\u0119kowa\u0144 za lata na scenie, za tw\u00f3rczo\u015b\u0107 poetyck\u0105, za piosenki, kt\u00f3rych by\u0142o tyle, \u017ce Alicja nie potrafi\u0142a poda\u0107 ich konkretnej liczby. \u017byczenia by\u0142y cz\u0119sto wierszowane, a jedne z nich napisane pi\u0119kn\u0105 g\u00f3ralsk\u0105 gwar\u0105 przez Wand\u0119 \u0141omnick\u0105-Dulak. Alicja opowiada\u0142a r\u00f3wnie\u017c o audycjach radiowych, s\u0142uchowiskach, wywiadach, tw\u00f3rczo\u015bci dla dzieci. I tak min\u0119\u0142y ponad dwie godziny spektaklu. Na koniec zabrzmia\u0142o \u201eSto lat\u201d, a na scen\u0119 weszli wszyscy wykonawcy i trzy c\u00f3rki Alicji z dw\u00f3jk\u0105 wnuk\u00f3w.<\/p>\n<p style=\"text-align: justify;\">Alicja Tanew jest z wykszta\u0142cenia prawnikiem, a zaw\u00f3d radcy prawnego wykonywa\u0142a wiele lat. Ale najbardziej jest znana z tw\u00f3rczo\u015bci poetycko-piosenkarskiej i w\u0142asnego teatru Scena \u201eAta\u201d, w kt\u00f3rym prowadzi wieczory autorskie, spektakle i spotkania poetyckie. Scena \u201eAta\u201d ma sw\u00f3j klimat i wszyscy wspominali nastr\u00f3j, jaki tam panuje, atmosfer\u0119 tworzon\u0105 przez gospodyni\u0119 tej sceny. W\u015br\u00f3d \u017cycze\u0144, jakie pada\u0142y ze sceny, powtarza\u0142o si\u0119 r\u00f3wnie\u017c i to, aby Scena \u201eAta\u201d zn\u00f3w o\u017cy\u0142a, bo z powod\u00f3w zdrowotnych Alicja przez chwil\u0119 zawiesi\u0142a jej dzia\u0142alno\u015b\u0107. Uroczysto\u015b\u0107 zako\u0144czy\u0142o zaproszenie na tort i wino. I z opowie\u015bci wiem, \u017ce ci\u0105g dalszy urodzin trwa\u0142 do p\u00f3\u0142nocy.<\/p>\n<p style=\"text-align: justify;\">Alicjo \u2013 \u017cyczymy Ci zdrowia, u\u015bmiechu, nadziei dobrych oraz dalszej wspania\u0142ej tw\u00f3rczo\u015bci.<\/p>\n<p>Anna Pituch-Noworolska<\/p>\n<p>Krakowski Oddzia\u0142 Zwi\u0105zku Literat\u00f3w Polskich<\/p>\n","protected":false},"excerpt":{"rendered":"<p>Urodziny Alicji Tanew W niedziel\u0119 wieczorem rozpocz\u0119\u0142y si\u0119 urodziny Alicji Tanew w Sali widowiskowej Nowohuckiego Centrum Kultury. By\u0142y to szczeg\u00f3lne urodziny bo 80-te. Sala by\u0142a wype\u0142niona do ostatniego miejsca. Na scenie kwiaty w wielkim koszu i fotel dla solenizantki. Alicja &#8230; <a class=\"more-link\" href=\"https:\/\/zlp-krakow.pl\/?p=5142\">Read More &raquo;<\/a><\/p>\n","protected":false},"author":3,"featured_media":0,"comment_status":"closed","ping_status":"open","sticky":false,"template":"","format":"image","meta":{"footnotes":""},"categories":[12],"tags":[],"class_list":["post-5142","post","type-post","status-publish","format-image","hentry","category-aktualnosci","post_format-post-format-image"],"_links":{"self":[{"href":"https:\/\/zlp-krakow.pl\/index.php?rest_route=\/wp\/v2\/posts\/5142","targetHints":{"allow":["GET"]}}],"collection":[{"href":"https:\/\/zlp-krakow.pl\/index.php?rest_route=\/wp\/v2\/posts"}],"about":[{"href":"https:\/\/zlp-krakow.pl\/index.php?rest_route=\/wp\/v2\/types\/post"}],"author":[{"embeddable":true,"href":"https:\/\/zlp-krakow.pl\/index.php?rest_route=\/wp\/v2\/users\/3"}],"replies":[{"embeddable":true,"href":"https:\/\/zlp-krakow.pl\/index.php?rest_route=%2Fwp%2Fv2%2Fcomments&post=5142"}],"version-history":[{"count":1,"href":"https:\/\/zlp-krakow.pl\/index.php?rest_route=\/wp\/v2\/posts\/5142\/revisions"}],"predecessor-version":[{"id":5155,"href":"https:\/\/zlp-krakow.pl\/index.php?rest_route=\/wp\/v2\/posts\/5142\/revisions\/5155"}],"wp:attachment":[{"href":"https:\/\/zlp-krakow.pl\/index.php?rest_route=%2Fwp%2Fv2%2Fmedia&parent=5142"}],"wp:term":[{"taxonomy":"category","embeddable":true,"href":"https:\/\/zlp-krakow.pl\/index.php?rest_route=%2Fwp%2Fv2%2Fcategories&post=5142"},{"taxonomy":"post_tag","embeddable":true,"href":"https:\/\/zlp-krakow.pl\/index.php?rest_route=%2Fwp%2Fv2%2Ftags&post=5142"}],"curies":[{"name":"wp","href":"https:\/\/api.w.org\/{rel}","templated":true}]}}