{"id":5056,"date":"2021-10-12T11:03:17","date_gmt":"2021-10-12T09:03:17","guid":{"rendered":"http:\/\/zlp-krakow.pl\/?p=5056"},"modified":"2021-10-29T10:39:46","modified_gmt":"2021-10-29T08:39:46","slug":"wieczor-autorski-marka-wawrzkiewicza-klub-dziennikarzy-pod-gruszka-26-pazdziernika-godz-18-00","status":"publish","type":"post","link":"https:\/\/zlp-krakow.pl\/?p=5056","title":{"rendered":"Wiecz\u00f3r autorski Marka Wawrzkiewicza, Klub Dziennikarzy Pod Gruszk\u0105, 26 pa\u017adziernika, godz. 18.00"},"content":{"rendered":"<p><a href=\"https:\/\/zlp-krakow.pl\/wp-content\/uploads\/2021\/10\/M.-Wawrzkiewicz-wieczor-autorski-scaled.jpg\"><img loading=\"lazy\" decoding=\"async\" class=\"alignnone wp-image-5096\" src=\"https:\/\/zlp-krakow.pl\/wp-content\/uploads\/2021\/10\/M.-Wawrzkiewicz-wieczor-autorski-295x300.jpg\" alt=\"\" width=\"440\" height=\"448\" srcset=\"https:\/\/zlp-krakow.pl\/wp-content\/uploads\/2021\/10\/M.-Wawrzkiewicz-wieczor-autorski-295x300.jpg 295w, https:\/\/zlp-krakow.pl\/wp-content\/uploads\/2021\/10\/M.-Wawrzkiewicz-wieczor-autorski-1006x1024.jpg 1006w, https:\/\/zlp-krakow.pl\/wp-content\/uploads\/2021\/10\/M.-Wawrzkiewicz-wieczor-autorski-768x782.jpg 768w, https:\/\/zlp-krakow.pl\/wp-content\/uploads\/2021\/10\/M.-Wawrzkiewicz-wieczor-autorski-1509x1536.jpg 1509w, https:\/\/zlp-krakow.pl\/wp-content\/uploads\/2021\/10\/M.-Wawrzkiewicz-wieczor-autorski-2011x2048.jpg 2011w, https:\/\/zlp-krakow.pl\/wp-content\/uploads\/2021\/10\/M.-Wawrzkiewicz-wieczor-autorski-940x957.jpg 940w\" sizes=\"auto, (max-width: 440px) 100vw, 440px\" \/><\/a><\/p>\n<hr \/>\n<p><a href=\"https:\/\/zlp-krakow.pl\/wp-content\/uploads\/2021\/10\/AWA_4859.jpg\"><img loading=\"lazy\" decoding=\"async\" class=\"alignnone wp-image-5160 size-thumbnail\" src=\"https:\/\/zlp-krakow.pl\/wp-content\/uploads\/2021\/10\/AWA_4859-150x150.jpg\" alt=\"\" width=\"150\" height=\"150\" \/><\/a><a href=\"https:\/\/zlp-krakow.pl\/wp-content\/uploads\/2021\/10\/AWA_4860.jpg\"><img loading=\"lazy\" decoding=\"async\" class=\"alignnone wp-image-5161 size-thumbnail\" src=\"https:\/\/zlp-krakow.pl\/wp-content\/uploads\/2021\/10\/AWA_4860-150x150.jpg\" alt=\"\" width=\"150\" height=\"150\" \/><\/a><a href=\"https:\/\/zlp-krakow.pl\/wp-content\/uploads\/2021\/10\/AWA_4861.jpg\"><img loading=\"lazy\" decoding=\"async\" class=\"alignnone wp-image-5162 size-thumbnail\" src=\"https:\/\/zlp-krakow.pl\/wp-content\/uploads\/2021\/10\/AWA_4861-150x150.jpg\" alt=\"\" width=\"150\" height=\"150\" \/><\/a><a href=\"https:\/\/zlp-krakow.pl\/wp-content\/uploads\/2021\/10\/AWA_4863.jpg\"><img loading=\"lazy\" decoding=\"async\" class=\"alignnone wp-image-5163 size-thumbnail\" src=\"https:\/\/zlp-krakow.pl\/wp-content\/uploads\/2021\/10\/AWA_4863-150x150.jpg\" alt=\"\" width=\"150\" height=\"150\" \/><\/a><\/p>\n<p><a href=\"https:\/\/zlp-krakow.pl\/wp-content\/uploads\/2021\/10\/AWA_4864.jpg\"><img loading=\"lazy\" decoding=\"async\" class=\"alignnone wp-image-5164 size-thumbnail\" src=\"https:\/\/zlp-krakow.pl\/wp-content\/uploads\/2021\/10\/AWA_4864-150x150.jpg\" alt=\"\" width=\"150\" height=\"150\" \/><\/a><a href=\"https:\/\/zlp-krakow.pl\/wp-content\/uploads\/2021\/10\/AWA_4867.jpg\"><img loading=\"lazy\" decoding=\"async\" class=\"alignnone wp-image-5165 size-thumbnail\" src=\"https:\/\/zlp-krakow.pl\/wp-content\/uploads\/2021\/10\/AWA_4867-150x150.jpg\" alt=\"\" width=\"150\" height=\"150\" \/><\/a><a href=\"https:\/\/zlp-krakow.pl\/wp-content\/uploads\/2021\/10\/AWA_4869.jpg\"><img loading=\"lazy\" decoding=\"async\" class=\"alignnone wp-image-5166 size-thumbnail\" src=\"https:\/\/zlp-krakow.pl\/wp-content\/uploads\/2021\/10\/AWA_4869-150x150.jpg\" alt=\"\" width=\"150\" height=\"150\" \/><\/a><a href=\"https:\/\/zlp-krakow.pl\/wp-content\/uploads\/2021\/10\/AWA_4872.jpg\"><img loading=\"lazy\" decoding=\"async\" class=\"alignnone wp-image-5167 size-thumbnail\" src=\"https:\/\/zlp-krakow.pl\/wp-content\/uploads\/2021\/10\/AWA_4872-150x150.jpg\" alt=\"\" width=\"150\" height=\"150\" \/><\/a><a href=\"https:\/\/zlp-krakow.pl\/wp-content\/uploads\/2021\/10\/AWA_4875.jpg\"><img loading=\"lazy\" decoding=\"async\" class=\"alignnone wp-image-5168 size-thumbnail\" src=\"https:\/\/zlp-krakow.pl\/wp-content\/uploads\/2021\/10\/AWA_4875-150x150.jpg\" alt=\"\" width=\"150\" height=\"150\" \/><\/a><a href=\"https:\/\/zlp-krakow.pl\/wp-content\/uploads\/2021\/10\/AWA_4877.jpg\"><img loading=\"lazy\" decoding=\"async\" class=\"alignnone wp-image-5169 size-thumbnail\" src=\"https:\/\/zlp-krakow.pl\/wp-content\/uploads\/2021\/10\/AWA_4877-150x150.jpg\" alt=\"\" width=\"150\" height=\"150\" \/><\/a><a href=\"https:\/\/zlp-krakow.pl\/wp-content\/uploads\/2021\/10\/AWA_4881.jpg\"><img loading=\"lazy\" decoding=\"async\" class=\"alignnone wp-image-5171 size-thumbnail\" src=\"https:\/\/zlp-krakow.pl\/wp-content\/uploads\/2021\/10\/AWA_4881-150x150.jpg\" alt=\"\" width=\"150\" height=\"150\" \/><\/a><a href=\"https:\/\/zlp-krakow.pl\/wp-content\/uploads\/2021\/10\/AWA_4880.jpg\"><img loading=\"lazy\" decoding=\"async\" class=\"alignnone wp-image-5170 size-thumbnail\" src=\"https:\/\/zlp-krakow.pl\/wp-content\/uploads\/2021\/10\/AWA_4880-150x150.jpg\" alt=\"\" width=\"150\" height=\"150\" \/><\/a><a href=\"https:\/\/zlp-krakow.pl\/wp-content\/uploads\/2021\/10\/AWA_4883.jpg\"><img loading=\"lazy\" decoding=\"async\" class=\"alignnone wp-image-5172 size-thumbnail\" src=\"https:\/\/zlp-krakow.pl\/wp-content\/uploads\/2021\/10\/AWA_4883-150x150.jpg\" alt=\"\" width=\"150\" height=\"150\" \/><\/a><a href=\"https:\/\/zlp-krakow.pl\/wp-content\/uploads\/2021\/10\/AWA_4887.jpg\"><img loading=\"lazy\" decoding=\"async\" class=\"alignnone wp-image-5173 size-thumbnail\" src=\"https:\/\/zlp-krakow.pl\/wp-content\/uploads\/2021\/10\/AWA_4887-150x150.jpg\" alt=\"\" width=\"150\" height=\"150\" \/><\/a><a href=\"https:\/\/zlp-krakow.pl\/wp-content\/uploads\/2021\/10\/AWA_4891.jpg\"><img loading=\"lazy\" decoding=\"async\" class=\"alignnone wp-image-5174 size-thumbnail\" src=\"https:\/\/zlp-krakow.pl\/wp-content\/uploads\/2021\/10\/AWA_4891-150x150.jpg\" alt=\"\" width=\"150\" height=\"150\" \/><\/a><a href=\"https:\/\/zlp-krakow.pl\/wp-content\/uploads\/2021\/10\/AWA_4893.jpg\"><img loading=\"lazy\" decoding=\"async\" class=\"alignnone wp-image-5175 size-thumbnail\" src=\"https:\/\/zlp-krakow.pl\/wp-content\/uploads\/2021\/10\/AWA_4893-150x150.jpg\" alt=\"\" width=\"150\" height=\"150\" \/><\/a><a href=\"https:\/\/zlp-krakow.pl\/wp-content\/uploads\/2021\/10\/AWA_4895.jpg\"><img loading=\"lazy\" decoding=\"async\" class=\"alignnone wp-image-5177 size-thumbnail\" src=\"https:\/\/zlp-krakow.pl\/wp-content\/uploads\/2021\/10\/AWA_4895-150x150.jpg\" alt=\"\" width=\"150\" height=\"150\" \/><\/a><a href=\"https:\/\/zlp-krakow.pl\/wp-content\/uploads\/2021\/10\/AWA_4893.jpg\"><img loading=\"lazy\" decoding=\"async\" class=\"alignnone wp-image-5175 size-thumbnail\" src=\"https:\/\/zlp-krakow.pl\/wp-content\/uploads\/2021\/10\/AWA_4893-150x150.jpg\" alt=\"\" width=\"150\" height=\"150\" \/><\/a><a href=\"https:\/\/zlp-krakow.pl\/wp-content\/uploads\/2021\/10\/AWA_4896.jpg\"><img loading=\"lazy\" decoding=\"async\" class=\"alignnone wp-image-5178 size-thumbnail\" src=\"https:\/\/zlp-krakow.pl\/wp-content\/uploads\/2021\/10\/AWA_4896-150x150.jpg\" alt=\"\" width=\"150\" height=\"150\" \/><\/a><a href=\"https:\/\/zlp-krakow.pl\/wp-content\/uploads\/2021\/10\/AWA_4897.jpg\"><img loading=\"lazy\" decoding=\"async\" class=\"alignnone wp-image-5179 size-thumbnail\" src=\"https:\/\/zlp-krakow.pl\/wp-content\/uploads\/2021\/10\/AWA_4897-150x150.jpg\" alt=\"\" width=\"150\" height=\"150\" \/><\/a><a href=\"https:\/\/zlp-krakow.pl\/wp-content\/uploads\/2021\/10\/AWA_4898.jpg\"><img loading=\"lazy\" decoding=\"async\" class=\"alignnone wp-image-5180 size-thumbnail\" src=\"https:\/\/zlp-krakow.pl\/wp-content\/uploads\/2021\/10\/AWA_4898-150x150.jpg\" alt=\"\" width=\"150\" height=\"150\" \/><\/a><a href=\"https:\/\/zlp-krakow.pl\/wp-content\/uploads\/2021\/10\/AWA_4899.jpg\"><img loading=\"lazy\" decoding=\"async\" class=\"alignnone wp-image-5181 size-thumbnail\" src=\"https:\/\/zlp-krakow.pl\/wp-content\/uploads\/2021\/10\/AWA_4899-150x150.jpg\" alt=\"\" width=\"150\" height=\"150\" \/><\/a><a href=\"https:\/\/zlp-krakow.pl\/wp-content\/uploads\/2021\/10\/AWA_4900.jpg\"><img loading=\"lazy\" decoding=\"async\" class=\"alignnone wp-image-5182 size-thumbnail\" src=\"https:\/\/zlp-krakow.pl\/wp-content\/uploads\/2021\/10\/AWA_4900-150x150.jpg\" alt=\"\" width=\"150\" height=\"150\" \/><\/a><a href=\"https:\/\/zlp-krakow.pl\/wp-content\/uploads\/2021\/10\/AWA_4901.jpg\"><img loading=\"lazy\" decoding=\"async\" class=\"alignnone wp-image-5183 size-thumbnail\" src=\"https:\/\/zlp-krakow.pl\/wp-content\/uploads\/2021\/10\/AWA_4901-150x150.jpg\" alt=\"\" width=\"150\" height=\"150\" \/><\/a><a href=\"https:\/\/zlp-krakow.pl\/wp-content\/uploads\/2021\/10\/AWA_4902.jpg\"><img loading=\"lazy\" decoding=\"async\" class=\"alignnone wp-image-5184 size-thumbnail\" src=\"https:\/\/zlp-krakow.pl\/wp-content\/uploads\/2021\/10\/AWA_4902-150x150.jpg\" alt=\"\" width=\"150\" height=\"150\" \/><\/a><a href=\"https:\/\/zlp-krakow.pl\/wp-content\/uploads\/2021\/10\/AWA_4904.jpg\"><img loading=\"lazy\" decoding=\"async\" class=\"alignnone wp-image-5185 size-thumbnail\" src=\"https:\/\/zlp-krakow.pl\/wp-content\/uploads\/2021\/10\/AWA_4904-150x150.jpg\" alt=\"\" width=\"150\" height=\"150\" \/><\/a><a href=\"https:\/\/zlp-krakow.pl\/wp-content\/uploads\/2021\/10\/AWA_4908.jpg\"><img loading=\"lazy\" decoding=\"async\" class=\"alignnone wp-image-5186 size-thumbnail\" src=\"https:\/\/zlp-krakow.pl\/wp-content\/uploads\/2021\/10\/AWA_4908-150x150.jpg\" alt=\"\" width=\"150\" height=\"150\" \/><\/a><a href=\"https:\/\/zlp-krakow.pl\/wp-content\/uploads\/2021\/10\/AWA_4909.jpg\"><img loading=\"lazy\" decoding=\"async\" class=\"alignnone wp-image-5187 size-thumbnail\" src=\"https:\/\/zlp-krakow.pl\/wp-content\/uploads\/2021\/10\/AWA_4909-150x150.jpg\" alt=\"\" width=\"150\" height=\"150\" \/><\/a><\/p>\n<hr \/>\n<div><strong>WIECZ\u00d3R AUTORSKI MARKA WAWRZKIEWICZA <\/strong><\/div>\n<div><strong>\u201ePiszemy wiersze, czyli sami siebie sobie t\u0142umaczymy\u201d<\/strong><\/div>\n<p>&nbsp;<\/p>\n<div style=\"text-align: justify;\">26.10.2021 odby\u0142o si\u0119 w Klubie Dziennikarzy Pod Gruszk\u0105 zapowiadane spotkanie z prezesem Zwi\u0105zku Literat\u00f3w Polskich \u2013 Markiem Wawrzkiewiczem. Spotkanie mia\u0142o tytu\u0142: \u201ePiszemy wiersze, czyli sami siebie sobie t\u0142umaczymy\u201d. Jak zwykle Gra\u017cyna Potoczek powita\u0142a wszystkich obecnych na sali oraz wyst\u0119puj\u0105cych. Kolejnym punktem programu by\u0142a niespodzianka prezesa czyli wr\u0119czenie przywiezionych przez Niego odznak ZLP dla wybranych os\u00f3b: Gra\u017cyny Potoczek wspania\u0142ego przyjaciela KO ZLP, zawsze \u017cyczliwego i pomocnego oraz nast\u0119puj\u0105cych cz\u0142onk\u00f3w Krakowskiego Oddzia\u0142u ZLP: Danuty Su\u0142kowskiej, Danuty Perier-Berskiej, Ignacego S. Fiuta, Boles\u0142awa Farona i Leszka Konarskiego. A\u00a0 po tej kr\u00f3tkiej uroczysto\u015bci rozpocz\u0119\u0142o si\u0119 w\u0142a\u015bciwe spotkanie literackie w kt\u00f3rym obydwaj panowie obecni na scenie \u2013 Marek Wawrzkiewicz i Boles\u0142aw Faron prowadzili rozmow\u0119 o literaturze, znanych literatach i historii ZLP. Marek Wawrzkiewicz przeczyta\u0142 sw\u00f3j esej po\u015bwi\u0119cony umiej\u0119tno\u015bci m\u00f3wienia \u201enie wiem\u201d, co cz\u0119sto w swoich wywiadach wykorzystywa\u0142 Stanis\u0142aw Lem. Stwierdzenie \u201enie wiem\u201d oznacza, \u017ce\u00a0 wypowiadaj\u0105cy je bardzo dobrze wie, gdzie ko\u0144czy si\u0119 jego wiedza, albo otwarto\u015b\u0107 z jak\u0105 chcemy odpowiada\u0107 na zadane pytanie, jakiej wymaga pytaj\u0105cy. Potem by\u0142y wspomnienia o Jaros\u0142awie Iwaszkiewiczu jako wieloletnim prezesie ZLP \u2013 organizacji, kt\u00f3ra wtedy by\u0142a licz\u0105cym si\u0119 g\u0142osem tw\u00f3rc\u00f3w. List\u0119 poprzednich prezes\u00f3w przypomnia\u0142 Boles\u0142aw Faron, podkre\u015blaj\u0105c, \u017ce obecnemu prezesowi jednak jeszcze brakuje kilku lat prezesury do rekordu Jaros\u0142awa Iwaszkiewicza. Z postaci wspominanych by\u0142y jeszcze anegdotyczne historie o Wojciechu \u017bukrowskim i J\u00f3zefie Ozdze Michalskim jako literatach i pos\u0142ach Sejmu. Spotkanie mia\u0142o by\u0107 poetyckie, wi\u0119c by\u0142y r\u00f3wnie\u017c wiersze zaproszonego go\u015bcia czytane przez autora. Jak podkre\u015bla\u0142 Boles\u0142aw Faron, to spotkanie nie mia\u0142o scenariusza a pytanie o scenariusz nasz go\u015b\u0107 zby\u0142 stwierdzeniem \u2013 b\u0119dzie improwizacja. I by\u0142a rzadko s\u0142yszanym dyskursem o literaturze i tw\u00f3rcach. Podobnie, jak na innych spotkaniach, by\u0142a chwila na dyskusj\u0119, g\u0142osy z sali. I tak po p\u00f3\u0142torej godzinie, w kt\u00f3rym to czasie nikt si\u0119 nie nudzi\u0142, oficjalne spotkanie zako\u0144czy\u0142o si\u0119 podzi\u0119kowaniami dla go\u015bcia. Ci\u0105g dalszy dyskusji przebiega\u0142 ju\u017c przy kawie i herbacie.<\/div>\n<p>&nbsp;<\/p>\n<div>Tekst: Anna Pituch-Noworolska<\/div>\n<div>Foto: Andrzej Walter<\/div>\n","protected":false},"excerpt":{"rendered":"<p>WIECZ\u00d3R AUTORSKI MARKA WAWRZKIEWICZA \u201ePiszemy wiersze, czyli sami siebie sobie t\u0142umaczymy\u201d &nbsp; 26.10.2021 odby\u0142o si\u0119 w Klubie Dziennikarzy Pod Gruszk\u0105 zapowiadane spotkanie z prezesem Zwi\u0105zku Literat\u00f3w Polskich \u2013 Markiem Wawrzkiewiczem. Spotkanie mia\u0142o tytu\u0142: \u201ePiszemy wiersze, czyli sami siebie sobie t\u0142umaczymy\u201d. &#8230; <a class=\"more-link\" href=\"https:\/\/zlp-krakow.pl\/?p=5056\">Read More &raquo;<\/a><\/p>\n","protected":false},"author":3,"featured_media":0,"comment_status":"closed","ping_status":"open","sticky":false,"template":"","format":"image","meta":{"footnotes":""},"categories":[12,13],"tags":[],"class_list":["post-5056","post","type-post","status-publish","format-image","hentry","category-aktualnosci","category-zaproszenia","post_format-post-format-image"],"_links":{"self":[{"href":"https:\/\/zlp-krakow.pl\/index.php?rest_route=\/wp\/v2\/posts\/5056","targetHints":{"allow":["GET"]}}],"collection":[{"href":"https:\/\/zlp-krakow.pl\/index.php?rest_route=\/wp\/v2\/posts"}],"about":[{"href":"https:\/\/zlp-krakow.pl\/index.php?rest_route=\/wp\/v2\/types\/post"}],"author":[{"embeddable":true,"href":"https:\/\/zlp-krakow.pl\/index.php?rest_route=\/wp\/v2\/users\/3"}],"replies":[{"embeddable":true,"href":"https:\/\/zlp-krakow.pl\/index.php?rest_route=%2Fwp%2Fv2%2Fcomments&post=5056"}],"version-history":[{"count":8,"href":"https:\/\/zlp-krakow.pl\/index.php?rest_route=\/wp\/v2\/posts\/5056\/revisions"}],"predecessor-version":[{"id":5189,"href":"https:\/\/zlp-krakow.pl\/index.php?rest_route=\/wp\/v2\/posts\/5056\/revisions\/5189"}],"wp:attachment":[{"href":"https:\/\/zlp-krakow.pl\/index.php?rest_route=%2Fwp%2Fv2%2Fmedia&parent=5056"}],"wp:term":[{"taxonomy":"category","embeddable":true,"href":"https:\/\/zlp-krakow.pl\/index.php?rest_route=%2Fwp%2Fv2%2Fcategories&post=5056"},{"taxonomy":"post_tag","embeddable":true,"href":"https:\/\/zlp-krakow.pl\/index.php?rest_route=%2Fwp%2Fv2%2Ftags&post=5056"}],"curies":[{"name":"wp","href":"https:\/\/api.w.org\/{rel}","templated":true}]}}