{"id":4870,"date":"2021-02-09T19:49:25","date_gmt":"2021-02-09T18:49:25","guid":{"rendered":"http:\/\/zlp-krakow.pl\/?p=4870"},"modified":"2021-02-17T11:17:50","modified_gmt":"2021-02-17T10:17:50","slug":"zmarla-jadwiga-fillman-zwierska","status":"publish","type":"post","link":"https:\/\/zlp-krakow.pl\/?p=4870","title":{"rendered":"Zmar\u0142a Jadwiga Fillman-Zwierska"},"content":{"rendered":"<p><a href=\"https:\/\/zlp-krakow.pl\/wp-content\/uploads\/2021\/02\/J.-Fillman-Zwierska.jpg\"><img loading=\"lazy\" decoding=\"async\" class=\"alignnone wp-image-4871\" src=\"https:\/\/zlp-krakow.pl\/wp-content\/uploads\/2021\/02\/J.-Fillman-Zwierska-247x300.jpg\" alt=\"\" width=\"363\" height=\"440\" srcset=\"https:\/\/zlp-krakow.pl\/wp-content\/uploads\/2021\/02\/J.-Fillman-Zwierska-247x300.jpg 247w, https:\/\/zlp-krakow.pl\/wp-content\/uploads\/2021\/02\/J.-Fillman-Zwierska-845x1024.jpg 845w, https:\/\/zlp-krakow.pl\/wp-content\/uploads\/2021\/02\/J.-Fillman-Zwierska-768x931.jpg 768w, https:\/\/zlp-krakow.pl\/wp-content\/uploads\/2021\/02\/J.-Fillman-Zwierska-1267x1536.jpg 1267w, https:\/\/zlp-krakow.pl\/wp-content\/uploads\/2021\/02\/J.-Fillman-Zwierska-940x1140.jpg 940w, https:\/\/zlp-krakow.pl\/wp-content\/uploads\/2021\/02\/J.-Fillman-Zwierska.jpg 1436w\" sizes=\"auto, (max-width: 363px) 100vw, 363px\" \/><\/a><\/p>\n<p><strong><span class=\"tytul\">Jadwiga Fillman Zwierska<\/span><\/strong><\/p>\n<p><span class=\"tekstnormal\">M\u00f3wi\u0105 o Niej \u201ePoetka dw\u00f3ch Ojczyzn\u201d<\/span><br class=\"tekstnormal\" \/><span class=\"tekstnormal\">Jadwiga Fillman-Zwierska z domu Maciaszek by\u0142a S\u0105deczank\u0105.<\/span><br class=\"tekstnormal\" \/><span class=\"tekstnormal\">Uko\u0144czy\u0142a Uniwersytety Jagiello\u0144ski. Przez d\u0142ugie lata mieszka\u0142a w U.S.A. na Florydzie ,<\/span><br class=\"tekstnormal\" \/><span class=\"tekstnormal\">gdzie aktywnie uczestniczy\u0142a w \u017cyciu Polonii. Potem mieszka\u0142a w Krakowie.<\/span><br class=\"tekstnormal\" \/><span class=\"tekstnormal\">Od r. 1987 opublikowa\u0142a nast\u0119puj\u0105ce pozycje;<\/span><br class=\"tekstnormal\" \/><span class=\"tytul\"><br \/>\n<\/span><span class=\"tekstnormal\">M\u0142y\u0144skie Ko\u0142o<\/span><br class=\"tekstbold tekstnormal\" \/><span class=\"tekstnormal\">P\u00f3ki Serce Bije <\/span><br class=\"tekstbold tekstnormal\" \/><span class=\"tekstnormal\">Smuga \u017bycia<\/span><br class=\"tekstbold tekstnormal\" \/><span class=\"tekstnormal\">Ok\u0142ama\u0142am t\u0119sknot\u0119<\/span><br class=\"tekstbold tekstnormal\" \/><span class=\"tekstnormal\">M\u00f3j Teatr<\/span><br class=\"tekstbold tekstnormal\" \/><span class=\"tekstnormal\">Rajski Sen<\/span><br class=\"tekstbold tekstnormal\" \/><span class=\"tekstnormal\">Wieczne Lato<\/span><br class=\"tekstbold tekstnormal\" \/><span class=\"tekstnormal\">Rozmowa z Odchodz\u0105cym<\/span><br class=\"tekstbold tekstnormal\" \/><span class=\"tekstnormal\">Serce Jask\u00f3\u0142ki<\/span><br class=\"tekstbold tekstnormal\" \/><span class=\"tekstnormal\">Gwiezdny wiek<\/span><br class=\"tekstbold tekstnormal\" \/><span class=\"tekstnormal\">Granice Milczenia<\/span><br class=\"tekstbold tekstnormal\" \/><span class=\"tekstnormal\">Wyb\u00f3r Wierszy w 2007 r.<\/span><br class=\"tekstbold tekstnormal\" \/><span class=\"tekstnormal\">Cie\u0144 Czasu<\/span><br class=\"tekstbold tekstnormal\" \/><br class=\"tekstbold tekstnormal\" \/><span class=\"tekstnormal\">Bajki;<\/span><br class=\"tekstbold tekstnormal\" \/><span class=\"tekstnormal\">Kurnik Orkiestra<\/span><br class=\"tekstbold tekstnormal\" \/><span class=\"tekstnormal\">Bal Krasnali<\/span><br class=\"tekstbold tekstnormal\" \/><span class=\"tekstnormal\">Rozgniewany Alfabet<\/span><br class=\"tekstbold tekstnormal\" \/><span class=\"tekstnormal\">Dzieci w krainie Ba\u015bni<\/span><br class=\"tekstbold tekstnormal\" \/><br class=\"tekstbold tekstnormal\" \/><span class=\"tekstnormal\">Proz\u0119 pod pseudonimem Marta Mr\u00f3z:<\/span><br class=\"tekstbold tekstnormal\" \/><span class=\"tekstnormal\">\u201eMoje odkrycie Ameryki\u201d w 1984 r.<\/span><br class=\"tekstbold tekstnormal\" \/><span class=\"tekstnormal\">wydan\u0105 przez gazet\u0119 \u201ePanorama\u201d w Chicago,<\/span><br class=\"tekstbold tekstnormal\" \/><span class=\"tekstnormal\">do kt\u00f3rej pisa\u0142a.<\/span><br class=\"tekstbold\" \/><span class=\"tytul\"><br \/>\n<\/span><span class=\"tekstbold\">PRZEBUDZENIE<\/span><br class=\"tekstbold\" \/><span class=\"tytul\"><br \/>\n<\/span><span class=\"tekstwiersz\">Ludzko\u015bci<\/span><br class=\"tekstwiersz\" \/><span class=\"tekstwiersz\">jak Ci\u0119 przebudzi\u0107<\/span><br class=\"tekstwiersz\" \/><span class=\"tekstwiersz\">do prawdziwej<\/span><br class=\"tekstwiersz\" \/><span class=\"tekstwiersz\">mi\u0142o\u015bci\u00a0 <\/span><br class=\"tekstwiersz\" \/><span class=\"tekstwiersz\">aby istnia\u0142a<\/span><br class=\"tekstwiersz\" \/><span class=\"tekstwiersz\">w ka\u017cdym sercu<\/span><br class=\"tekstwiersz\" \/><span class=\"tekstwiersz\">cz\u0142owieka<\/span><br class=\"tekstwiersz\" \/><br class=\"tekstwiersz\" \/><span class=\"tekstwiersz\">jak w tym chaosie<\/span><br class=\"tekstwiersz\" \/><span class=\"tekstwiersz\">rozsia\u0107 ziarna jej<\/span><br class=\"tekstwiersz\" \/><span class=\"tekstwiersz\">i pokoju kwitn\u0105cej <\/span><br class=\"tekstwiersz\" \/><span class=\"tekstwiersz\">wiosny<\/span><br class=\"tekstwiersz\" \/><br class=\"tekstwiersz\" \/><span class=\"tekstwiersz\">Poezjo<\/span><br class=\"tekstwiersz\" \/><span class=\"tekstwiersz\">pom\u00f3\u017c to<\/span><br class=\"tekstwiersz\" \/><span class=\"tekstwiersz\">uczyni\u0107<\/span><br \/>\n<span class=\"tekstbold\">M\u00d3J DOM<\/span><\/p>\n<p><span class=\"tekstwiersz\">Pusty jak orzech\u00a0 \u2013 wyschni\u0119ty<\/span><br class=\"tekstwiersz\" \/><span class=\"tekstwiersz\">nie zamieszka\u0142y w nim<\/span><br class=\"tekstwiersz\" \/><span class=\"tekstwiersz\">paj\u0105ki szcz\u0119\u015bcia<\/span><br class=\"tekstwiersz\" \/><span class=\"tekstwiersz\">\u0107ma policzkiem przytuli\u0142a si\u0119 do szyby<\/span><br class=\"tekstwiersz\" \/><span class=\"tekstwiersz\">m\u00f3j dom \u2013 samotnik<\/span><br class=\"tekstwiersz\" \/><span class=\"tekstwiersz\">kt\u00f3rego dusza biega<\/span><br class=\"tekstwiersz\" \/><span class=\"tekstwiersz\">po wertepach \u015bwiata<\/span><br class=\"tekstwiersz\" \/><span class=\"tekstwiersz\">patrzy przymru\u017conymi oczami<\/span><br class=\"tekstwiersz\" \/><span class=\"tekstwiersz\">szukaj\u0105c dnia nadziei<\/span><br class=\"tekstwiersz\" \/><span class=\"tekstwiersz\">w kt\u00f3rym w\u0119z\u0142y przestrzeni<\/span><br class=\"tekstwiersz\" \/><span class=\"tekstwiersz\">pop\u0119kaj\u0105<\/span><br class=\"tekstwiersz\" \/><span class=\"tekstwiersz\">nie oddam go<\/span><\/p>\n<p class=\"tekstwiersz\">nie sprzedam go<br \/>\nnawet za niebosi\u0119\u017cne sumy<br \/>\nbo nie istnieje taki drugi<br \/>\ncierpliwy dom<\/p>\n<p><span class=\"tekstbold\">ODEJ\u015aCIE<\/span><\/p>\n<p>odszed\u0142e\u015b Panie od na nas<br \/>\n<span class=\"tekstwiersz\">Zmartwychwsta\u0144 wiaro mi\u0142o\u015bci<br \/>\nnadziejo kt\u00f3ra\u015b zamilk\u0142a<br \/>\nprawdo co znikasz bez \u015bladu<br \/>\nw tym chaosie<\/span><\/p>\n<p>pozostawiaj\u0105c samych<br \/>\nz gestem rezygnacji<\/p>\n<p>wr\u00f3\u0107<br \/>\nwycisz w nas pych\u0119<br \/>\nprzypomnij odpowiedzialno\u015b\u0107<br \/>\nza czyny<br \/>\nza s\u0142owa<br \/>\nza ten p\u0105k r\u00f3\u017cy<\/p>\n","protected":false},"excerpt":{"rendered":"<p>Jadwiga Fillman Zwierska M\u00f3wi\u0105 o Niej \u201ePoetka dw\u00f3ch Ojczyzn\u201dJadwiga Fillman-Zwierska z domu Maciaszek by\u0142a S\u0105deczank\u0105.Uko\u0144czy\u0142a Uniwersytety Jagiello\u0144ski. Przez d\u0142ugie lata mieszka\u0142a w U.S.A. na Florydzie ,gdzie aktywnie uczestniczy\u0142a w \u017cyciu Polonii. Potem mieszka\u0142a w Krakowie.Od r. 1987 opublikowa\u0142a nast\u0119puj\u0105ce pozycje; &#8230; <a class=\"more-link\" href=\"https:\/\/zlp-krakow.pl\/?p=4870\">Read More &raquo;<\/a><\/p>\n","protected":false},"author":3,"featured_media":0,"comment_status":"closed","ping_status":"open","sticky":false,"template":"","format":"image","meta":{"footnotes":""},"categories":[12],"tags":[],"class_list":["post-4870","post","type-post","status-publish","format-image","hentry","category-aktualnosci","post_format-post-format-image"],"_links":{"self":[{"href":"https:\/\/zlp-krakow.pl\/index.php?rest_route=\/wp\/v2\/posts\/4870","targetHints":{"allow":["GET"]}}],"collection":[{"href":"https:\/\/zlp-krakow.pl\/index.php?rest_route=\/wp\/v2\/posts"}],"about":[{"href":"https:\/\/zlp-krakow.pl\/index.php?rest_route=\/wp\/v2\/types\/post"}],"author":[{"embeddable":true,"href":"https:\/\/zlp-krakow.pl\/index.php?rest_route=\/wp\/v2\/users\/3"}],"replies":[{"embeddable":true,"href":"https:\/\/zlp-krakow.pl\/index.php?rest_route=%2Fwp%2Fv2%2Fcomments&post=4870"}],"version-history":[{"count":3,"href":"https:\/\/zlp-krakow.pl\/index.php?rest_route=\/wp\/v2\/posts\/4870\/revisions"}],"predecessor-version":[{"id":4888,"href":"https:\/\/zlp-krakow.pl\/index.php?rest_route=\/wp\/v2\/posts\/4870\/revisions\/4888"}],"wp:attachment":[{"href":"https:\/\/zlp-krakow.pl\/index.php?rest_route=%2Fwp%2Fv2%2Fmedia&parent=4870"}],"wp:term":[{"taxonomy":"category","embeddable":true,"href":"https:\/\/zlp-krakow.pl\/index.php?rest_route=%2Fwp%2Fv2%2Fcategories&post=4870"},{"taxonomy":"post_tag","embeddable":true,"href":"https:\/\/zlp-krakow.pl\/index.php?rest_route=%2Fwp%2Fv2%2Ftags&post=4870"}],"curies":[{"name":"wp","href":"https:\/\/api.w.org\/{rel}","templated":true}]}}