{"id":4758,"date":"2020-03-27T11:13:07","date_gmt":"2020-03-27T10:13:07","guid":{"rendered":"http:\/\/zlp-krakow.pl\/?p=4758"},"modified":"2020-03-27T11:13:07","modified_gmt":"2020-03-27T10:13:07","slug":"wazny-komunikat-prezesa-zlp-marka-wawrzkiewicza","status":"publish","type":"post","link":"https:\/\/zlp-krakow.pl\/?p=4758","title":{"rendered":"Wa\u017cny komunikat Prezesa ZLP Marka Wawrzkiewicza"},"content":{"rendered":"<h4>Wa\u017cny komunikat Prezesa ZLP Marka Wawrzkiewicza<\/h4>\n<p>Szczeg\u00f3\u0142y<\/p>\n<ul>\n<li>Autor: Zwi\u0105zek Literat\u00f3w Polskich<\/li>\n<li>Kategoria: <a href=\"https:\/\/zlpinfo.eu\/zarzad-glowny.html\">Zarz\u0105d G\u0142\u00f3wny<\/a><\/li>\n<li>Opublikowano: poniedzia\u0142ek, 23 marca 2020 r.<\/li>\n<\/ul>\n<h1>Drogie Kole\u017canki, Szanowni Koledzy!<\/h1>\n<p>Nikt z\u00a0nas, nawet najstarsi (a ja do nich nale\u017c\u0119), nie prze\u017cy\u0142 jeszcze takiej pr\u00f3by, tote\u017c nie bardzo wiemy jak si\u0119 w\u00a0niej zachowa\u0107. Pewnie, jak zwykle \u2013 bo taka jest ludzka natura \u2013 b\u0119dziemy mie\u0107 nadziej\u0119, \u017ce nied\u0142ugo wszystko wr\u00f3ci do normy, cho\u0107 mo\u017ce b\u0119dzie ju\u017c inaczej. Co mo\u017cemy zrobi\u0107 w\u00a0czasie tej przymusowej izolacji? My\u015ble\u0107 o\u00a0sobie, kontaktowa\u0107 si\u0119, korespondowa\u0107, dzieli\u0107 wiadomo\u015bciami. By\u0107 mo\u017ce ten czas stanie si\u0119 okresem wyciszenia, refleksji. Mo\u017ce opr\u00f3\u017cnimy p\u0119czniej\u0105ce od nadmiaru papierzysk szuflady, mo\u017ce odnajdziemy szkice wierszy lub opowiada\u0144, mo\u017ce napiszemy co\u015b, co w\u00a0nawale codzienno\u015bci odk\u0142adali\u015bmy na p\u00f3\u017aniej. Wykorzystujmy jak si\u0119 da t\u0119 sytuacj\u0119, bo i\u00a0tak nie mamy innego wyj\u015bcia&#8230;<\/p>\n<p>Nasza siedziba, warszawski Dom Literatury, jest od d\u0142u\u017cszego czasu zamkni\u0119ty na g\u0142ucho, nie mamy tam wst\u0119pu. W\u00a0Zwi\u0105zku z\u00a0tym nie mo\u017cemy przes\u0142a\u0107 dalej kilkunastu wniosk\u00f3w o\u00a0nagrody jubileuszowe, odznaczenia pa\u0144stwowe i\u00a0resortowe, bo trzeba to wydrukowa\u0107, opatrzy\u0107 piecz\u0105tkami i\u00a0podpisami, wys\u0142a\u0107 poczt\u0105; zreszt\u0105 cia\u0142a, kt\u00f3re o\u00a0tym decyduj\u0105 r\u00f3wnie\u017c nie dzia\u0142aj\u0105. Coraz mniej prawdopodobne jest przeprowadzenie w\u00a0planowanych wcze\u015bniej terminach uroczysto\u015bci jubileuszu 100. lecia Zwi\u0105zku Literat\u00f3w Polskich \u2013 gdyby nawet rygory narzucone przez sytuacj\u0119 usta\u0142y za miesi\u0105c, to i\u00a0tak nie zd\u0105\u017cyliby\u015bmy zorganizowa\u0107 przewidzianego na 15 maja uroczystego koncertu na Zamku Kr\u00f3lewskim, a\u00a0w dwa nast\u0119pne dni sesji historyczno literackiej. Wszystko wskazuje na to, \u017ce \u2013 oby \u2013 uda si\u0119 nasze zamierzenia zrealizowa\u0107 po wakacjach. W\u00a0dodatku nie mamy dot\u0105d odpowiedzi na nasze starania o\u00a0dotacje na zaplanowane imprezy i\u00a0akcje.<\/p>\n<p>Postaramy si\u0119 w\u00a0ci\u0105gu tygodnia zawiadomi\u0107 prezes\u00f3w Oddzia\u0142\u00f3w o\u00a0wynikach obrad Komisji Kwalifikacyjnej, kt\u00f3rej protok\u00f3\u0142 Przezydium zatwierdza drog\u0105 elektroniczn\u0105.<\/p>\n<p>Prosz\u0119 Prezes\u00f3w Oddzia\u0142\u00f3w o\u00a0informowanie nas o\u00a0tym co si\u0119 u\u00a0Was dzieje.<\/p>\n<p>Wszystkim Kole\u017cankom i\u00a0Kolegom \u017cycz\u0119 odwagi i\u00a0nadziei.<\/p>\n<p>Marek Wawrzkiewicz<\/p>\n<p><a href=\"https:\/\/zlpinfo.eu\/?fbclid=IwAR0S5gPAlporYucqCcHcyWsvz2tuC2KUrcGOYOu8PqFyULxHiT9fm5uR4zQ\">https:\/\/zlpinfo.eu\/?fbclid=IwAR0S5gPAlporYucqCcHcyWsvz2tuC2KUrcGOYOu8PqFyULxHiT9fm5uR4zQ<\/a><\/p>\n","protected":false},"excerpt":{"rendered":"<p>Wa\u017cny komunikat Prezesa ZLP Marka Wawrzkiewicza Szczeg\u00f3\u0142y Autor: Zwi\u0105zek Literat\u00f3w Polskich Kategoria: Zarz\u0105d G\u0142\u00f3wny Opublikowano: poniedzia\u0142ek, 23 marca 2020 r. Drogie Kole\u017canki, Szanowni Koledzy! Nikt z\u00a0nas, nawet najstarsi (a ja do nich nale\u017c\u0119), nie prze\u017cy\u0142 jeszcze takiej pr\u00f3by, tote\u017c nie &#8230; <a class=\"more-link\" href=\"https:\/\/zlp-krakow.pl\/?p=4758\">Read More &raquo;<\/a><\/p>\n","protected":false},"author":3,"featured_media":0,"comment_status":"closed","ping_status":"open","sticky":false,"template":"","format":"standard","meta":{"footnotes":""},"categories":[12],"tags":[],"class_list":["post-4758","post","type-post","status-publish","format-standard","hentry","category-aktualnosci"],"_links":{"self":[{"href":"https:\/\/zlp-krakow.pl\/index.php?rest_route=\/wp\/v2\/posts\/4758","targetHints":{"allow":["GET"]}}],"collection":[{"href":"https:\/\/zlp-krakow.pl\/index.php?rest_route=\/wp\/v2\/posts"}],"about":[{"href":"https:\/\/zlp-krakow.pl\/index.php?rest_route=\/wp\/v2\/types\/post"}],"author":[{"embeddable":true,"href":"https:\/\/zlp-krakow.pl\/index.php?rest_route=\/wp\/v2\/users\/3"}],"replies":[{"embeddable":true,"href":"https:\/\/zlp-krakow.pl\/index.php?rest_route=%2Fwp%2Fv2%2Fcomments&post=4758"}],"version-history":[{"count":1,"href":"https:\/\/zlp-krakow.pl\/index.php?rest_route=\/wp\/v2\/posts\/4758\/revisions"}],"predecessor-version":[{"id":4759,"href":"https:\/\/zlp-krakow.pl\/index.php?rest_route=\/wp\/v2\/posts\/4758\/revisions\/4759"}],"wp:attachment":[{"href":"https:\/\/zlp-krakow.pl\/index.php?rest_route=%2Fwp%2Fv2%2Fmedia&parent=4758"}],"wp:term":[{"taxonomy":"category","embeddable":true,"href":"https:\/\/zlp-krakow.pl\/index.php?rest_route=%2Fwp%2Fv2%2Fcategories&post=4758"},{"taxonomy":"post_tag","embeddable":true,"href":"https:\/\/zlp-krakow.pl\/index.php?rest_route=%2Fwp%2Fv2%2Ftags&post=4758"}],"curies":[{"name":"wp","href":"https:\/\/api.w.org\/{rel}","templated":true}]}}