{"id":3518,"date":"2017-12-20T10:17:19","date_gmt":"2017-12-20T09:17:19","guid":{"rendered":"http:\/\/zlp-krakow.pl\/?p=3518"},"modified":"2017-12-20T10:17:19","modified_gmt":"2017-12-20T09:17:19","slug":"zebranie-sprawozdawcze-ko-zlp-klub-dziennikarzy-pod-gruszka-27-stycznia-2018-roku-godz-16-00","status":"publish","type":"post","link":"https:\/\/zlp-krakow.pl\/?p=3518","title":{"rendered":"ZEBRANIE SPRAWOZDAWCZE KO ZLP, Klub Dziennikarzy &#8222;Pod Gruszk\u0105&#8221;, 27 stycznia 2018 roku, godz. 16.00"},"content":{"rendered":"<div><span style=\"font-size: 12pt;\">Szanowni Pa\u0144stwo,<\/span><\/div>\n<div><span style=\"font-size: 12pt;\">w imieniu Zarz\u0105du zwo\u0142uj\u0119 ZEBRANIE SPRAWOZDAWCZE Krakowskiego Oddzia\u0142u Zwi\u0105zku Literat\u00f3w Polskich na dzie\u0144 <strong>27 stycznia 2018 roku o godz. 16.00<\/strong> w Klubie Dziennikarzy \u201ePod Gruszk\u0105\u201d.<\/span><\/div>\n<div><span style=\"font-size: 12pt;\">Z wyrazami szacunku<\/span><\/div>\n<div><span style=\"font-size: 12pt;\">Joanna Krupi\u0144ska-Trzebiatowska<\/span><\/div>\n<div><span style=\"font-size: 12pt;\">Prezes KO ZLP<\/span><\/div>\n","protected":false},"excerpt":{"rendered":"<p>Szanowni Pa\u0144stwo, w imieniu Zarz\u0105du zwo\u0142uj\u0119 ZEBRANIE SPRAWOZDAWCZE Krakowskiego Oddzia\u0142u Zwi\u0105zku Literat\u00f3w Polskich na dzie\u0144 27 stycznia 2018 roku o godz. 16.00 w Klubie Dziennikarzy \u201ePod Gruszk\u0105\u201d. Z wyrazami szacunku Joanna Krupi\u0144ska-Trzebiatowska Prezes KO ZLP<\/p>\n","protected":false},"author":3,"featured_media":0,"comment_status":"closed","ping_status":"open","sticky":false,"template":"","format":"standard","meta":{"footnotes":""},"categories":[12],"tags":[],"class_list":["post-3518","post","type-post","status-publish","format-standard","hentry","category-aktualnosci"],"_links":{"self":[{"href":"https:\/\/zlp-krakow.pl\/index.php?rest_route=\/wp\/v2\/posts\/3518","targetHints":{"allow":["GET"]}}],"collection":[{"href":"https:\/\/zlp-krakow.pl\/index.php?rest_route=\/wp\/v2\/posts"}],"about":[{"href":"https:\/\/zlp-krakow.pl\/index.php?rest_route=\/wp\/v2\/types\/post"}],"author":[{"embeddable":true,"href":"https:\/\/zlp-krakow.pl\/index.php?rest_route=\/wp\/v2\/users\/3"}],"replies":[{"embeddable":true,"href":"https:\/\/zlp-krakow.pl\/index.php?rest_route=%2Fwp%2Fv2%2Fcomments&post=3518"}],"version-history":[{"count":1,"href":"https:\/\/zlp-krakow.pl\/index.php?rest_route=\/wp\/v2\/posts\/3518\/revisions"}],"predecessor-version":[{"id":3519,"href":"https:\/\/zlp-krakow.pl\/index.php?rest_route=\/wp\/v2\/posts\/3518\/revisions\/3519"}],"wp:attachment":[{"href":"https:\/\/zlp-krakow.pl\/index.php?rest_route=%2Fwp%2Fv2%2Fmedia&parent=3518"}],"wp:term":[{"taxonomy":"category","embeddable":true,"href":"https:\/\/zlp-krakow.pl\/index.php?rest_route=%2Fwp%2Fv2%2Fcategories&post=3518"},{"taxonomy":"post_tag","embeddable":true,"href":"https:\/\/zlp-krakow.pl\/index.php?rest_route=%2Fwp%2Fv2%2Ftags&post=3518"}],"curies":[{"name":"wp","href":"https:\/\/api.w.org\/{rel}","templated":true}]}}