{"id":3497,"date":"2017-12-14T18:49:18","date_gmt":"2017-12-14T17:49:18","guid":{"rendered":"http:\/\/zlp-krakow.pl\/?p=3497"},"modified":"2017-12-15T15:37:49","modified_gmt":"2017-12-15T14:37:49","slug":"warsztaty-biblioterapii-i-dramoterapii-7-15-grudnia-koncert-koled-8-grudnia-juszczyn-542b","status":"publish","type":"post","link":"https:\/\/zlp-krakow.pl\/?p=3497","title":{"rendered":"Warsztaty biblioterapii i dramoterapii, 7-15 grudnia, Koncert kol\u0119d, 8 grudnia, WTZ Sala Kameralna, Juszczyn 542B"},"content":{"rendered":"<p><a href=\"https:\/\/zlp-krakow.pl\/wp-content\/uploads\/2017\/12\/Plakat-warsztaty-Ka\u017cde-dziecko-ma-talent-2.jpg\"><img loading=\"lazy\" decoding=\"async\" class=\"alignnone wp-image-3505\" src=\"https:\/\/zlp-krakow.pl\/wp-content\/uploads\/2017\/12\/Plakat-warsztaty-Ka\u017cde-dziecko-ma-talent-2-212x300.jpg\" alt=\"\" width=\"300\" height=\"424\" srcset=\"https:\/\/zlp-krakow.pl\/wp-content\/uploads\/2017\/12\/Plakat-warsztaty-Ka\u017cde-dziecko-ma-talent-2-212x300.jpg 212w, https:\/\/zlp-krakow.pl\/wp-content\/uploads\/2017\/12\/Plakat-warsztaty-Ka\u017cde-dziecko-ma-talent-2-768x1086.jpg 768w, https:\/\/zlp-krakow.pl\/wp-content\/uploads\/2017\/12\/Plakat-warsztaty-Ka\u017cde-dziecko-ma-talent-2-724x1024.jpg 724w, https:\/\/zlp-krakow.pl\/wp-content\/uploads\/2017\/12\/Plakat-warsztaty-Ka\u017cde-dziecko-ma-talent-2-940x1330.jpg 940w, https:\/\/zlp-krakow.pl\/wp-content\/uploads\/2017\/12\/Plakat-warsztaty-Ka\u017cde-dziecko-ma-talent-2.jpg 1240w\" sizes=\"auto, (max-width: 300px) 100vw, 300px\" \/><\/a><a href=\"https:\/\/zlp-krakow.pl\/wp-content\/uploads\/2017\/12\/Plakat-wystawa-Koncert-kol\u0119d-Ka\u017cde-dziecko-ma-talent_2017-2.jpg\"><img loading=\"lazy\" decoding=\"async\" class=\"alignnone wp-image-3506\" src=\"https:\/\/zlp-krakow.pl\/wp-content\/uploads\/2017\/12\/Plakat-wystawa-Koncert-kol\u0119d-Ka\u017cde-dziecko-ma-talent_2017-2-212x300.jpg\" alt=\"\" width=\"300\" height=\"424\" srcset=\"https:\/\/zlp-krakow.pl\/wp-content\/uploads\/2017\/12\/Plakat-wystawa-Koncert-kol\u0119d-Ka\u017cde-dziecko-ma-talent_2017-2-212x300.jpg 212w, https:\/\/zlp-krakow.pl\/wp-content\/uploads\/2017\/12\/Plakat-wystawa-Koncert-kol\u0119d-Ka\u017cde-dziecko-ma-talent_2017-2-768x1086.jpg 768w, https:\/\/zlp-krakow.pl\/wp-content\/uploads\/2017\/12\/Plakat-wystawa-Koncert-kol\u0119d-Ka\u017cde-dziecko-ma-talent_2017-2-724x1024.jpg 724w, https:\/\/zlp-krakow.pl\/wp-content\/uploads\/2017\/12\/Plakat-wystawa-Koncert-kol\u0119d-Ka\u017cde-dziecko-ma-talent_2017-2-940x1330.jpg 940w, https:\/\/zlp-krakow.pl\/wp-content\/uploads\/2017\/12\/Plakat-wystawa-Koncert-kol\u0119d-Ka\u017cde-dziecko-ma-talent_2017-2.jpg 1240w\" sizes=\"auto, (max-width: 300px) 100vw, 300px\" \/><\/a><\/p>\n<hr \/>\n<p>Dr Dariusz Piotr Klimczak z Krakowskiego Oddzia\u0142u ZLP w ramach projektu Fundacji &#8222;Maximum&#8221;:\u00a0 <strong>\u201eJESTE\u015aMY RAZEM\u201d.<br \/>\nAktywizacja tw\u00f3rcza i spo\u0142eczna utalentowanych dzieci niepe\u0142nosprawnych<br \/>\nw kooperacji ze O\u015brodkami Specjalnymi Ma\u0142opolski <\/strong><br \/>\nprowadzi warsztaty biblio i dramoterapii w o\u015brodkach specjalnych Ma\u0142opolski z wykorzystaniem tekst\u00f3w poetyckich cz\u0142onk\u00f3w naszego Oddzia\u0142u.<br \/>\nProjekt dofinansowany przez Urz\u0105d Marsza\u0142kowski Wojew\u00f3dztwa Ma\u0142opolskiego.<\/p>\n","protected":false},"excerpt":{"rendered":"<p>Dr Dariusz Piotr Klimczak z Krakowskiego Oddzia\u0142u ZLP w ramach projektu Fundacji &#8222;Maximum&#8221;:\u00a0 \u201eJESTE\u015aMY RAZEM\u201d. Aktywizacja tw\u00f3rcza i spo\u0142eczna utalentowanych dzieci niepe\u0142nosprawnych w kooperacji ze O\u015brodkami Specjalnymi Ma\u0142opolski prowadzi warsztaty biblio i dramoterapii w o\u015brodkach specjalnych Ma\u0142opolski z wykorzystaniem tekst\u00f3w &#8230; <a class=\"more-link\" href=\"https:\/\/zlp-krakow.pl\/?p=3497\">Read More &raquo;<\/a><\/p>\n","protected":false},"author":3,"featured_media":0,"comment_status":"closed","ping_status":"open","sticky":false,"template":"","format":"image","meta":{"footnotes":""},"categories":[12,13],"tags":[],"class_list":["post-3497","post","type-post","status-publish","format-image","hentry","category-aktualnosci","category-zaproszenia","post_format-post-format-image"],"_links":{"self":[{"href":"https:\/\/zlp-krakow.pl\/index.php?rest_route=\/wp\/v2\/posts\/3497","targetHints":{"allow":["GET"]}}],"collection":[{"href":"https:\/\/zlp-krakow.pl\/index.php?rest_route=\/wp\/v2\/posts"}],"about":[{"href":"https:\/\/zlp-krakow.pl\/index.php?rest_route=\/wp\/v2\/types\/post"}],"author":[{"embeddable":true,"href":"https:\/\/zlp-krakow.pl\/index.php?rest_route=\/wp\/v2\/users\/3"}],"replies":[{"embeddable":true,"href":"https:\/\/zlp-krakow.pl\/index.php?rest_route=%2Fwp%2Fv2%2Fcomments&post=3497"}],"version-history":[{"count":14,"href":"https:\/\/zlp-krakow.pl\/index.php?rest_route=\/wp\/v2\/posts\/3497\/revisions"}],"predecessor-version":[{"id":3517,"href":"https:\/\/zlp-krakow.pl\/index.php?rest_route=\/wp\/v2\/posts\/3497\/revisions\/3517"}],"wp:attachment":[{"href":"https:\/\/zlp-krakow.pl\/index.php?rest_route=%2Fwp%2Fv2%2Fmedia&parent=3497"}],"wp:term":[{"taxonomy":"category","embeddable":true,"href":"https:\/\/zlp-krakow.pl\/index.php?rest_route=%2Fwp%2Fv2%2Fcategories&post=3497"},{"taxonomy":"post_tag","embeddable":true,"href":"https:\/\/zlp-krakow.pl\/index.php?rest_route=%2Fwp%2Fv2%2Ftags&post=3497"}],"curies":[{"name":"wp","href":"https:\/\/api.w.org\/{rel}","templated":true}]}}