{"id":3326,"date":"2017-09-03T08:54:46","date_gmt":"2017-09-03T06:54:46","guid":{"rendered":"http:\/\/zlp-krakow.pl\/?p=3326"},"modified":"2017-09-20T10:15:58","modified_gmt":"2017-09-20T08:15:58","slug":"opowiem-ci-wierszem-spotkanie-poetyckie-poswiecone-tworczosci-jerzego-tawlowicza-zakopane-16-wrzesnia","status":"publish","type":"post","link":"https:\/\/zlp-krakow.pl\/?p=3326","title":{"rendered":"&#8222;OPOWIEM CI WIERSZEM&#8221;, Spotkanie poetyckie po\u015bwi\u0119cone tw\u00f3rczo\u015bci Jerzego Taw\u0142owicza, Zakopane, 16 wrze\u015bnia"},"content":{"rendered":"<p><a href=\"https:\/\/zlp-krakow.pl\/wp-content\/uploads\/2017\/09\/21272461_1319350724853496_4553943002177639844_n.jpg\"><img loading=\"lazy\" decoding=\"async\" class=\"alignnone wp-image-3327\" src=\"https:\/\/zlp-krakow.pl\/wp-content\/uploads\/2017\/09\/21272461_1319350724853496_4553943002177639844_n-212x300.jpg\" alt=\"21272461_1319350724853496_4553943002177639844_n\" width=\"280\" height=\"396\" srcset=\"https:\/\/zlp-krakow.pl\/wp-content\/uploads\/2017\/09\/21272461_1319350724853496_4553943002177639844_n-212x300.jpg 212w, https:\/\/zlp-krakow.pl\/wp-content\/uploads\/2017\/09\/21272461_1319350724853496_4553943002177639844_n-600x848.jpg 600w, https:\/\/zlp-krakow.pl\/wp-content\/uploads\/2017\/09\/21272461_1319350724853496_4553943002177639844_n.jpg 679w\" sizes=\"auto, (max-width: 280px) 100vw, 280px\" \/><\/a><\/p>\n<hr \/>\n<p style=\"text-align: justify;\">Dopisa\u0142a publiczno\u015b\u0107, pogoda, humory, a wiersze sypa\u0142y si\u0119 z ust poet\u00f3w jak nuty ze strun gitar, jak g\u00f3ralskie \u015bpiewy, jak iskry z ogniska. By\u0142a to przednia uczta w sza\u0142asie Skorusa na Lipkach poprzedzona Msz\u0105 \u015bw. na Wiktor\u00f3wkach i spacerem na Rusinow\u0105 Polan\u0119, taka prawdziwa zakopia\u0144ska, a wszystko za spraw\u0105 Ani Taw\u0142owicz i zaprzyja\u017anionych z ni\u0105 os\u00f3b. Wspomnienia o zakopia\u0144skim bardzie, poecie i wspania\u0142ym cz\u0142owieku pi\u0119knie wybrzmia\u0142y w wie<span class=\"text_exposed_show\">rszach naszych kole\u017canek i koleg\u00f3w po pi\u00f3rze. Ka\u017cdy czytany przez poet\u0119 utw\u00f3r by\u0142 dedykacj\u0105 dla Jurka. Piosenka poetycka, kt\u00f3ra zawsze by\u0142a bliska Jurkowi i kt\u00f3r\u0105 On sam wykonywa\u0142 dla nas, tym razem \u015bpiewana dla niego by\u0142a na pewno dobrze s\u0142yszana tam, wysoko ponad szczytami Tatr. Pi\u0119kne kolejne spotkanie (w tym roku ju\u017c 5.) z roku na rok gromadzi coraz wi\u0119cej os\u00f3b, zataczaj\u0105c coraz szersze kr\u0119gi si\u0119gaj\u0105c od Tatr do morza. Po\u017cyteczna i bardzo potrzebna inicjatywa propagowana i wspierana przez Ann\u0119 Taw\u0142owicz, Towarzystwo Mi\u0142o\u015bnik\u00f3w Teatru im. Heleny Modrzejewskiej Scena A2 w Zakopanem i Krakowski Oddzia\u0142 Zwi\u0105zku Literat\u00f3w Polskich. Nie brak prywatnych sponsor\u00f3w za co i im nale\u017cy si\u0119 wielkie podzi\u0119kowanie.<br \/>\nDowodem na to, \u017ce by\u0142o wspaniale spotka\u0107 si\u0119 w tym miejscu \u015bwiadczy fakt, \u017ce ju\u017c odliczamy miesi\u0105ce do kolejnego spotkania.<br \/>\nAniu, z ca\u0142ego serca dzi\u0119kujemy Ci za wyrozumia\u0142o\u015b\u0107, zrozumienie i trud goszczenia nas wszystkich w tym pi\u0119knym zak\u0105tku ziemi, gdzie szara codzienno\u015b\u0107 nabiera t\u0119czowych barw.<\/span><\/p>\n<p>Danuta Perier-Berska<\/p>\n","protected":false},"excerpt":{"rendered":"<p>Dopisa\u0142a publiczno\u015b\u0107, pogoda, humory, a wiersze sypa\u0142y si\u0119 z ust poet\u00f3w jak nuty ze strun gitar, jak g\u00f3ralskie \u015bpiewy, jak iskry z ogniska. By\u0142a to przednia uczta w sza\u0142asie Skorusa na Lipkach poprzedzona Msz\u0105 \u015bw. na Wiktor\u00f3wkach i spacerem na &#8230; <a class=\"more-link\" href=\"https:\/\/zlp-krakow.pl\/?p=3326\">Read More &raquo;<\/a><\/p>\n","protected":false},"author":3,"featured_media":0,"comment_status":"closed","ping_status":"open","sticky":false,"template":"","format":"image","meta":{"footnotes":""},"categories":[12,13],"tags":[],"class_list":["post-3326","post","type-post","status-publish","format-image","hentry","category-aktualnosci","category-zaproszenia","post_format-post-format-image"],"_links":{"self":[{"href":"https:\/\/zlp-krakow.pl\/index.php?rest_route=\/wp\/v2\/posts\/3326","targetHints":{"allow":["GET"]}}],"collection":[{"href":"https:\/\/zlp-krakow.pl\/index.php?rest_route=\/wp\/v2\/posts"}],"about":[{"href":"https:\/\/zlp-krakow.pl\/index.php?rest_route=\/wp\/v2\/types\/post"}],"author":[{"embeddable":true,"href":"https:\/\/zlp-krakow.pl\/index.php?rest_route=\/wp\/v2\/users\/3"}],"replies":[{"embeddable":true,"href":"https:\/\/zlp-krakow.pl\/index.php?rest_route=%2Fwp%2Fv2%2Fcomments&post=3326"}],"version-history":[{"count":5,"href":"https:\/\/zlp-krakow.pl\/index.php?rest_route=\/wp\/v2\/posts\/3326\/revisions"}],"predecessor-version":[{"id":3334,"href":"https:\/\/zlp-krakow.pl\/index.php?rest_route=\/wp\/v2\/posts\/3326\/revisions\/3334"}],"wp:attachment":[{"href":"https:\/\/zlp-krakow.pl\/index.php?rest_route=%2Fwp%2Fv2%2Fmedia&parent=3326"}],"wp:term":[{"taxonomy":"category","embeddable":true,"href":"https:\/\/zlp-krakow.pl\/index.php?rest_route=%2Fwp%2Fv2%2Fcategories&post=3326"},{"taxonomy":"post_tag","embeddable":true,"href":"https:\/\/zlp-krakow.pl\/index.php?rest_route=%2Fwp%2Fv2%2Ftags&post=3326"}],"curies":[{"name":"wp","href":"https:\/\/api.w.org\/{rel}","templated":true}]}}