{"id":3312,"date":"2017-08-17T03:47:45","date_gmt":"2017-08-17T01:47:45","guid":{"rendered":"http:\/\/zlp-krakow.pl\/?p=3312"},"modified":"2017-08-19T10:00:53","modified_gmt":"2017-08-19T08:00:53","slug":"zofia-garbaczewska-pawlikowska","status":"publish","type":"post","link":"https:\/\/zlp-krakow.pl\/?p=3312","title":{"rendered":"ZOFIA GARBACZEWSKA-PAWLIKOWSKA"},"content":{"rendered":"<p><a href=\"https:\/\/zlp-krakow.pl\/wp-content\/uploads\/2017\/08\/Garbaczewska-Pawlikowska.jpg\"><img loading=\"lazy\" decoding=\"async\" class=\"alignnone wp-image-3313\" src=\"https:\/\/zlp-krakow.pl\/wp-content\/uploads\/2017\/08\/Garbaczewska-Pawlikowska-247x300.jpg\" alt=\"Garbaczewska-Pawlikowska\" width=\"300\" height=\"364\" srcset=\"https:\/\/zlp-krakow.pl\/wp-content\/uploads\/2017\/08\/Garbaczewska-Pawlikowska-247x300.jpg 247w, https:\/\/zlp-krakow.pl\/wp-content\/uploads\/2017\/08\/Garbaczewska-Pawlikowska-768x931.jpg 768w, https:\/\/zlp-krakow.pl\/wp-content\/uploads\/2017\/08\/Garbaczewska-Pawlikowska-845x1024.jpg 845w, https:\/\/zlp-krakow.pl\/wp-content\/uploads\/2017\/08\/Garbaczewska-Pawlikowska-600x727.jpg 600w, https:\/\/zlp-krakow.pl\/wp-content\/uploads\/2017\/08\/Garbaczewska-Pawlikowska.jpg 1436w\" sizes=\"auto, (max-width: 300px) 100vw, 300px\" \/><\/a><\/p>\n<hr \/>\n<p><strong>\u015aP. ZOFIA GARBACZEWSKA-PAWLIKOWSKA<\/strong><br \/>\n1922 &#8211; 2017<\/p>\n<p style=\"text-align: justify;\">Poetka, malarka, uczestniczka wielu wystaw zbiorowych (m.in. W Pa\u0142acu Puget\u00f3w, \u015ar\u00f3dmiejskim O\u015brodku Kultury, Galerii Helena) i indywidualnych (w kraju i za granic\u0105). Sta\u0142a ekspozycja jej obraz\u00f3w znajduje si\u0119 w Pa\u0142acu Villa Serbelloni w Bellagio (W\u0142ochy).<\/p>\n<p>Nie nad\u0105\u017cam<\/p>\n<p>nie nad\u0105\u017cam<br \/>\nza \u017cyciem<br \/>\nale chyba zd\u0105\u017c\u0119<br \/>\nna \u015bmier\u0107<\/p>\n<p>jak\u017ce inaczej<br \/>\ntam wszyscy zd\u0105\u017cymy<\/p>\n<p style=\"text-align: justify;\">Powy\u017cej zacytowany wiersz pochodzi z tomu <em>\u017byj\u0119 z przyzwyczajenia<\/em> Zofii Garbaczewskiej-Pawlikowskiej. Wymowny w swojej tre\u015bci, i jak pisa\u0142a sama autorka, sta\u0142 si\u0119 puent\u0105 dla Jej d\u0142ugiego \u017cycia. Teraz ju\u017c wie, \u017ce \u201enad\u0105\u017cy\u0142a\u201d za innymi. Wszystko czego dokona\u0142a, zostanie po niej tak d\u0142ugo, jak d\u0142ugo b\u0119dziemy piel\u0119gnowa\u0107 pami\u0119\u0107 o Niej .<br \/>\nSkromna i dostojna starsza Pani, tak\u0105 j\u0105 pozna\u0142am w latach 2000 na spotkaniach poetyckich w ZLP w Krakowie. Z czasem Jej poezja znalaz\u0142a miejsce w moim domu. Artystyczna dusza tej utalentowanej Kole\u017canki zwr\u00f3ci\u0142a moj\u0105 uwag\u0119, reszt\u0119 sprawi\u0142 zbieg okoliczno\u015bci, a wypadek, kt\u00f3remu uleg\u0142a, zbli\u017cy\u0142 nas do siebie. Polubi\u0142am J\u0105 i jak s\u0105dz\u0119 z wzajemno\u015bci\u0105, czego dowodem by\u0142a ofiarowana (mnie i mojemu m\u0119\u017cowi Antoniemu) w\u0142asnor\u0119cznie napisana przez poetk\u0119 ikona. Czy by\u0142a ona inspiracj\u0105 do mojego zainteresowania si\u0119 tego rodzaju sztuk\u0105 &#8211; trudno powiedzie\u0107. Ale m\u00f3j m\u0105\u017c wykorzysta\u0142 t\u0119 okazj\u0119 i nam\u00f3wi\u0142 mnie do pisania ikon. Obrazek wisi w naszym mieszkaniu od lat i ilekro\u0107 na niego spojrz\u0119, wspominam Pani\u0105 Zofi\u0119.<br \/>\nPoetka, pisarka, malarka ma w swoim dorobku 19 tom\u00f3w poezji, jedn\u0105 proz\u0119 autobiograficzn\u0105 i kilka opowiada\u0144. Jako malarka nagradzana i wyr\u00f3\u017cniana na licznych wystawach w kraju i za granic\u0105. Pi\u0119kny dorobek. Spe\u0142niona jako matka i \u017cona, a zapewne i babcia. Skromna i pe\u0142na \u017cyczliwo\u015bci Kole\u017canka, i tak\u0105 J\u0105 zachowam w pami\u0119ci.<br \/>\nW ostatnim jubileuszowym tomie pt. \u201eZakamarki pami\u0119ci\u201d, kt\u00f3ry dedykowa\u0142a synowi w rozdziale ODPRYSKI, w jednym z ostatnich wierszy czytamy:<\/p>\n<p>\u015amier\u0107<\/p>\n<p>\u015bmier\u0107 jest niepodwa\u017calnym dowodem<br \/>\n\u017ce si\u0119 \u017cy\u0142o<\/p>\n<p>\u017cycie<br \/>\njest powodem<br \/>\ndo \u015bmierci<\/p>\n<p>\u017begnaj Kole\u017canko o duszy artystycznej i przyjaznej dla nas.<\/p>\n<p>Danuta Perier-Berska<\/p>\n<hr \/>\n<p style=\"margin: 0cm 0cm 0.0001pt; text-align: justify;\">Dotar\u0142a w\u0142a\u015bnie do mnie smutna wie\u015b\u0107 o wielkiej stracie jakiej dozna\u0142 Krakowski Oddzia\u0142 Zwi\u0105zku Literat\u00f3w Polskich, mianowicie zmar\u0142a nasza Kole\u017canka <strong>Zofi<\/strong><span class=\"textexposedshow\"><strong>a Garbaczewska Pawlikowska.<\/strong> <\/span><br \/>\n<span class=\"textexposedshow\">Cytuj\u0119 za Wikipedi\u0105: Zofia Garbaczewska Pawlikowska krakowska poetka, pisarka i malarka, g\u0142\u00f3wnie portrecistka. (\u2026) Najpierw pracowa\u0142a zawodowo jako farmaceutka, a nast\u0119pnie jako chemiczka, po\u015bwi\u0119caj\u0105c wolny czas na tw\u00f3rczo\u015b\u0107 malarsk\u0105 i p\u00f3\u017aniej tak\u017ce literack\u0105.<\/span><br \/>\n<span class=\"textexposedshow\">Wyda\u0142a 20 ksi\u0105\u017cek, g\u0142\u00f3wnie tomik\u00f3w poetyckich, a tak\u017ce proz\u0119 autobiograficzn\u0105.<\/span><br \/>\n<span class=\"textexposedshow\">Mia\u0142a liczne indywidualne wystawy malarskie w Polsce oraz poza granicami, m.in. w USA, Kanadzie, Wielkiej Brytanii i we W\u0142oszech, gdzie w miejscowo\u015bci Bellagio znajduje si\u0119 sta\u0142a ekspozycja malarki. Najwi\u0119ksze sukcesy w tw\u00f3rczo\u015bci malarskiej i literackiej odnosi\u0142a w latach 80. XX wieku. Zosta\u0142a nagrodzona m.in. medalem Narodowej Sztuki Polskiej. By\u0142a cz\u0142onkiem Konfraterni Poet\u00f3w, krakowskiego oddzia\u0142u Zwi\u0105zku Literat\u00f3w Polskich oraz Bronowickiego Stowarzyszenia Przyjaci\u00f3\u0142 Sztuk Wszelkich \u2026).<\/span><br \/>\n<span class=\"textexposedshow\">Miewa\u0142am zaszczyt i przyjemno\u015b\u0107 uczestniczy\u0107 wraz z ni\u0105 w spotkaniach organizowanych przez cz\u0142onk\u00f3w krakowskich K\u00f3\u0142 Przyjaci\u00f3\u0142 Sztuk Wszelkich; Zofia dzia\u0142a\u0142a w Bronowickim KPSW, a ja w Zwierzynieckim KPSW.<\/span><br \/>\n<span class=\"textexposedshow\">Pozwol\u0119 sobie w ramach wspomnie\u0144 o naszej znamienitej Kole\u017cance przytoczy\u0107 fragment mego \u017cartobliwego poematu \u201ePi\u0119\u0107 p\u00f3r roku\u201d powsta\u0142ego podczas jednego z takich spotka\u0144 w domu kt\u00f3rego\u015b z naszych Przyjaci\u00f3\u0142:<\/span><br \/>\n<span class=\"textexposedshow\">(\u2026) Wszystkim nam si\u0119 zda\u0142o,<\/span><br \/>\n<span class=\"textexposedshow\">i\u017c Tadeusza posta\u0107 widna pod powa\u0142\u0105,<\/span><br \/>\n<span class=\"textexposedshow\">lecz by\u0142 to&#8230; sam Gospodarz, wita\u0142 nas u proga <\/span><br \/>\n<span class=\"textexposedshow\">pytaj\u0105c, czy te\u017c go\u015bci nie znu\u017cy\u0142a droga,<\/span><br \/>\n<span class=\"textexposedshow\">czy im ch\u0142\u00f3d nie dokucza o zimowej porze,<\/span><br \/>\n<span class=\"textexposedshow\">a go\u015bcie tylko futra zrzucali na \u0142o\u017ce,<\/span><br \/>\n<span class=\"textexposedshow\">za\u015b Gospodarz szarmancki, nie tylko dla Zosi<\/span><br \/>\n<span class=\"textexposedshow\">(Pawlikowskiej b\u0105d\u017a nie b\u0105d\u017a) do salonu prosi,<\/span><br \/>\n<span class=\"textexposedshow\">tam Zosia Pawlikowska srebrna od ksi\u0119\u017cyca<\/span><br \/>\n<span class=\"textexposedshow\">srebrem swojej poezji dzwoni i zachwyca (\u2026).<\/span><\/p>\n<p style=\"margin: 0cm 0cm 0.0001pt; text-align: justify;\">\n<p>Krystyna Alicja Jezierska<\/p>\n","protected":false},"excerpt":{"rendered":"<p>\u015aP. ZOFIA GARBACZEWSKA-PAWLIKOWSKA 1922 &#8211; 2017 Poetka, malarka, uczestniczka wielu wystaw zbiorowych (m.in. W Pa\u0142acu Puget\u00f3w, \u015ar\u00f3dmiejskim O\u015brodku Kultury, Galerii Helena) i indywidualnych (w kraju i za granic\u0105). Sta\u0142a ekspozycja jej obraz\u00f3w znajduje si\u0119 w Pa\u0142acu Villa Serbelloni w Bellagio &#8230; <a class=\"more-link\" href=\"https:\/\/zlp-krakow.pl\/?p=3312\">Read More &raquo;<\/a><\/p>\n","protected":false},"author":3,"featured_media":0,"comment_status":"closed","ping_status":"open","sticky":false,"template":"","format":"image","meta":{"footnotes":""},"categories":[12],"tags":[],"class_list":["post-3312","post","type-post","status-publish","format-image","hentry","category-aktualnosci","post_format-post-format-image"],"_links":{"self":[{"href":"https:\/\/zlp-krakow.pl\/index.php?rest_route=\/wp\/v2\/posts\/3312","targetHints":{"allow":["GET"]}}],"collection":[{"href":"https:\/\/zlp-krakow.pl\/index.php?rest_route=\/wp\/v2\/posts"}],"about":[{"href":"https:\/\/zlp-krakow.pl\/index.php?rest_route=\/wp\/v2\/types\/post"}],"author":[{"embeddable":true,"href":"https:\/\/zlp-krakow.pl\/index.php?rest_route=\/wp\/v2\/users\/3"}],"replies":[{"embeddable":true,"href":"https:\/\/zlp-krakow.pl\/index.php?rest_route=%2Fwp%2Fv2%2Fcomments&post=3312"}],"version-history":[{"count":11,"href":"https:\/\/zlp-krakow.pl\/index.php?rest_route=\/wp\/v2\/posts\/3312\/revisions"}],"predecessor-version":[{"id":3324,"href":"https:\/\/zlp-krakow.pl\/index.php?rest_route=\/wp\/v2\/posts\/3312\/revisions\/3324"}],"wp:attachment":[{"href":"https:\/\/zlp-krakow.pl\/index.php?rest_route=%2Fwp%2Fv2%2Fmedia&parent=3312"}],"wp:term":[{"taxonomy":"category","embeddable":true,"href":"https:\/\/zlp-krakow.pl\/index.php?rest_route=%2Fwp%2Fv2%2Fcategories&post=3312"},{"taxonomy":"post_tag","embeddable":true,"href":"https:\/\/zlp-krakow.pl\/index.php?rest_route=%2Fwp%2Fv2%2Ftags&post=3312"}],"curies":[{"name":"wp","href":"https:\/\/api.w.org\/{rel}","templated":true}]}}