{"id":3198,"date":"2017-06-21T12:21:17","date_gmt":"2017-06-21T10:21:17","guid":{"rendered":"http:\/\/zlp-krakow.pl\/?p=3198"},"modified":"2017-07-01T12:00:13","modified_gmt":"2017-07-01T10:00:13","slug":"promocja-tomiku-poetyckiego-ireny-kaczmarczyk-zerwane-z-laki-srodmiejski-osrodek-kultury-27-czerwca-godz-18-00","status":"publish","type":"post","link":"https:\/\/zlp-krakow.pl\/?p=3198","title":{"rendered":"Promocja tomiku poetyckiego Ireny Kaczmarczyk &#8222;Zerwane z \u0142\u0105ki&#8221;, \u015ar\u00f3dmiejski O\u015brodek Kultury, 27 czerwca, godz. 18.00"},"content":{"rendered":"<p><a href=\"https:\/\/zlp-krakow.pl\/wp-content\/uploads\/2017\/06\/Kaczmarczyk-Plakat-promocja-Zerwane-z-\u0142\u0105ki.jpg\"><img loading=\"lazy\" decoding=\"async\" class=\"alignnone wp-image-3199\" src=\"https:\/\/zlp-krakow.pl\/wp-content\/uploads\/2017\/06\/Kaczmarczyk-Plakat-promocja-Zerwane-z-\u0142\u0105ki-215x300.jpg\" alt=\"Plakat promocja Zerwane z \u0142\u0105ki\" width=\"290\" height=\"405\" srcset=\"https:\/\/zlp-krakow.pl\/wp-content\/uploads\/2017\/06\/Kaczmarczyk-Plakat-promocja-Zerwane-z-\u0142\u0105ki-215x300.jpg 215w, https:\/\/zlp-krakow.pl\/wp-content\/uploads\/2017\/06\/Kaczmarczyk-Plakat-promocja-Zerwane-z-\u0142\u0105ki-768x1072.jpg 768w, https:\/\/zlp-krakow.pl\/wp-content\/uploads\/2017\/06\/Kaczmarczyk-Plakat-promocja-Zerwane-z-\u0142\u0105ki-734x1024.jpg 734w, https:\/\/zlp-krakow.pl\/wp-content\/uploads\/2017\/06\/Kaczmarczyk-Plakat-promocja-Zerwane-z-\u0142\u0105ki-600x837.jpg 600w\" sizes=\"auto, (max-width: 290px) 100vw, 290px\" \/><\/a><\/p>\n<hr \/>\n<p><a href=\"https:\/\/zlp-krakow.pl\/wp-content\/uploads\/2017\/06\/19554984_1449436398428742_6081110207938331665_n.jpg\"><img loading=\"lazy\" decoding=\"async\" class=\"alignnone wp-image-3293 size-thumbnail\" src=\"https:\/\/zlp-krakow.pl\/wp-content\/uploads\/2017\/06\/19554984_1449436398428742_6081110207938331665_n-150x150.jpg\" alt=\"19554984_1449436398428742_6081110207938331665_n\" width=\"150\" height=\"150\" \/><\/a><img loading=\"lazy\" decoding=\"async\" class=\"alignnone wp-image-3298 size-thumbnail\" src=\"https:\/\/zlp-krakow.pl\/wp-content\/uploads\/2017\/06\/19510121_1449437475095301_8064744473456852338_n-150x150.jpg\" alt=\"19510121_1449437475095301_8064744473456852338_n\" width=\"150\" height=\"150\" \/><img loading=\"lazy\" decoding=\"async\" class=\"alignnone wp-image-3303 size-thumbnail\" src=\"https:\/\/zlp-krakow.pl\/wp-content\/uploads\/2017\/06\/19554402_1449436428428739_4745809149270658159_n-150x150.jpg\" alt=\"19554402_1449436428428739_4745809149270658159_n\" width=\"150\" height=\"150\" \/><img loading=\"lazy\" decoding=\"async\" class=\"alignnone wp-image-3299 size-thumbnail\" src=\"https:\/\/zlp-krakow.pl\/wp-content\/uploads\/2017\/06\/19248126_1449436721762043_6396116725800288565_n-150x150.jpg\" alt=\"19248126_1449436721762043_6396116725800288565_n\" width=\"150\" height=\"150\" \/><a href=\"https:\/\/zlp-krakow.pl\/wp-content\/uploads\/2017\/06\/19598766_1449436425095406_6784580835517089892_n.jpg\"><img loading=\"lazy\" decoding=\"async\" class=\"alignnone wp-image-3296 size-thumbnail\" src=\"https:\/\/zlp-krakow.pl\/wp-content\/uploads\/2017\/06\/19598766_1449436425095406_6784580835517089892_n-150x150.jpg\" alt=\"19598766_1449436425095406_6784580835517089892_n\" width=\"150\" height=\"150\" \/><\/a><img loading=\"lazy\" decoding=\"async\" class=\"alignnone wp-image-3297 size-thumbnail\" src=\"https:\/\/zlp-krakow.pl\/wp-content\/uploads\/2017\/06\/19437392_1449437048428677_4075129813796343444_n-150x150.jpg\" alt=\"19437392_1449437048428677_4075129813796343444_n\" width=\"150\" height=\"150\" \/><a href=\"https:\/\/zlp-krakow.pl\/wp-content\/uploads\/2017\/06\/19430144_1449436421762073_4696041939753695124_n.jpg\"><img loading=\"lazy\" decoding=\"async\" class=\"alignnone wp-image-3295 size-thumbnail\" src=\"https:\/\/zlp-krakow.pl\/wp-content\/uploads\/2017\/06\/19430144_1449436421762073_4696041939753695124_n-150x150.jpg\" alt=\"19430144_1449436421762073_4696041939753695124_n\" width=\"150\" height=\"150\" \/><\/a><a href=\"https:\/\/zlp-krakow.pl\/wp-content\/uploads\/2017\/06\/19511229_1449441155094933_5107156241056555044_n.jpg\"><img loading=\"lazy\" decoding=\"async\" class=\"alignnone wp-image-3301 size-thumbnail\" src=\"https:\/\/zlp-krakow.pl\/wp-content\/uploads\/2017\/06\/19511229_1449441155094933_5107156241056555044_n-150x150.jpg\" alt=\"19511229_1449441155094933_5107156241056555044_n\" width=\"150\" height=\"150\" \/><\/a><\/p>\n<hr \/>\n<p style=\"text-align: justify;\"><strong><span style=\"font-size: 12pt;\">\u201eZerwane z \u0142\u0105ki\u201d <\/span><\/strong><br \/>\nW upalne popo\u0142udnie wiersze Ireny Kaczmarczyk zafascynowa\u0142y publiczno\u015b\u0107 delikatno\u015bci\u0105 i klimatem, jaki stworzy\u0142a autorka promowanego tomu przy wsp\u00f3\u0142udziale prowadz\u0105cej spotkanie Anny Pituch-Noworolskiej. Oprawa muzyczna Waldemara H\u0142adkiego przenios\u0142a nas w miejsca odleg\u0142e od t\u0119tni\u0105cego \u017cyciem krakowskiego Rynku do czas\u00f3w dzieci\u0144stwa bohaterki spotkania. Wiersze tak obrazowe, \u017ce wystarczy\u0142o zamkn\u0105\u0107 oczy, ws\u0142ucha\u0107 si\u0119 w brzmienie g\u0142os\u00f3w przyrody, by zwizualizowa\u0107 miniony czas. S\u0142owa z\u0142o\u017cone w bukiety stworzy\u0142y pi\u0119kny tom poezji ilustrowany obrazami znanego krakowskiego artysty malarza Kazimierza Hamady.<\/p>\n<p>Tekst: Danuta Perier-Berska<\/p>\n<p>Foto: Andrzej Makuch<\/p>\n","protected":false},"excerpt":{"rendered":"<p>\u201eZerwane z \u0142\u0105ki\u201d W upalne popo\u0142udnie wiersze Ireny Kaczmarczyk zafascynowa\u0142y publiczno\u015b\u0107 delikatno\u015bci\u0105 i klimatem, jaki stworzy\u0142a autorka promowanego tomu przy wsp\u00f3\u0142udziale prowadz\u0105cej spotkanie Anny Pituch-Noworolskiej. Oprawa muzyczna Waldemara H\u0142adkiego przenios\u0142a nas w miejsca odleg\u0142e od t\u0119tni\u0105cego \u017cyciem krakowskiego Rynku do &#8230; <a class=\"more-link\" href=\"https:\/\/zlp-krakow.pl\/?p=3198\">Read More &raquo;<\/a><\/p>\n","protected":false},"author":3,"featured_media":0,"comment_status":"closed","ping_status":"open","sticky":false,"template":"","format":"image","meta":{"footnotes":""},"categories":[12,13],"tags":[],"class_list":["post-3198","post","type-post","status-publish","format-image","hentry","category-aktualnosci","category-zaproszenia","post_format-post-format-image"],"_links":{"self":[{"href":"https:\/\/zlp-krakow.pl\/index.php?rest_route=\/wp\/v2\/posts\/3198","targetHints":{"allow":["GET"]}}],"collection":[{"href":"https:\/\/zlp-krakow.pl\/index.php?rest_route=\/wp\/v2\/posts"}],"about":[{"href":"https:\/\/zlp-krakow.pl\/index.php?rest_route=\/wp\/v2\/types\/post"}],"author":[{"embeddable":true,"href":"https:\/\/zlp-krakow.pl\/index.php?rest_route=\/wp\/v2\/users\/3"}],"replies":[{"embeddable":true,"href":"https:\/\/zlp-krakow.pl\/index.php?rest_route=%2Fwp%2Fv2%2Fcomments&post=3198"}],"version-history":[{"count":5,"href":"https:\/\/zlp-krakow.pl\/index.php?rest_route=\/wp\/v2\/posts\/3198\/revisions"}],"predecessor-version":[{"id":3305,"href":"https:\/\/zlp-krakow.pl\/index.php?rest_route=\/wp\/v2\/posts\/3198\/revisions\/3305"}],"wp:attachment":[{"href":"https:\/\/zlp-krakow.pl\/index.php?rest_route=%2Fwp%2Fv2%2Fmedia&parent=3198"}],"wp:term":[{"taxonomy":"category","embeddable":true,"href":"https:\/\/zlp-krakow.pl\/index.php?rest_route=%2Fwp%2Fv2%2Fcategories&post=3198"},{"taxonomy":"post_tag","embeddable":true,"href":"https:\/\/zlp-krakow.pl\/index.php?rest_route=%2Fwp%2Fv2%2Ftags&post=3198"}],"curies":[{"name":"wp","href":"https:\/\/api.w.org\/{rel}","templated":true}]}}