{"id":3031,"date":"2017-03-13T11:03:49","date_gmt":"2017-03-13T10:03:49","guid":{"rendered":"http:\/\/zlp-krakow.pl\/?p=3031"},"modified":"2017-04-03T17:14:47","modified_gmt":"2017-04-03T15:14:47","slug":"wieczor-literacki-z-okazji-swiatowego-dnia-poezji-klub-dziennikarzy-pod-gruszka-31-marca-godz-18-00","status":"publish","type":"post","link":"https:\/\/zlp-krakow.pl\/?p=3031","title":{"rendered":"Wiecz\u00f3r literacki z okazji \u015aWIATOWEGO DNIA POEZJI, Klub Dziennikarzy Pod Gruszk\u0105, 31 marca, godz. 18.00"},"content":{"rendered":"<p><a href=\"https:\/\/zlp-krakow.pl\/wp-content\/uploads\/2017\/03\/\u015awiatowy-Dzie\u0144-Poezji-zaproszenie.jpg\"><img loading=\"lazy\" decoding=\"async\" class=\"alignnone wp-image-3032\" src=\"https:\/\/zlp-krakow.pl\/wp-content\/uploads\/2017\/03\/\u015awiatowy-Dzie\u0144-Poezji-zaproszenie-300x185.jpg\" alt=\"\u015awiatowy Dzie\u0144 Poezji - zaproszenie\" width=\"400\" height=\"247\" srcset=\"https:\/\/zlp-krakow.pl\/wp-content\/uploads\/2017\/03\/\u015awiatowy-Dzie\u0144-Poezji-zaproszenie-300x185.jpg 300w, https:\/\/zlp-krakow.pl\/wp-content\/uploads\/2017\/03\/\u015awiatowy-Dzie\u0144-Poezji-zaproszenie-768x473.jpg 768w, https:\/\/zlp-krakow.pl\/wp-content\/uploads\/2017\/03\/\u015awiatowy-Dzie\u0144-Poezji-zaproszenie-1024x631.jpg 1024w, https:\/\/zlp-krakow.pl\/wp-content\/uploads\/2017\/03\/\u015awiatowy-Dzie\u0144-Poezji-zaproszenie-600x370.jpg 600w\" sizes=\"auto, (max-width: 400px) 100vw, 400px\" \/><\/a><\/p>\n<hr \/>\n<p><a href=\"https:\/\/zlp-krakow.pl\/wp-content\/uploads\/2017\/03\/17626560_10203124684474095_2403529033369587347_n.jpg\"><img loading=\"lazy\" decoding=\"async\" class=\"alignnone wp-image-3080 size-thumbnail\" src=\"https:\/\/zlp-krakow.pl\/wp-content\/uploads\/2017\/03\/17626560_10203124684474095_2403529033369587347_n-150x150.jpg\" alt=\"17626560_10203124684474095_2403529033369587347_n\" width=\"150\" height=\"150\" \/><\/a><a href=\"https:\/\/zlp-krakow.pl\/wp-content\/uploads\/2017\/03\/17629929_10203124686234139_2298973178328549327_n.jpg\"><img loading=\"lazy\" decoding=\"async\" class=\"alignnone wp-image-3082 size-thumbnail\" src=\"https:\/\/zlp-krakow.pl\/wp-content\/uploads\/2017\/03\/17629929_10203124686234139_2298973178328549327_n-150x150.jpg\" alt=\"17629929_10203124686234139_2298973178328549327_n\" width=\"150\" height=\"150\" \/><\/a><a href=\"https:\/\/zlp-krakow.pl\/wp-content\/uploads\/2017\/03\/17499105_10203124688834204_244592583948218587_n.jpg\"><img loading=\"lazy\" decoding=\"async\" class=\"alignnone wp-image-3083 size-thumbnail\" src=\"https:\/\/zlp-krakow.pl\/wp-content\/uploads\/2017\/03\/17499105_10203124688834204_244592583948218587_n-150x150.jpg\" alt=\"17499105_10203124688834204_244592583948218587_n\" width=\"150\" height=\"150\" \/><\/a><a href=\"https:\/\/zlp-krakow.pl\/wp-content\/uploads\/2017\/03\/17634852_10203124688634199_858489423766260935_n.jpg\"><img loading=\"lazy\" decoding=\"async\" class=\"alignnone wp-image-3084 size-thumbnail\" src=\"https:\/\/zlp-krakow.pl\/wp-content\/uploads\/2017\/03\/17634852_10203124688634199_858489423766260935_n-150x150.jpg\" alt=\"17634852_10203124688634199_858489423766260935_n\" width=\"150\" height=\"150\" \/><\/a><a href=\"https:\/\/zlp-krakow.pl\/wp-content\/uploads\/2017\/03\/17629634_10203124687914181_2255780662711901853_n.jpg\"><img loading=\"lazy\" decoding=\"async\" class=\"alignnone wp-image-3085 size-thumbnail\" src=\"https:\/\/zlp-krakow.pl\/wp-content\/uploads\/2017\/03\/17629634_10203124687914181_2255780662711901853_n-150x150.jpg\" alt=\"17629634_10203124687914181_2255780662711901853_n\" width=\"150\" height=\"150\" \/><\/a><a href=\"https:\/\/zlp-krakow.pl\/wp-content\/uploads\/2017\/03\/17499209_10203124684874105_3767302663638175443_n.jpg\"><img loading=\"lazy\" decoding=\"async\" class=\"alignnone wp-image-3086 size-thumbnail\" src=\"https:\/\/zlp-krakow.pl\/wp-content\/uploads\/2017\/03\/17499209_10203124684874105_3767302663638175443_n-150x150.jpg\" alt=\"17499209_10203124684874105_3767302663638175443_n\" width=\"150\" height=\"150\" \/><\/a><a href=\"https:\/\/zlp-krakow.pl\/wp-content\/uploads\/2017\/03\/17499031_10203124686754152_4351673680811630817_n.jpg\"><img loading=\"lazy\" decoding=\"async\" class=\"alignnone wp-image-3087 size-thumbnail\" src=\"https:\/\/zlp-krakow.pl\/wp-content\/uploads\/2017\/03\/17499031_10203124686754152_4351673680811630817_n-150x150.jpg\" alt=\"17499031_10203124686754152_4351673680811630817_n\" width=\"150\" height=\"150\" \/><\/a><a href=\"https:\/\/zlp-krakow.pl\/wp-content\/uploads\/2017\/03\/17620469_10203124685434119_8777601041621922901_o.jpg\"><img loading=\"lazy\" decoding=\"async\" class=\"alignnone wp-image-3088 size-thumbnail\" src=\"https:\/\/zlp-krakow.pl\/wp-content\/uploads\/2017\/03\/17620469_10203124685434119_8777601041621922901_o-150x150.jpg\" alt=\"17620469_10203124685434119_8777601041621922901_o\" width=\"150\" height=\"150\" \/><\/a><\/p>\n<hr \/>\n<div>Krakowski Oddzia\u0142\u00a0 Zwi\u0105zku\u00a0 Literat\u00f3w Polskich, Ko\u0142o M\u0142odych, Stowarzyszenie Tw\u00f3rcze POLART i Klub Dziennikarzy Pod Gruszk\u0105, przygotowa\u0142y na spotkanie z okazji \u015awiatowego Dnia Poezji bardzo bogaty program literacki. \u00a0Go\u015bci przywita\u0142a Prezes Krakowskiego Oddzia\u0142u ZLP\u00a0 Joanna Krupi\u0144ska Trzebiatowska, po czym scen\u0119 odda\u0142a\u00a0 we w\u0142adanie poetce z Ko\u0142a M\u0142odych\u00a0 Katarzynie Bu\u0142at, co sprawi\u0142o, \u017ce poczuli\u015bmy powiew m\u0142odo\u015bci w\u015br\u00f3d starszych wiekiem i sta\u017cem poet\u00f3w.<\/div>\n<div>Tym razem czytali\u015bmy\u00a0 wiersze w\u0142asne,\u00a0 jak r\u00f3wnie\u017c ulubionych poet\u00f3w. A wszystko w\u015br\u00f3d d\u017awi\u0119k\u00f3w harfy, kt\u00f3re Kaja Cyganek wydobywa\u0142a\u00a0 z instrumentu, graj\u0105c dla poet\u00f3w i przyby\u0142ej publiczno\u015bci klasyczne mi\u0142osne standardy filmowe.<\/div>\n<div>Sprawdza si\u0119, \u017ce dobrze dobrany \u00a0repertuar muzyczny do poezji, to zawsze udany wiecz\u00f3r.<\/div>\n<div>Tekst i foto: Danuta Perier-Berska<\/div>\n","protected":false},"excerpt":{"rendered":"<p>Krakowski Oddzia\u0142\u00a0 Zwi\u0105zku\u00a0 Literat\u00f3w Polskich, Ko\u0142o M\u0142odych, Stowarzyszenie Tw\u00f3rcze POLART i Klub Dziennikarzy Pod Gruszk\u0105, przygotowa\u0142y na spotkanie z okazji \u015awiatowego Dnia Poezji bardzo bogaty program literacki. \u00a0Go\u015bci przywita\u0142a Prezes Krakowskiego Oddzia\u0142u ZLP\u00a0 Joanna Krupi\u0144ska Trzebiatowska, po czym scen\u0119 odda\u0142a\u00a0 &#8230; <a class=\"more-link\" href=\"https:\/\/zlp-krakow.pl\/?p=3031\">Read More &raquo;<\/a><\/p>\n","protected":false},"author":3,"featured_media":0,"comment_status":"closed","ping_status":"open","sticky":false,"template":"","format":"image","meta":{"footnotes":""},"categories":[12,13],"tags":[],"class_list":["post-3031","post","type-post","status-publish","format-image","hentry","category-aktualnosci","category-zaproszenia","post_format-post-format-image"],"_links":{"self":[{"href":"https:\/\/zlp-krakow.pl\/index.php?rest_route=\/wp\/v2\/posts\/3031","targetHints":{"allow":["GET"]}}],"collection":[{"href":"https:\/\/zlp-krakow.pl\/index.php?rest_route=\/wp\/v2\/posts"}],"about":[{"href":"https:\/\/zlp-krakow.pl\/index.php?rest_route=\/wp\/v2\/types\/post"}],"author":[{"embeddable":true,"href":"https:\/\/zlp-krakow.pl\/index.php?rest_route=\/wp\/v2\/users\/3"}],"replies":[{"embeddable":true,"href":"https:\/\/zlp-krakow.pl\/index.php?rest_route=%2Fwp%2Fv2%2Fcomments&post=3031"}],"version-history":[{"count":3,"href":"https:\/\/zlp-krakow.pl\/index.php?rest_route=\/wp\/v2\/posts\/3031\/revisions"}],"predecessor-version":[{"id":3089,"href":"https:\/\/zlp-krakow.pl\/index.php?rest_route=\/wp\/v2\/posts\/3031\/revisions\/3089"}],"wp:attachment":[{"href":"https:\/\/zlp-krakow.pl\/index.php?rest_route=%2Fwp%2Fv2%2Fmedia&parent=3031"}],"wp:term":[{"taxonomy":"category","embeddable":true,"href":"https:\/\/zlp-krakow.pl\/index.php?rest_route=%2Fwp%2Fv2%2Fcategories&post=3031"},{"taxonomy":"post_tag","embeddable":true,"href":"https:\/\/zlp-krakow.pl\/index.php?rest_route=%2Fwp%2Fv2%2Ftags&post=3031"}],"curies":[{"name":"wp","href":"https:\/\/api.w.org\/{rel}","templated":true}]}}