{"id":3015,"date":"2017-02-21T09:11:54","date_gmt":"2017-02-21T08:11:54","guid":{"rendered":"http:\/\/zlp-krakow.pl\/?p=3015"},"modified":"2017-03-17T08:21:21","modified_gmt":"2017-03-17T07:21:21","slug":"poetyckie-reminiscencje-z-podrozy-klub-dziennikarzy-pod-gruszka-14-marca-godz-18-00","status":"publish","type":"post","link":"https:\/\/zlp-krakow.pl\/?p=3015","title":{"rendered":"POETYCKIE REMINISCENCJE Z PODR\u00d3\u017bY, Klub Dziennikarzy Pod Gruszk\u0105, 14 marca, godz. 18.00"},"content":{"rendered":"<p><a href=\"https:\/\/zlp-krakow.pl\/wp-content\/uploads\/2017\/02\/Poetyckie-reminiscencje...-ZAPROSZENIE.jpg\"><img loading=\"lazy\" decoding=\"async\" class=\"alignnone wp-image-3022\" src=\"https:\/\/zlp-krakow.pl\/wp-content\/uploads\/2017\/02\/Poetyckie-reminiscencje...-ZAPROSZENIE-300x198.jpg\" alt=\"Poetyckie reminiscencje... ZAPROSZENIE\" width=\"400\" height=\"264\" srcset=\"https:\/\/zlp-krakow.pl\/wp-content\/uploads\/2017\/02\/Poetyckie-reminiscencje...-ZAPROSZENIE-300x198.jpg 300w, https:\/\/zlp-krakow.pl\/wp-content\/uploads\/2017\/02\/Poetyckie-reminiscencje...-ZAPROSZENIE-768x506.jpg 768w, https:\/\/zlp-krakow.pl\/wp-content\/uploads\/2017\/02\/Poetyckie-reminiscencje...-ZAPROSZENIE-1024x675.jpg 1024w, https:\/\/zlp-krakow.pl\/wp-content\/uploads\/2017\/02\/Poetyckie-reminiscencje...-ZAPROSZENIE-600x396.jpg 600w\" sizes=\"auto, (max-width: 400px) 100vw, 400px\" \/><\/a><\/p>\n<hr \/>\n<p><a href=\"https:\/\/zlp-krakow.pl\/wp-content\/uploads\/2017\/02\/17310149_1336847586354291_2775107164592597297_o.jpg\"><img loading=\"lazy\" decoding=\"async\" class=\"alignnone wp-image-3045 size-thumbnail\" src=\"https:\/\/zlp-krakow.pl\/wp-content\/uploads\/2017\/02\/17310149_1336847586354291_2775107164592597297_o-150x150.jpg\" alt=\"17310149_1336847586354291_2775107164592597297_o\" width=\"150\" height=\"150\" \/><\/a><a href=\"https:\/\/zlp-krakow.pl\/wp-content\/uploads\/2017\/02\/17309292_1336714866367563_4681253863528490786_n.jpg\"><img loading=\"lazy\" decoding=\"async\" class=\"alignnone wp-image-3046 size-thumbnail\" src=\"https:\/\/zlp-krakow.pl\/wp-content\/uploads\/2017\/02\/17309292_1336714866367563_4681253863528490786_n-150x150.jpg\" alt=\"17309292_1336714866367563_4681253863528490786_n\" width=\"150\" height=\"150\" \/><\/a><a href=\"https:\/\/zlp-krakow.pl\/wp-content\/uploads\/2017\/02\/17218296_1336847279687655_1826749437129832430_o.jpg\"><img loading=\"lazy\" decoding=\"async\" class=\"alignnone wp-image-3047 size-thumbnail\" src=\"https:\/\/zlp-krakow.pl\/wp-content\/uploads\/2017\/02\/17218296_1336847279687655_1826749437129832430_o-150x150.jpg\" alt=\"17218296_1336847279687655_1826749437129832430_o\" width=\"150\" height=\"150\" \/><\/a><a href=\"https:\/\/zlp-krakow.pl\/wp-content\/uploads\/2017\/02\/17352421_1336714313034285_2863401926011343894_n.jpg\"><img loading=\"lazy\" decoding=\"async\" class=\"alignnone wp-image-3049 size-thumbnail\" src=\"https:\/\/zlp-krakow.pl\/wp-content\/uploads\/2017\/02\/17352421_1336714313034285_2863401926011343894_n-150x150.jpg\" alt=\"17352421_1336714313034285_2863401926011343894_n\" width=\"150\" height=\"150\" \/><\/a><a href=\"https:\/\/zlp-krakow.pl\/wp-content\/uploads\/2017\/02\/17353651_1336713133034403_5612745825459607021_n.jpg\"><img loading=\"lazy\" decoding=\"async\" class=\"alignnone wp-image-3050 size-thumbnail\" src=\"https:\/\/zlp-krakow.pl\/wp-content\/uploads\/2017\/02\/17353651_1336713133034403_5612745825459607021_n-150x150.jpg\" alt=\"17353651_1336713133034403_5612745825459607021_n\" width=\"150\" height=\"150\" \/><\/a><a href=\"https:\/\/zlp-krakow.pl\/wp-content\/uploads\/2017\/02\/17311184_1336847653020951_8621617028944263844_o.jpg\"><img loading=\"lazy\" decoding=\"async\" class=\"alignnone wp-image-3051 size-thumbnail\" src=\"https:\/\/zlp-krakow.pl\/wp-content\/uploads\/2017\/02\/17311184_1336847653020951_8621617028944263844_o-150x150.jpg\" alt=\"17311184_1336847653020951_8621617028944263844_o\" width=\"150\" height=\"150\" \/><\/a><a href=\"https:\/\/zlp-krakow.pl\/wp-content\/uploads\/2017\/02\/17358810_1336847053021011_7311443333762026268_o.jpg\"><img loading=\"lazy\" decoding=\"async\" class=\"alignnone wp-image-3052 size-thumbnail\" src=\"https:\/\/zlp-krakow.pl\/wp-content\/uploads\/2017\/02\/17358810_1336847053021011_7311443333762026268_o-150x150.jpg\" alt=\"17358810_1336847053021011_7311443333762026268_o\" width=\"150\" height=\"150\" \/><\/a><a href=\"https:\/\/zlp-krakow.pl\/wp-content\/uploads\/2017\/02\/17311084_1336847276354322_8036963268223435216_o.jpg\"><img loading=\"lazy\" decoding=\"async\" class=\"alignnone wp-image-3048 size-thumbnail\" src=\"https:\/\/zlp-krakow.pl\/wp-content\/uploads\/2017\/02\/17311084_1336847276354322_8036963268223435216_o-150x150.jpg\" alt=\"17311084_1336847276354322_8036963268223435216_o\" width=\"150\" height=\"150\" \/><\/a><\/p>\n<hr \/>\n<p style=\"margin: 0cm; margin-bottom: .0001pt;\">ORYGINALNA POETYCKA PODR\u00d3\u017b PRZEZ CZTERY KONTYNENTY<\/p>\n<p style=\"margin: 0cm; margin-bottom: .0001pt;\">\n<p style=\"margin: 0cm; margin-bottom: .0001pt;\">Podr\u00f3\u017ce w poetyckim przekazie naszych zwi\u0105zkowych kole\u017canek: Ireny Kaczmarczyk, Joanny Krupi\u0144skiej-Trzebiat<span class=\"textexposedshow\">owskiej, Anny Pituch-Noworolskiej i Joanny Pociask-Karteczki wypad\u0142y niezwykle nastrojowo. Absolwentki Akademii Muzycznej \u2013 Ma\u0142gorzata W\u0142odarczyk \u2013 sopran, Katarzyna Puch \u2013 gitara klasyczna, swoim repertuarem wykreowa\u0142y klimaty dopasowane do kraj\u00f3w, po kt\u00f3rych wiod\u0142a nas poezja, a r\u00f3\u017cnorodno\u015b\u0107 postrzegania \u015bwiata i interpretacja wierszy przez poetki potwierdzi\u0142a, \u017ce warto wprowadza\u0107 nowo\u015bci. By\u0107 mo\u017ce uda nam si\u0119 w ten spos\u00f3b zach\u0119ci\u0107 do poezji wi\u0119ksze grono jej mi\u0142o\u015bnik\u00f3w. W sali Fontany niemal brakowa\u0142o miejsc, a publiczno\u015b\u0107 domaga\u0142a si\u0119 bis\u00f3w. Wierzymy, \u017ce nie jest to pierwsza jask\u00f3\u0142ka krakowskiego oddzia\u0142u \u2013 i jak wida\u0107 \u2013 idzie wiosna. <\/span><\/p>\n<p style=\"margin: 0cm; margin-bottom: .0001pt;\"><span class=\"textexposedshow\">Tekst: Danuta Perier-Berska<br \/>\n<\/span><\/p>\n<p style=\"margin: 0cm; margin-bottom: .0001pt;\">Foto: Andrzej Makuch<\/p>\n","protected":false},"excerpt":{"rendered":"<p>ORYGINALNA POETYCKA PODR\u00d3\u017b PRZEZ CZTERY KONTYNENTY Podr\u00f3\u017ce w poetyckim przekazie naszych zwi\u0105zkowych kole\u017canek: Ireny Kaczmarczyk, Joanny Krupi\u0144skiej-Trzebiatowskiej, Anny Pituch-Noworolskiej i Joanny Pociask-Karteczki wypad\u0142y niezwykle nastrojowo. Absolwentki Akademii Muzycznej \u2013 Ma\u0142gorzata W\u0142odarczyk \u2013 sopran, Katarzyna Puch \u2013 gitara klasyczna, swoim repertuarem &#8230; <a class=\"more-link\" href=\"https:\/\/zlp-krakow.pl\/?p=3015\">Read More &raquo;<\/a><\/p>\n","protected":false},"author":3,"featured_media":0,"comment_status":"closed","ping_status":"open","sticky":false,"template":"","format":"image","meta":{"footnotes":""},"categories":[12,13],"tags":[],"class_list":["post-3015","post","type-post","status-publish","format-image","hentry","category-aktualnosci","category-zaproszenia","post_format-post-format-image"],"_links":{"self":[{"href":"https:\/\/zlp-krakow.pl\/index.php?rest_route=\/wp\/v2\/posts\/3015","targetHints":{"allow":["GET"]}}],"collection":[{"href":"https:\/\/zlp-krakow.pl\/index.php?rest_route=\/wp\/v2\/posts"}],"about":[{"href":"https:\/\/zlp-krakow.pl\/index.php?rest_route=\/wp\/v2\/types\/post"}],"author":[{"embeddable":true,"href":"https:\/\/zlp-krakow.pl\/index.php?rest_route=\/wp\/v2\/users\/3"}],"replies":[{"embeddable":true,"href":"https:\/\/zlp-krakow.pl\/index.php?rest_route=%2Fwp%2Fv2%2Fcomments&post=3015"}],"version-history":[{"count":5,"href":"https:\/\/zlp-krakow.pl\/index.php?rest_route=\/wp\/v2\/posts\/3015\/revisions"}],"predecessor-version":[{"id":3053,"href":"https:\/\/zlp-krakow.pl\/index.php?rest_route=\/wp\/v2\/posts\/3015\/revisions\/3053"}],"wp:attachment":[{"href":"https:\/\/zlp-krakow.pl\/index.php?rest_route=%2Fwp%2Fv2%2Fmedia&parent=3015"}],"wp:term":[{"taxonomy":"category","embeddable":true,"href":"https:\/\/zlp-krakow.pl\/index.php?rest_route=%2Fwp%2Fv2%2Fcategories&post=3015"},{"taxonomy":"post_tag","embeddable":true,"href":"https:\/\/zlp-krakow.pl\/index.php?rest_route=%2Fwp%2Fv2%2Ftags&post=3015"}],"curies":[{"name":"wp","href":"https:\/\/api.w.org\/{rel}","templated":true}]}}