{"id":2979,"date":"2017-01-30T19:08:06","date_gmt":"2017-01-30T18:08:06","guid":{"rendered":"http:\/\/zlp-krakow.pl\/?p=2979"},"modified":"2017-02-14T00:34:50","modified_gmt":"2017-02-13T23:34:50","slug":"wieczor-poezji-milosnej-klub-dziennikarzy-pod-gruszka-10-lutego-godz-18-00","status":"publish","type":"post","link":"https:\/\/zlp-krakow.pl\/?p=2979","title":{"rendered":"WIECZ\u00d3R POEZJI MI\u0141OSNEJ, Klub Dziennikarzy Pod Gruszk\u0105, 10 lutego, godz. 18.00"},"content":{"rendered":"<p><a href=\"https:\/\/zlp-krakow.pl\/wp-content\/uploads\/2017\/01\/Walentynki-2017-1.jpg\"><img loading=\"lazy\" decoding=\"async\" class=\"alignnone wp-image-2980\" src=\"https:\/\/zlp-krakow.pl\/wp-content\/uploads\/2017\/01\/Walentynki-2017-1-300x168.jpg\" alt=\"Walentynki 2017, 1\" width=\"400\" height=\"224\" srcset=\"https:\/\/zlp-krakow.pl\/wp-content\/uploads\/2017\/01\/Walentynki-2017-1-300x168.jpg 300w, https:\/\/zlp-krakow.pl\/wp-content\/uploads\/2017\/01\/Walentynki-2017-1-768x429.jpg 768w, https:\/\/zlp-krakow.pl\/wp-content\/uploads\/2017\/01\/Walentynki-2017-1-1024x572.jpg 1024w, https:\/\/zlp-krakow.pl\/wp-content\/uploads\/2017\/01\/Walentynki-2017-1-600x335.jpg 600w\" sizes=\"auto, (max-width: 400px) 100vw, 400px\" \/><\/a><\/p>\n<hr \/>\n<p><a href=\"https:\/\/zlp-krakow.pl\/wp-content\/uploads\/2017\/01\/16754706_10202920528650327_733524262_n.jpg\"><img loading=\"lazy\" decoding=\"async\" class=\"alignnone wp-image-2995 size-thumbnail\" src=\"https:\/\/zlp-krakow.pl\/wp-content\/uploads\/2017\/01\/16754706_10202920528650327_733524262_n-150x150.jpg\" alt=\"16754706_10202920528650327_733524262_n\" width=\"150\" height=\"150\" \/><\/a><a href=\"https:\/\/zlp-krakow.pl\/wp-content\/uploads\/2017\/01\/16735913_10202920528730329_1179561415_n.jpg\"><img loading=\"lazy\" decoding=\"async\" class=\"alignnone wp-image-2996 size-thumbnail\" src=\"https:\/\/zlp-krakow.pl\/wp-content\/uploads\/2017\/01\/16735913_10202920528730329_1179561415_n-150x150.jpg\" alt=\"16735913_10202920528730329_1179561415_n\" width=\"150\" height=\"150\" \/><\/a><a href=\"https:\/\/zlp-krakow.pl\/wp-content\/uploads\/2017\/01\/16735996_10202920530410371_200347346_n.jpg\"><img loading=\"lazy\" decoding=\"async\" class=\"alignnone wp-image-2997 size-thumbnail\" src=\"https:\/\/zlp-krakow.pl\/wp-content\/uploads\/2017\/01\/16735996_10202920530410371_200347346_n-150x150.jpg\" alt=\"16735996_10202920530410371_200347346_n\" width=\"150\" height=\"150\" \/><\/a><a href=\"https:\/\/zlp-krakow.pl\/wp-content\/uploads\/2017\/01\/16736176_10202920528850332_1709178494_n.jpg\"><img loading=\"lazy\" decoding=\"async\" class=\"alignnone wp-image-2998 size-thumbnail\" src=\"https:\/\/zlp-krakow.pl\/wp-content\/uploads\/2017\/01\/16736176_10202920528850332_1709178494_n-150x150.jpg\" alt=\"16736176_10202920528850332_1709178494_n\" width=\"150\" height=\"150\" \/><\/a><a href=\"https:\/\/zlp-krakow.pl\/wp-content\/uploads\/2017\/01\/16735825_10202920534410471_1089947092_n.jpg\"><img loading=\"lazy\" decoding=\"async\" class=\"alignnone wp-image-2999 size-thumbnail\" src=\"https:\/\/zlp-krakow.pl\/wp-content\/uploads\/2017\/01\/16735825_10202920534410471_1089947092_n-150x150.jpg\" alt=\"16735825_10202920534410471_1089947092_n\" width=\"150\" height=\"150\" \/><\/a><a href=\"https:\/\/zlp-krakow.pl\/wp-content\/uploads\/2017\/01\/16731087_10202920536770530_1492435876_n.jpg\"><img loading=\"lazy\" decoding=\"async\" class=\"alignnone wp-image-3000 size-thumbnail\" src=\"https:\/\/zlp-krakow.pl\/wp-content\/uploads\/2017\/01\/16731087_10202920536770530_1492435876_n-150x150.jpg\" alt=\"16731087_10202920536770530_1492435876_n\" width=\"150\" height=\"150\" \/><\/a><a href=\"https:\/\/zlp-krakow.pl\/wp-content\/uploads\/2017\/01\/16736365_10202920537010536_1468110436_n.jpg\"><img loading=\"lazy\" decoding=\"async\" class=\"alignnone wp-image-3001 size-thumbnail\" src=\"https:\/\/zlp-krakow.pl\/wp-content\/uploads\/2017\/01\/16736365_10202920537010536_1468110436_n-150x150.jpg\" alt=\"16736365_10202920537010536_1468110436_n\" width=\"150\" height=\"150\" \/><\/a><a href=\"https:\/\/zlp-krakow.pl\/wp-content\/uploads\/2017\/01\/16736719_10202920530850382_2075761876_n.jpg\"><img loading=\"lazy\" decoding=\"async\" class=\"alignnone wp-image-3002 size-thumbnail\" src=\"https:\/\/zlp-krakow.pl\/wp-content\/uploads\/2017\/01\/16736719_10202920530850382_2075761876_n-150x150.jpg\" alt=\"16736719_10202920530850382_2075761876_n\" width=\"150\" height=\"150\" \/><\/a><\/p>\n<div class=\"_1dwg _1w_m _2ph_\">\n<div>\n<div class=\"_3x-2\">\n<div>\n<div class=\"_5r69\">\n<div class=\"mtm\">\n<div class=\"mtm _5pcm\">\n<div class=\"mtm _5pco\" data-ft=\"{&quot;tn&quot;:&quot;K&quot;}\">\n<div id=\"id_58a23f960449c0c36640936\" class=\"text_exposed_root text_exposed\">\n<p style=\"text-align: justify;\">Mi\u0142osne strofy w wierszach pi\u0119knie wybrzmia\u0142y w wykonaniu poetek i poe<span class=\"text_exposed_show\">t\u00f3w z Krakowskiego Oddzia\u0142u ZLP.<br \/>\nO mi\u0142o\u015bci bardzo ciekawie m\u00f3wi\u0142 nasz zwi\u0105zkowy kolega prof. Ignacy Stanis\u0142aw Fiut \u2013 poeta, krytyk literatury, prasoznawca, profesor filozofii. Z kolei Robert Marcinkowski przeni\u00f3s\u0142 nas w \u015bwiat poezji \u015bpiewanej, akompaniuj\u0105c sobie na gitarze, a prowadz\u0105ca wiecz\u00f3r Alicja Tanew \u2013 w przerwach pomi\u0119dzy czytan\u0105 poezj\u0105 \u2013 zasiada\u0142a do pianina i gra\u0142a utwory mi\u0142osne, kt\u00f3re doskonale wsp\u00f3\u0142gra\u0142y z panuj\u0105c\u0105 na widowni atmosfer\u0105. Poezja wsp\u00f3\u0142czesna przeplata\u0142a si\u0119 z utworami nie\u017cyj\u0105cych ju\u017c, a bardzo przez nas lubianych poet\u00f3w. By\u0142o lirycznie i weso\u0142o, tak jak to w mi\u0142o\u015bci bywa. Poetki (z Ko\u0142a M\u0142odych) oraz zaproszone osoby prezentowa\u0142y swoje utwory, jak r\u00f3wnie\u017c swoich ulubionych autor\u00f3w, w\u015br\u00f3d kt\u00f3rych znalaz\u0142a si\u0119 m.in. Halina Po\u015bwiatowska. Ciekawostk\u0105 by\u0142 wiersz recytowany z pami\u0119ci przez bardzo wiekow\u0105 Pani\u0105, kt\u00f3ry przed osiemdziesi\u0119ciu paru laty znalaz\u0142 si\u0119 w pami\u0119tniku Jej mamy. Autorem wiersza by\u0142 wspania\u0142y pisarz Henryk Sienkiewicz. Pi\u0119kna historia i pi\u0119kny wiersz.<br \/>\nMimo panuj\u0105cej grypy i zimna publiczno\u015b\u0107 dopisa\u0142a, co dowodzi, \u017ce mi\u0142o\u015b\u0107 jak magnes przyci\u0105ga i rozgrzewa zarazem.<\/span><\/p>\n<p>Tekst i foto: Danuta Perier-Berska<\/p>\n<\/div>\n<\/div>\n<\/div>\n<\/div>\n<\/div>\n<\/div>\n<\/div>\n<\/div>\n<\/div>\n","protected":false},"excerpt":{"rendered":"<p>Mi\u0142osne strofy w wierszach pi\u0119knie wybrzmia\u0142y w wykonaniu poetek i poet\u00f3w z Krakowskiego Oddzia\u0142u ZLP. O mi\u0142o\u015bci bardzo ciekawie m\u00f3wi\u0142 nasz zwi\u0105zkowy kolega prof. Ignacy Stanis\u0142aw Fiut \u2013 poeta, krytyk literatury, prasoznawca, profesor filozofii. Z kolei Robert Marcinkowski przeni\u00f3s\u0142 nas &#8230; <a class=\"more-link\" href=\"https:\/\/zlp-krakow.pl\/?p=2979\">Read More &raquo;<\/a><\/p>\n","protected":false},"author":3,"featured_media":0,"comment_status":"closed","ping_status":"open","sticky":false,"template":"","format":"image","meta":{"footnotes":""},"categories":[12],"tags":[],"class_list":["post-2979","post","type-post","status-publish","format-image","hentry","category-aktualnosci","post_format-post-format-image"],"_links":{"self":[{"href":"https:\/\/zlp-krakow.pl\/index.php?rest_route=\/wp\/v2\/posts\/2979","targetHints":{"allow":["GET"]}}],"collection":[{"href":"https:\/\/zlp-krakow.pl\/index.php?rest_route=\/wp\/v2\/posts"}],"about":[{"href":"https:\/\/zlp-krakow.pl\/index.php?rest_route=\/wp\/v2\/types\/post"}],"author":[{"embeddable":true,"href":"https:\/\/zlp-krakow.pl\/index.php?rest_route=\/wp\/v2\/users\/3"}],"replies":[{"embeddable":true,"href":"https:\/\/zlp-krakow.pl\/index.php?rest_route=%2Fwp%2Fv2%2Fcomments&post=2979"}],"version-history":[{"count":8,"href":"https:\/\/zlp-krakow.pl\/index.php?rest_route=\/wp\/v2\/posts\/2979\/revisions"}],"predecessor-version":[{"id":3009,"href":"https:\/\/zlp-krakow.pl\/index.php?rest_route=\/wp\/v2\/posts\/2979\/revisions\/3009"}],"wp:attachment":[{"href":"https:\/\/zlp-krakow.pl\/index.php?rest_route=%2Fwp%2Fv2%2Fmedia&parent=2979"}],"wp:term":[{"taxonomy":"category","embeddable":true,"href":"https:\/\/zlp-krakow.pl\/index.php?rest_route=%2Fwp%2Fv2%2Fcategories&post=2979"},{"taxonomy":"post_tag","embeddable":true,"href":"https:\/\/zlp-krakow.pl\/index.php?rest_route=%2Fwp%2Fv2%2Ftags&post=2979"}],"curies":[{"name":"wp","href":"https:\/\/api.w.org\/{rel}","templated":true}]}}