{"id":2967,"date":"2017-01-24T09:03:37","date_gmt":"2017-01-24T08:03:37","guid":{"rendered":"http:\/\/zlp-krakow.pl\/?p=2967"},"modified":"2017-03-19T07:52:51","modified_gmt":"2017-03-19T06:52:51","slug":"sprawozdanie-z-dzialalnosci-merytorycznej-ko-zlp-w-roku-2016","status":"publish","type":"post","link":"https:\/\/zlp-krakow.pl\/?p=2967","title":{"rendered":"Sprawozdanie z dzia\u0142alno\u015bci merytorycznej KO ZLP w roku 2016"},"content":{"rendered":"<div>\u00a0\u00a0\u00a0\u00a0\u00a0\u00a0\u00a0\u00a0\u00a0\u00a0\u00a0\u00a0\u00a0\u00a0\u00a0\u00a0\u00a0\u00a0\u00a0\u00a0\u00a0\u00a0\u00a0\u00a0\u00a0\u00a0\u00a0\u00a0\u00a0\u00a0\u00a0\u00a0\u00a0\u00a0\u00a0\u00a0\u00a0\u00a0\u00a0\u00a0\u00a0\u00a0\u00a0\u00a0\u00a0\u00a0\u00a0\u00a0\u00a0\u00a0\u00a0\u00a0\u00a0\u00a0\u00a0\u00a0\u00a0\u00a0\u00a0\u00a0\u00a0\u00a0\u00a0\u00a0\u00a0\u00a0\u00a0\u00a0\u00a0\u00a0\u00a0\u00a0\u00a0\u00a0\u00a0\u00a0\u00a0\u00a0\u00a0\u00a0\u00a0\u00a0\u00a0\u00a0\u00a0\u00a0\u00a0\u00a0\u00a0\u00a0\u00a0\u00a0\u00a0 Krak\u00f3w 02.01.2017<\/div>\n<div><strong>\u00a0<\/strong><\/div>\n<div><strong>Sprawozdanie z dzia\u0142alno\u015bci merytorycznej<\/strong><\/div>\n<div><strong>Zarz\u0105du Krakowskiego Oddzia\u0142u Zwi\u0105zku Literat\u00f3w Polskich<\/strong><\/div>\n<div><strong>za okres od 1. 01.2016 do 1. 01.2017<\/strong><\/div>\n<div><strong>\u00a0<\/strong><\/div>\n<div><strong>\/liczba cz\u0142onk\u00f3w 53 osoby wg za\u0142\u0105czonej listy\/<\/strong><\/div>\n<div><\/div>\n<div><strong>Sk\u0142ad Zarz\u0105du:<\/strong><\/div>\n<div>\n<ol>\n<li>Joanna Krupi\u0144ska-Trzebiatowska \u2013 prezes:,<\/li>\n<li>Alicja Tanew \u2013 wiceprezes,<\/li>\n<li>Anna Pituch-Noworolska \u2013 sekretarz,<\/li>\n<li>Wanda \u0141omnicka-Dulak \u2013 skarbnik,<\/li>\n<li>Andrzej Walter \u2013 cz\u0142onek<\/li>\n<li>Maciej Naglicki \/zmar\u0142y w dniu 31.12.2016 roku\/<\/li>\n<\/ol>\n<\/div>\n<div>W ci\u0105gu 2016 roku dosz\u0142o do nast\u0119puj\u0105cych zmian w sk\u0142adzie Zarz\u0105du:<\/div>\n<div>zrezygnowa\u0142a z cz\u0142onkostwa w ZLP Marzena D\u0105browa Szatko \u2013 Opiekun Ko\u0142a M\u0142odych\u00a0 \u2013\u00a0\u00a0\u00a0 co automatycznie oznacza jej rezygnacj\u0119 z cz\u0142onkostwa w Zarz\u0105dzie.<\/div>\n<div>Obecnie (na dzie\u0144 02.01.2017) w sk\u0142ad Zarz\u0105du wchodzi pi\u0119\u0107 os\u00f3b: co zgodnie z\u00a0 \u00a7 52. zapewnia minimum statutowe.<\/div>\n<div><\/div>\n<div>Komisja Rewizyjna \u2013 Krystyna Jezierska, Roma Jegor, Danuta Su\u0142kowska.<\/div>\n<div>S\u0105d Kole\u017ce\u0144ski \u2013 Leszek Konarski, Dorota Lorenowicz, Irena Kaczmarczyk.<\/div>\n<div><\/div>\n<div><strong>Posiedzenia Zarz\u0105du KO ZLP:<\/strong><\/div>\n<div><\/div>\n<div>Zarz\u0105d zebra\u0142 si\u0119 dwukrotnie\u00a0 w nast\u0119puj\u0105cych dniach:<\/div>\n<div><\/div>\n<div>\n<ol>\n<li>\u2013 <strong>10.03.2016 <\/strong><\/li>\n<\/ol>\n<\/div>\n<div>w sk\u0142adzie: Joanna Trzebiatowska-Krupi\u0144ska, Alicja Tanew, Maciej Naglicki, Anna Pituch-Noworolska.<\/div>\n<div><strong>\u00a0<\/strong><\/div>\n<div><strong>Zagadnienia: <\/strong><\/div>\n<div><strong>\u00a0<\/strong><\/div>\n<div>1\/. schemat wy\u0142aniania kandydat\u00f3w na cz\u0142onk\u00f3w ZLP \u2013 opinia o tw\u00f3rczo\u015bci albo prof. I. Fiuta albo M. Naglickiego a nast\u0119pnie przekazanie tomik\u00f3w czy ksi\u0105\u017cek wraz z opini\u0105 do Komisji Kwalifikacyjnej Zarz\u0105du G\u0142\u00f3wnego w Warszawie.<\/div>\n<div><\/div>\n<div>2\/. Krakowska Noc Poezji \u2013 w\u0142\u0105czamy si\u0119 do tej imprezy a osob\u0105 odpowiedzialn\u0105 za udzia\u0142 jest wiceprezes Alicja Tanew, kt\u00f3ra ma dobra\u0107 wsp\u00f3\u0142pracownik\u00f3w, opracowa\u0107\u00a0 projekt oraz z\u0142o\u017cy\u0107 wniosek o dofinansowanie.<\/div>\n<div><\/div>\n<div>3\/. wydanie publikacji <em>Almanach. Krakowska Noc Poet\u00f3w<\/em> \u2013 Danuta Su\u0142kowska osoba odpowiedzialna za opracowanie redakcyjne oraz kontakt z autorami.<\/div>\n<div><\/div>\n<div>\u00a04\/. wydanie publikacji <em>Literat Krakowski<\/em> \u2013 osoba odpowiedzialna prezes Joanna Krupi\u0144ska-Trzebiatowska; redakcja: Danuta Su\u0142kowska, Maciej Naglicki.<\/div>\n<div><\/div>\n<div>5\/. Organizacja Krakowskiej Nocy Poet\u00f3w \u2013 problem przyjazdu os\u00f3b, kt\u00f3re przysy\u0142aj\u0105 swoje utwory a nast\u0119pnie nie bior\u0105 udzia\u0142u w imprezie, co powoduje stosunkowo ma\u0142\u0105 frekwencj\u0119.<\/div>\n<div><\/div>\n<div>6 \/. Problem pozyskania z Urz\u0119du Miasta Krakowa \u015brodk\u00f3w\u00a0 finansowych na\u00a0 wydanie publikacji <em>Almanach. Krakowska Noc Poet\u00f3w <\/em>\u2013 prezes Joanna Krupi\u0144ska-Trzebiatowska \u2013\u00a0 opracowa\u0142a i z\u0142o\u017cy\u0142a wniosek \u2013 ofert\u0119 realizacji zadania publicznego.<\/div>\n<div><\/div>\n<div>7\/. Problem pozyskania z Urz\u0119du Miasta Krakowa \u015brodk\u00f3w finansowych na wydanie publikacji prozatorskiej <em>Literat Krakowski <\/em>z Urz\u0119du Miasta \u2013 prezes Joanna Krupi\u0144ska-Trzebiatowska\u00a0 opracowa\u0142a i z\u0142o\u017cy\u0142a wniosek \u2013 ofert\u0119 realizacji zadania publicznego.<\/div>\n<div><strong>\u00a0<\/strong><\/div>\n<div>\n<ol start=\"2\">\n<li><strong>2<\/strong>. <strong>\u2013 09.06.2016<\/strong><\/li>\n<\/ol>\n<\/div>\n<div>w sk\u0142adzie: Joanna Trzebiatowska-Krupi\u0144ska, Alicja Tanew, Maciej Naglicki, Anna Pituch-Noworolska<\/div>\n<div><strong>\u00a0<\/strong><\/div>\n<div><strong>Zagadnienia: <\/strong><\/div>\n<div><\/div>\n<div>1\/. <strong>udzia\u0142 KO ZLP w\u00a0 Krakowskiej Nocy Poezji\u00a0 \/11 czerwca 2016 \/<\/strong>.<\/div>\n<div>Impreza mia\u0142a tytu\u0142: \u201e<em>Wersy miasta\u201d Spektakl poetycko \u2013 muzyczny<\/em>, Has\u0142o wywo\u0142awcze: wiersze Przybosia i Peipera.<\/div>\n<div>Scenariusz ramowy i prowadzenie \u2013 Alicja Tanew:<\/div>\n<div>Cz\u0119\u015b\u0107 I Poszukiwanie miejsca<\/div>\n<div>Cz\u0119\u015b\u0107 II Projekty przesz\u0142o\u015bci<\/div>\n<div>Cz\u0119\u015b\u0107 III Komunikacja miejska \u2013 ludzie-betony<\/div>\n<div>Udzia\u0142 \u2013 4 poet\u00f3w i Alicja Tanew \u2013 recytuj\u0105cy wiersze, zesp\u00f3\u0142 \u201ePorfirion\u201d oraz film autorstwa Andrzeja Waltera.<\/div>\n<div>Ustalono szczeg\u00f3\u0142y zadania \/organizacja i spos\u00f3b finansowania \u2013 przygotowanie faktur, umowy z wykonawcami oraz szczeg\u00f3\u0142owe rozliczenie \u2013 wg za\u0142\u0105cznika przygotowanego przez Alicj\u0119 Tanew\/.<\/div>\n<div>2\/. <strong>wydanie kolejnego numeru Literata Krakowskiego <\/strong>\u2013 Danuta Su\u0142kowska wycofa\u0142a si\u0119 z\u00a0 redakcji pisma \/numer\u00a0 zosta\u0142 oddany do druku\/, natomiast pozostaje jako redaktor naczelny publikacji\u00a0 <em>Almanach. Krakowska Noc Poet\u00f3w.<\/em><\/div>\n<div><\/div>\n<div>3\/.\u00a0 <strong>wydanie publikacji<em>\u00a0 Almanach. Krakowska Noc Poet\u00f3w<\/em><\/strong><\/div>\n<div>\/w druku\/<\/div>\n<div><strong>\u00a0<\/strong><\/div>\n<div>4\/. <strong>Organizacja Krakowskiej Nocy Poet\u00f3w <\/strong>\/<strong>30 czerwca 2016\/<\/strong><\/div>\n<div>w Klubie Dziennikarzy Pod Gruszk\u0105<\/div>\n<div>prowadzenie prezes Joanna Krupi\u0144ska-Trzebiatowska i Maciej Naglicki<\/div>\n<div>oprawa muzyczna Izabela Jutrzenka-Trzebiatowska \/bez honorarium\/ oraz Kwartet Antaria \/honorarium z dotacji Urz\u0119du Miasta Krakowa\/<\/div>\n<div><strong>\u00a0<\/strong><\/div>\n<div>5\/. <strong>udzia\u0142 w Krakowskich Targach Ksi\u0105\u017cki \u2013 26 \u2013 30 pa\u017adziernika 2016:<\/strong><\/div>\n<div>prezes Joanna Krupi\u0144ska-Trzebiatowska zawar\u0142a umow\u0119 barterow\u0105 z dyrekcj\u0105 Targ\u00f3w Ksi\u0105\u017cki w Krakowie<\/div>\n<div>\u2013 udzia\u0142 ma polega\u0107, podobnie jak poprzednio, na dy\u017curach na stoisku \/nale\u017cy przygotowa\u0107 harmonogram\/ oraz dw\u00f3ch\u00a0 dyskusjach panelowych, kt\u00f3re nale\u017cy przygotowa\u0107.<\/div>\n<div><\/div>\n<div>6\/. <strong>Rozpocz\u0119cie dzia\u0142alno\u015bci wydawniczej \u2013 Biblioteka KO ZLP Poezji i Proza<\/strong><\/div>\n<div>\u2013 koordynator Danuta Su\u0142kowska<\/div>\n<div><\/div>\n<div>\n<ol start=\"3\">\n<li><strong> 26 .09. 2016 posiedzenie Zarz\u0105du zosta\u0142o odwo\u0142ane na pro\u015bb\u0119 Andrzeja Waltera<\/strong><\/li>\n<\/ol>\n<\/div>\n<div>w Klubie Dziennikarzy Pod Gruszk\u0105 stawi\u0142a si\u0119 Anna Pituch-Noworolska \/prawid\u0142owo powiadomiona\/<\/div>\n<div><\/div>\n<div>Pomimo 2 formalnych posiedze\u0144 Zarz\u0105du prezes pozostawa\u0142 w sta\u0142ym kontakcie z ni\u017cej wymienionymi osobami:<\/div>\n<div><\/div>\n<div>Alicja Tanew (podpisywanie dokument\u00f3w zgodnie z udzielonym trzyosobowym pe\u0142nomocnictwem)<\/div>\n<div>Anna Pituch-Noworolska (protoko\u0142owanie posiedze\u0144 i zebra\u0144 KO ZLP, rozsy\u0142anie informacji i publikacji, generowanie pism, zaprosze\u0144 dla os\u00f3b nie posiadaj\u0105cych internetu, zaprosze\u0144 dla go\u015bci uczestnicz\u0105cych w imprezach),<\/div>\n<div>Wanda \u0141omnicka-Dulak (sprawy finansowe),<\/div>\n<div>Danuta Su\u0142kowska (prowadzenie i aktualizowanie strony internetowej\u00a0 i facebook\u2019owej, publikacje KO ZLP , biblioteka KO ZLP, przygotowywanie baner\u00f3w, plakat\u00f3w, \u00a0rozsy\u0142anie zaprosze\u0144 i \u00a0info e-mailowych).<\/div>\n<div><strong>\u00a0<\/strong><\/div>\n<div><strong>V<\/strong><\/div>\n<div><strong>\u00a0<\/strong><\/div>\n<div><strong>Spotkania autorskie zorganizowane przez Zarz\u0105d KO ZLP:<\/strong><\/div>\n<div>W okresie sprawozdawczym odby\u0142o si\u0119:<\/div>\n<div><strong>17 spotka\u0144 autorskich<\/strong><\/div>\n<div><strong>\/<\/strong>po\u0142\u0105czonych z promocj\u0105 tomik\u00f3w poezji lub ksi\u0105\u017cek prozatorskich. We wszystkich spotkaniach autorom przedstawiaj\u0105cym swoje publikacje towarzyszy\u0142a muzyka, cz\u0119sto utwory \u015bpiewane w wykonaniu artyst\u00f3w oraz s\u0142owo krytyczne (prof. I. Fiut, prof. B. Faron, M. Naglicki, D. Klimczak)\/<\/div>\n<div><strong>a ponadto imprezy sztandarowe:<\/strong><\/div>\n<div><strong>Krakowska Noc Poet\u00f3w<\/strong><\/div>\n<div><strong>Udzia\u0142 KO ZLP w Krakowskiej Nocy Poezji<\/strong><\/div>\n<div><strong>Udzia\u0142 KO ZLP w Mi\u0119dzynarodowych Targach Ksi\u0105\u017cki w Krakowie, <\/strong><\/div>\n<div>gdzie 20 autor\u00f3w prezentowa\u0142o swoj\u0105 tw\u00f3rczo\u015b\u0107 poetyck\u0105 i prozatorsk\u0105 na stoisku KO ZLP<\/div>\n<div>w formie p\u00f3\u0142toragodzinnych dy\u017cur\u00f3w zgodnie z za\u0142\u0105czonym harmonogramem oraz<\/div>\n<div>bra\u0142o udzia\u0142 w dw\u00f3ch dyskusjach panelowych:<\/div>\n<div>\u2013 28.10.2016 \u2013 \u201eDlaczego nasze dzie\u0142a nie s\u0105 t\u0142umaczone na j\u0119zyki obce\u201d \u2013 prowadzenie: Leszek Konarski.<\/div>\n<div>\u2013 29.10.2016 \u2013 \u201ePrezentacja tw\u00f3rczo\u015bci literackiej, poetyckiej i prozatorskiej KO ZLP w kontek\u015bcie funkcjonowania ich dzie\u0142 na rynku wydawniczym, w mediach oraz w \u015bwiadomo\u015bci spo\u0142ecznej\u201d. Udzia\u0142: Danuta Su\u0142kowska, Maciej Naglicki i Ignacy Fiut. Przygotowanie i prowadzenie: Joanna Krupi\u0144ska-Trzebiatowska.<\/div>\n<div><\/div>\n<div><strong>Klub Dziennikarzy \u201ePod Gruszk\u0105\u201d\u00a0 <\/strong>\u2013 <strong>13 \u00a0spotka\u0144 literackich:<\/strong><\/div>\n<div>1\/. \u2013 11.02.2016 \u2013 WALENTYNKI. Wiersze mi\u0142osne w\u0142asne i znanych poet\u00f3w<\/div>\n<div>czytali obecni poeci.<\/div>\n<div>2\/. \u2013 10.03.2016 \u2013 Marzena D\u0105browa-Szatko \u2013 \u201eProsz\u0119 si\u0119 przygotowa\u0107\u201d \u2013 prowadzenie Alicja Tanew<\/div>\n<div>3\/. \u2013 22.03.2016 \u2013 Wiecz\u00f3r Joanny Sebesty. S\u0142owo krytyczne i prowadzenie \u2013 Maciej Naglicki<\/div>\n<div>4\/. \u2013 14.04. 2016 \u2013 Wiecz\u00f3r Roberta Marcinkowskiego \u2013 \u201eTfurczo\u015b\u0107 radosna\u201d. Oprawa muzyczna \u2013 zesp\u00f3\u0142: \u201eBez zobowi\u0105za\u0144\u201d.<\/div>\n<div>5\/. \u2013 26.04. 2016 Alicja Tanew \u2013 cykl: Pie\u015bni dla Erato \u2013 \u201eZamieni\u0119 kurtk\u0119 na mi\u0142o\u015b\u0107\u201d. S\u0142owo krytyczne \u2013 prof. B. Faron,\u00a0 prowadzenie Marzena D\u0105browa-Szatko<\/div>\n<div>6\/. \u2013 12.05.2016 Janusz Orlikowski \u2013 \u201eRaj, kt\u00f3ry widzia\u0142em\u201d. S\u0142owo krytyczne i prowadzenie \u2013 prof. I. Fiut<\/div>\n<div>7\/. \u2013 09.06.2016 Ma\u0142gorzata Skwarek-Ga\u0142\u0119ska \u2013 cykl \u2013 Pie\u015bni dla Erato. S\u0142owo krytyczne \u2013 Dariusz Klimczak \u2013 oprawa muzyczna Ryszard Krause, prowadzenie Joanna Krupi\u0144ska-Trzebiatowska.<\/div>\n<div>8\/. \u2013 24.05.2016 \u2013 J\u00f3zef Lipiec \u2013 \u201eFilozofia mi\u0142o\u015bci\u201d. Wiecz\u00f3r po\u0142\u0105czony z wystaw\u0105 tw\u00f3rczo\u015bci malarskiej Janusza Trzebiatowskiego<\/div>\n<div>9\/ \u2013 11.06.2016 \u2013 Krakowska Noc Poezji<\/div>\n<div>\u201eWersy miasta\u201d. Wiersze czytali: Alicja Tanew, Marzena D\u0105browa Szatko, Irena Kaczmarczyk, Robert Marcinkowski, Andrzej Walter. Fotograficzny pokaz multimedialny \u2013 Andrzej Walter. Oprawa muzyczna \u2013 Porfirion<\/div>\n<div>10\/. \u2013 30.06.2016 Krakowska Noc Poet\u00f3w<\/div>\n<div>\u00a0po\u0142\u0105czona z promocj\u0105 publikacji KO ZLP:<\/div>\n<div><em>Almanach. Krakowska Noc Poet\u00f3w<\/em><\/div>\n<div><em>Literat Krakowski Nr 9\/ 2016<\/em><\/div>\n<div>prowadzenie prezes Joanna Krupi\u0144ska-Trzebiatowska i Maciej Naglicki<\/div>\n<div>oprawa muzyczna: Izabela Jutrzenka-Trzebiatowska \/bez honorarium\/ oraz Kwartet Antaria \/honorarium z dotacji Urz\u0119du Miasta Krakowa\/<\/div>\n<div>11\/. \u2013 10.11.2016 \u2013 Maciej Naglicki \u2013 prezentacja tw\u00f3rczo\u015bci Ko\u0142a M\u0142odych<\/div>\n<div>12\/. \u2013 08.12.2016 \u2013 Barbara Paluchowa \u2013 \u201eTam, gdzie rosn\u0105 gorzkie kwiaty\u201d. S\u0142owo o tw\u00f3rczo\u015bci: prof. I. Fiut. Prowadzenie: Anna Pituch-Noworolska<\/div>\n<div>13\/. \u2013 19.12.2016 Spotkanie op\u0142atkowe \u2013 Wiersze\u00a0 Bo\u017conarodzeniowe w\u0142asne i znanych poet\u00f3w czytali obecni poeci. Prowadzenie Joanna Krupi\u0144ska-Trzebiatowska<\/div>\n<div>oprawa muzyczna:\u00a0 Izabela Jutrzenka-Trzebiatowska \u2013 fortepian \/bez honorarium\/ i Matylda Sielska \/wokal\/<\/div>\n<div><strong>\u015ar\u00f3dmiejski O\u015brodek Kultury <\/strong>\u2013 <strong>5\u00a0 spotka\u0144 literackich:<\/strong><\/div>\n<div>1\/. \u2013 30.03.2016 \u2013 Irena Kaczmarczyk \u2013 \u201eKanonicza 14\u201d \u2013 prowadzenie Alicja Tanew<\/div>\n<div>2\/. \u2013 15.04.2016 \u2013 Dorota Lorenowicz \u2013 \u201ePomi\u0119dzy Tob\u0105 a Mn\u0105\u201d. Muzyka \u2013 Gra\u017cyna \u0141apuszek<\/div>\n<div>3\/. \u2013 21.09.2016 \u2013 Beata Zalot \u2013 \u201eOpowie\u015bci niedoko\u0144czone\u201d. Po\u0142\u0105czone z wernisa\u017cem tw\u00f3rczo\u015bci malarskiej Szymona Kruczka<\/div>\n<div>4\/. \u2013 13.10.2016 \u2013 wiecz\u00f3r po\u015bwi\u0119cony tw\u00f3rczo\u015bci Juliana Kawalca<\/div>\n<div>S\u0142owo o autorze: prof. Boles\u0142aw\u00a0 Faron<\/div>\n<div>Prezentacja prozy: Maciej Naglicki, prowadzenie: Joanna Krupi\u0144ska-Trzebiatowska<\/div>\n<div>5\/. \u2013 15.11.2016\u00a0 \u2013 Prezentacja tw\u00f3rczo\u015bci Janusza Trzebiatowskiego \u2013<\/div>\n<div>oprawa muzyczna Jan Oberbek<\/div>\n<div><strong>Muzeum Erazma Cio\u0142ka \u2013 Oddzia\u0142 Muzeum Narodowego w Krakowie <\/strong><\/div>\n<div>30.9.2016 \u2013 Salon poezji Janusza Trzebiatowskiego \u2013 jubileusz 80.lecia artysty<\/div>\n<div>Prezentacja wierszy: Maciej Naglicki<\/div>\n<div>Prowadzenie: Joanna Krupi\u0144ska-Trzebiatowska<\/div>\n<div>Oprawa muzyczna: Bogus\u0142awa Hubisz-Sielska \/alt\u00f3wka\/ i Mariusz Sielski \/fortepian\/ \u2013 \u00a0honoraria p\u0142atne przez Stowarzyszenie Tw\u00f3rcze POLART<\/div>\n<div><strong>\u00a0<\/strong><\/div>\n<div><strong>Scena ATA<\/strong><\/div>\n<div>\u2013 26.10.2016 \u2013 \u201eDwie Alicje z Krainy Poezji\u201d \u2013 Alicja Tanew i Alicja Zemanek \u2013 prowadzenie Dariusz Piotr Klimczak<\/div>\n<div>\u2013 04.11.2016 \u2013 Zaduszki poetyckie dla Ryszarda Rodzika. Prowadzenie Alicja Tanew<\/div>\n<div><strong>\u00a0<\/strong><\/div>\n<div><strong>Inne imprezy<\/strong>:<\/div>\n<div>06.10. \u2013 09.10.2016\u00a0 Warszawska Jesie\u0144 Poezji \u2013 udzia\u0142 w spotkaniach<\/div>\n<div>07.11. \u2013 11.11.2016 Pozna\u0144ski Mi\u0119dzynarodowy Listopad Poetycki \u2013 udzia\u0142 w spotkaniach.<\/div>\n<div>12.11. \u2013 16.11.2016 Festiwal \u201ePoeci bez granic\u201d Polanica Zdr\u00f3j, Wroc\u0142aw \u2013 udzia\u0142 w spotkaniach<\/div>\n<div>\n<p><strong>NCK Salon literacko-muzyczny<\/strong><\/p>\n<p>29,11,2016 \u2013 \u201eRoztargnienie jesieni\u201d \u2013 Roma Jegor<\/p>\n<\/div>\n<div><\/div>\n<div><strong>VI<\/strong><\/div>\n<div><strong>Publikacje:<\/strong><\/div>\n<div><strong>\u00a0<\/strong><\/div>\n<div>\n<ol>\n<li><strong><em> Almanach. Krakowska Noc Poet\u00f3w<\/em><\/strong> pod redakcj\u0105 Danuty Su\u0142kowskiej.<\/li>\n<li><strong><em> Literat Krakowski Nr 9\/ 2016<\/em><\/strong> pod redakcj\u0105 Joanny Krupi\u0144skiej-Trzebiatowskiej, Macieja Naglickiego i Danuty Su\u0142kowskiej. W przygotowaniu kolejny (10) numer Literata Krakowskiego.<\/li>\n<\/ol>\n<\/div>\n<div>Obydwie pozycje wydawnicze by\u0142y wydane z udzia\u0142em finansowym Miasta Krakowa \u2013 \u00a0opracowaniem i z\u0142o\u017ceniem wniosk\u00f3w o dofinansowanie, aktualizacj\u0105 harmonogram\u00f3w, zawarciem um\u00f3w z Urz\u0119dem Miasta Krakowa, jak r\u00f3wnie\u017c z rozliczeniem dotacji zajmowa\u0142a si\u0119 wy\u0142\u0105cznie prezes Joanna Krupi\u0144ska-Trzebiatowska.<\/div>\n<div>Ponadto z\u0142o\u017cone zosta\u0142y wnioski o wsparcie finansowe w 2017 roku.<\/div>\n<div><strong>Promocja <\/strong><\/div>\n<div>W ramach dzia\u0142a\u0144 promocyjnych ostatni numer Literata Krakowskiego oraz <strong><em>Almanach. Krakowska Noc Poet\u00f3w<\/em><\/strong> zosta\u0142 wys\u0142any do prezes\u00f3w wszystkich Oddzia\u0142\u00f3w terenowych ZLP z zaproszeniem do wsp\u00f3\u0142pracy i publikacji na \u0142amach Literata.<\/div>\n<div><strong>\u00a0<\/strong><\/div>\n<div>\n<ol start=\"3\">\n<li><strong> Biblioteka KO ZLP <\/strong><\/li>\n<\/ol>\n<\/div>\n<div><strong>Ksi\u0105\u017cki i tomiki poezji by\u0142y wydawane nak\u0142adem autor\u00f3w i\/lub sponsor\u00f3w. <\/strong><\/div>\n<div><strong><em>Krakowska Noc Poet\u00f3w. Almanach XLIII<\/em><\/strong><em><br \/>\n<strong>Krakowska Noc Poet\u00f3w. Almanach XLIV<\/strong><\/em><\/div>\n<div><strong><em>Literat Krakowski<\/em><\/strong> \u2013 3 numery<br \/>\n<strong>Poezja: <\/strong><\/div>\n<div>Danuta Su\u0142kowska, <strong><em>Manipulowanie zegarem<\/em><\/strong><br \/>\nIrena Kaczmarczyk, <strong><em>Si\u00f3dmy kontynent<\/em><\/strong><br \/>\nDorota Lorenowicz, <strong><em>Pomi\u0119dzy Tob\u0105 a Mn\u0105<\/em><\/strong><br \/>\nIrena Kaczmarczyk, <strong><em>Kanonicza 14<\/em><\/strong><br \/>\nJoanna Krupi\u0144ska-Trzebiatowska, <strong><em>Puste ob\u0142oki<\/em><\/strong><br \/>\nIrena Kaczmarczyk, <strong><em>Zerwane z \u0142\u0105ki<\/em><\/strong><br \/>\n<strong>Proza: <\/strong><\/div>\n<div>Joanna Krupi\u0144ska-Trzebiatowska, <strong><em>Zdrada<\/em><\/strong><\/div>\n<div><strong>Dramat: <\/strong><\/div>\n<div>Joanna Krupi\u0144ska-Trzebiatowska, <strong><em>Syn Margo<\/em><\/strong><\/div>\n<div><\/div>\n<div><strong>\u00a0\u00a0\u00a0\u00a0\u00a0\u00a0\u00a0\u00a0\u00a0\u00a0\u00a0\u00a0\u00a0\u00a0\u00a0\u00a0\u00a0\u00a0\u00a0\u00a0\u00a0\u00a0\u00a0\u00a0\u00a0\u00a0\u00a0\u00a0\u00a0\u00a0\u00a0\u00a0\u00a0\u00a0\u00a0\u00a0\u00a0\u00a0\u00a0\u00a0\u00a0\u00a0\u00a0\u00a0\u00a0\u00a0\u00a0\u00a0\u00a0\u00a0\u00a0\u00a0 VII<\/strong><\/div>\n<div><\/div>\n<div><strong>Dzia\u0142alno\u015b\u0107 warsztatowa i szkoleniowa <\/strong><\/div>\n<div>Dzia\u0142a aktywnie Ko\u0142o M\u0142odych prowadzone przez Marzen\u0119 D\u0105brow\u0119-Szatko a po jej rezygnacji przez Macieja Naglickiego. Z powodu tragicznej \u015bmierci Macieja Naglickiego zostanie zaproponowany nowy opiekun Ko\u0142a M\u0142odych. W planie spotkanie autorskie z prezentacj\u0105 dorobku cz\u0142onk\u00f3w Ko\u0142a M\u0142odych.<\/div>\n<div><strong>\u00a0<\/strong><\/div>\n<div><strong>\u00a0\u00a0\u00a0\u00a0\u00a0\u00a0\u00a0\u00a0\u00a0\u00a0\u00a0\u00a0\u00a0\u00a0\u00a0\u00a0\u00a0\u00a0\u00a0\u00a0\u00a0\u00a0\u00a0\u00a0\u00a0\u00a0\u00a0\u00a0\u00a0\u00a0\u00a0\u00a0\u00a0\u00a0\u00a0\u00a0\u00a0\u00a0\u00a0\u00a0\u00a0\u00a0\u00a0\u00a0\u00a0\u00a0\u00a0\u00a0\u00a0\u00a0 VIII<\/strong><\/div>\n<div><strong>Wsp\u00f3\u0142praca:<\/strong><\/div>\n<div><strong>1.Inne Oddzia\u0142y ZLP <\/strong><\/div>\n<div>\n<ol start=\"2\">\n<li><strong> Inne organizacje pozarz\u0105dowe<\/strong><\/li>\n<li><strong> Biblioteki<\/strong><\/li>\n<\/ol>\n<\/div>\n<div><strong>4.Mi\u0119dzynarodowe Targi Ksi\u0105\u017cki w Krakowie<\/strong><\/div>\n<div>\n<ol start=\"5\">\n<li><strong> Urz\u0105d Miasta Krakowa<\/strong><\/li>\n<\/ol>\n<\/div>\n<div>\n<ol>\n<li>1<\/li>\n<\/ol>\n<\/div>\n<div>Do udzia\u0142u w publikacjach KO ZLP zapraszani s\u0105 cz\u0142onkowie wszystkich pozosta\u0142ych oddzia\u0142\u00f3w ZLP.<\/div>\n<div><em>Almanach<\/em> i <em>Literat<\/em> rozsy\u0142ane s\u0105 do prezes\u00f3w wszystkich pozosta\u0142ych oddzia\u0142\u00f3w ZLP.<\/div>\n<div><\/div>\n<div>Ad. 2<\/div>\n<div>KO ZLP utrzymuje sta\u0142\u0105 wsp\u00f3\u0142prac\u0119 ze Stowarzyszeniem Tw\u00f3rczym POLART z siedzib\u0105 w Krakowie, do kt\u00f3rego nale\u017c\u0105 na r\u00f3wnych prawach cz\u0142onkowie ZLP oraz SPP, a ponadto nawi\u0105za\u0142o wsp\u00f3\u0142prac\u0119 z Uni\u0105 Polskich Pisarzy Lekarzy, kt\u00f3rej Zarz\u0105d G\u0142\u00f3wny ma obecnie siedzib\u0119 w Krakowie a prezesem jest profesor Waldemar H\u0142adki.<\/div>\n<div>Wsp\u00f3\u0142praca w obu wypadkach polega na kierowaniu wzajemnych zaprosze\u0144 do udzia\u0142u w organizowanych spotkaniach i imprezach. Ponadto w imprezach UPPL bierze udzia\u0142 A. Pituch-Nowrolska b\u0119d\u0105ca cz\u0142onkiem obydwu stowarzysze\u0144 tw\u00f3rczych.<\/div>\n<div>Ad.3<\/div>\n<div>Dosz\u0142o do nawi\u0105zania wsp\u00f3\u0142pracy z MBP w Starym i Nowym S\u0105czu (D. Su\u0142kowska)<\/div>\n<div>i Nowym Targu, \u0141odzi (Joanna Krupi\u0144ska-Trzebiatowska).<\/div>\n<div>Ponadto zosta\u0142a nawi\u0105zana i utrzymywana wsp\u00f3\u0142praca z\u00a0 Bibliotek\u0105 Publiczn\u0105 w Krakowie (ul. Kr\u00f3lewska) w postaci utworzonej p\u00f3\u0142ki\u00a0 zatytu\u0142owanej: \u201eWsp\u00f3\u0142cze\u015bni Poeci Krakowscy\u201d z tomikami wydawanymi przez cz\u0142onk\u00f3w KO ZLP (A. Pituch-Noworolska).<\/div>\n<div>Na podstawie uzgodnie\u0144 w Wojew\u00f3dzkiej Bibliotece Publicznej jest siedzib\u0105 Ko\u0142a M\u0142odych.<\/div>\n<div>Ad. 4<\/div>\n<div>KO ZLP posiada umow\u0119 barterow\u0105 z Mi\u0119dzynarodowymi Targami Ksi\u0105\u017cki w Krakowie<\/div>\n<div>Ad. 5<\/div>\n<div>KO ZLP wsp\u00f3\u0142pracuje z Wydzia\u0142em Kultury i dziedzictwa Narodowego Urz\u0119du Miasta Krakowa, kt\u00f3ry wsp\u00f3\u0142finansuje wydawanie Almanachu Krakowskiej Nocy Poet\u00f3w oraz Literata Krakowskiego a ponadto udzial KO ZLP w Krakowskiej Nocy Poezji.<\/div>\n<div>Prezes Joanna Krupi\u0144ska-Trzebiatowska jest cz\u0142onkiem Komisji Stypendi\u00f3w Tw\u00f3rczych Miasta Krakowa.<\/div>\n<div><\/div>\n<div><strong>IX<\/strong><\/div>\n<div><strong>Problemy:<\/strong><\/div>\n<div>Problemem numer jeden jest <strong>brak siedziby KO ZLP<\/strong> pozwalaj\u0105cej na organizowanie w spos\u00f3b bezproblemowy dzia\u0142alno\u015bci statutowej \/Hotel Rubinstein zapewnia siedzib\u0119 formaln\u0105 oraz adres dla korespondencji\/.<\/div>\n<div>Niestety rozmowy prowadzone przez prezes Joann\u0119 Krupi\u0144sk\u0105-Trzebiatowsk\u0105 z w\u0142adzami miasta: dyrektorem Wydzia\u0142u Kultury i Dziedzictwa Narodowego Stanis\u0142awem Dziedzicem, wiceprezydentem Andrzejem Kuligiem, przewodnicz\u0105cym Rady Miasta Bogus\u0142awem Ko\u015bmidrem, przewodnicz\u0105c\u0105 Komisji Kultury Ma\u0142gorzat\u0105 Jantos \u2013 nie przynios\u0142y rezultatu. M\u00f3wi si\u0119 o mo\u017cliwo\u015bci pozyskania lokalu w trybie bezprzetargowym po uruchomieniu stosownej procedury, co jednak wi\u0105za\u0142oby si\u0119 z op\u0142acaniem czynszu oraz op\u0142at za media i przekracza\u0142o wp\u0142ywy pozyskiwane przez KO ZLP ze sk\u0142adek.<\/div>\n<div>Z tym problemem wi\u0105\u017ce si\u0119 problem <strong>braku zewn\u0119trznego finansowania KO ZLP<\/strong><\/div>\n<div>(poza dotacjami celowymi na wydanie <em>Almanachu<\/em> i <em>Literata Krakowskiego<\/em>).<\/div>\n<div><strong>Wp\u0142ywy pozyskiwane ze sk\u0142adek nie pozwalaj\u0105 <em>de facto<\/em> na realizowanie zada\u0144 statutowych, a w szczeg\u00f3lno\u015bci na prowadzenie dzia\u0142alno\u015bci wydawniczej.<\/strong> Gdyby taka dzia\u0142alno\u015b\u0107 by\u0142a prowadzona, liczba cz\u0142onk\u00f3w KO ZLP zapewne rych\u0142o uleg\u0142aby zwi\u0119kszeniu.Dalej zauwa\u017ca si\u0119, \u017ce brak \u015brodk\u00f3w finansowych na prowadzenie dzia\u0142alno\u015bci wydawniczej KO ZLP i ZLP w og\u00f3le, pozostaj\u0105cy w koincydencji z totalnym zmerkantylizowaniem rynku wydawniczego i polityk\u0105 wydawnicz\u0105 wydawnictw, dla kt\u00f3rych liczy si\u0119 wy\u0142\u0105cznie zysk a nie warto\u015bci dzie\u0142a, przy czym poezja pozostaje poza wszelkim ich zainteresowaniem, powoduje, \u017ce autor a szczeg\u00f3lnie m\u0142ody niedysponuj\u0105cy zasobami finansowymi jest bezradny i praktycznie pozyskanie trzech wymaganych przez Statut ZLP publikacji graniczy z cudem.W tej sytuacji trudno oczekiwa\u0107, \u017ce przybywa\u0107 b\u0119dzie cz\u0142onk\u00f3w KO ZLP, a pozyskiwa\u0107 by ich mo\u017cna poprzez sponsoring wydawniczy, na co KO ZLP nie sta\u0107.<\/div>\n<div><\/div>\n<div>Problemem jest <strong>niska frekwencja na spotkaniach autorskich<\/strong> i organizowanych imprezach a w tym w dyskusjach panelowych podczas Targ\u00f3w Ksi\u0105\u017cki, kt\u00f3re s\u0105 elementem umowy barterowej z Targami \u2013 stoisko bez \u017cadnych op\u0142at.<\/div>\n<div>Na promocji nowo wydanych dzie\u0142 najcz\u0119\u015bciej pojawiaj\u0105 si\u0119 osoby zaprzyja\u017anione z autorem, natomiast liczba cz\u0142onk\u00f3w KO ZLP jest zazwyczaj niska i najcz\u0119\u015bciej ogranicza si\u0119 do kilku os\u00f3b, nie licz\u0105c prowadz\u0105cego spotkanie przedstawiciela Zarz\u0105du. Stanowi to powa\u017cny problem i niestety dzia\u0142ania polegaj\u0105ce na zach\u0119ceniu cz\u0142onk\u00f3w s\u0105 nieskuteczne \u2013 problem pozostaje nierozwi\u0105zany.<\/div>\n<div>Niezale\u017cnym problemem by\u0142 prowadzony jesieni\u0105 2016 remont Klubu Dziennikarzy \u201ePod Gruszk\u0105\u201d, kt\u00f3ry spowodowa\u0142 konieczno\u015b\u0107 szukania nowych miejsc na spotkania autorskie takie jak Muzeum Erazma Cio\u0142ka, gdzie rozpocz\u0119to powakacyjn\u0105 dzia\u0142alno\u015b\u0107 30 wrze\u015bnia 2016.<\/div>\n<div><strong>\u00a0<\/strong><\/div>\n<div><strong>\u00a0\u00a0\u00a0\u00a0\u00a0\u00a0\u00a0\u00a0\u00a0\u00a0\u00a0\u00a0\u00a0\u00a0\u00a0\u00a0\u00a0\u00a0\u00a0\u00a0\u00a0\u00a0\u00a0\u00a0\u00a0\u00a0\u00a0\u00a0\u00a0\u00a0\u00a0\u00a0\u00a0\u00a0\u00a0\u00a0\u00a0\u00a0\u00a0\u00a0\u00a0\u00a0\u00a0\u00a0\u00a0\u00a0\u00a0\u00a0\u00a0\u00a0\u00a0\u00a0\u00a0\u00a0\u00a0\u00a0\u00a0\u00a0\u00a0\u00a0\u00a0\u00a0\u00a0\u00a0\u00a0\u00a0\u00a0\u00a0 \u00a0\u00a0\u00a0\u00a0\u00a0\u00a0\u00a0\u00a0\u00a0\u00a0\u00a0\u00a0\u00a0\u00a0\u00a0\u00a0\u00a0Joanna Krupi\u0144ska-Trzebiatowska<\/strong><\/div>\n<div><strong>\u00a0<\/strong><\/div>\n<div><strong>\u00a0\u00a0\u00a0\u00a0\u00a0\u00a0\u00a0\u00a0\u00a0\u00a0\u00a0\u00a0\u00a0\u00a0\u00a0\u00a0\u00a0\u00a0\u00a0\u00a0\u00a0\u00a0\u00a0\u00a0\u00a0\u00a0\u00a0\u00a0\u00a0\u00a0\u00a0\u00a0\u00a0\u00a0\u00a0\u00a0\u00a0\u00a0\u00a0\u00a0\u00a0\u00a0\u00a0\u00a0\u00a0\u00a0\u00a0\u00a0\u00a0\u00a0\u00a0\u00a0\u00a0\u00a0\u00a0 \u00a0\u00a0\u00a0\u00a0\u00a0\u00a0\u00a0\u00a0\u00a0\u00a0\u00a0\u00a0\u00a0\u00a0\u00a0\u00a0\u00a0\u00a0\u00a0\u00a0\u00a0\u00a0\u00a0\u00a0\u00a0\u00a0\u00a0\u00a0\u00a0 Alicja Tanew<\/strong><\/div>\n<div><strong>\u00a0<\/strong><\/div>\n<div><strong>\u00a0\u00a0\u00a0\u00a0\u00a0\u00a0\u00a0\u00a0\u00a0\u00a0\u00a0\u00a0\u00a0\u00a0\u00a0\u00a0\u00a0\u00a0\u00a0\u00a0\u00a0\u00a0\u00a0\u00a0\u00a0\u00a0\u00a0\u00a0\u00a0\u00a0\u00a0\u00a0\u00a0\u00a0\u00a0\u00a0\u00a0\u00a0\u00a0\u00a0\u00a0\u00a0\u00a0\u00a0\u00a0\u00a0\u00a0\u00a0\u00a0\u00a0\u00a0\u00a0\u00a0\u00a0\u00a0\u00a0\u00a0\u00a0\u00a0\u00a0\u00a0\u00a0\u00a0\u00a0\u00a0\u00a0\u00a0\u00a0\u00a0\u00a0\u00a0\u00a0\u00a0\u00a0\u00a0\u00a0\u00a0\u00a0\u00a0\u00a0\u00a0\u00a0\u00a0\u00a0\u00a0 Anna Pituch-Noworolska<\/strong><\/div>\n<div><strong>\u00a0<\/strong><\/div>\n<div><strong>\u00a0\u00a0\u00a0\u00a0\u00a0\u00a0\u00a0\u00a0\u00a0\u00a0\u00a0\u00a0\u00a0\u00a0\u00a0\u00a0\u00a0\u00a0\u00a0\u00a0\u00a0\u00a0\u00a0\u00a0\u00a0\u00a0\u00a0\u00a0\u00a0\u00a0\u00a0\u00a0\u00a0\u00a0\u00a0\u00a0\u00a0\u00a0\u00a0\u00a0\u00a0\u00a0\u00a0\u00a0\u00a0\u00a0\u00a0\u00a0\u00a0\u00a0\u00a0\u00a0\u00a0\u00a0\u00a0\u00a0\u00a0\u00a0\u00a0\u00a0\u00a0\u00a0\u00a0\u00a0\u00a0\u00a0\u00a0\u00a0\u00a0\u00a0\u00a0\u00a0\u00a0\u00a0\u00a0\u00a0\u00a0\u00a0\u00a0\u00a0\u00a0\u00a0\u00a0\u00a0\u00a0 Wanda \u0141omnicka-Dulak<\/strong><\/div>\n<div><strong>\u00a0<\/strong><\/div>\n<div><strong>\u00a0\u00a0\u00a0\u00a0\u00a0\u00a0\u00a0\u00a0\u00a0\u00a0\u00a0\u00a0\u00a0\u00a0\u00a0\u00a0\u00a0\u00a0\u00a0\u00a0\u00a0\u00a0\u00a0\u00a0\u00a0\u00a0\u00a0\u00a0\u00a0\u00a0\u00a0\u00a0\u00a0\u00a0\u00a0\u00a0\u00a0\u00a0\u00a0\u00a0\u00a0\u00a0\u00a0\u00a0\u00a0\u00a0\u00a0\u00a0\u00a0\u00a0\u00a0\u00a0\u00a0\u00a0 \u00a0\u00a0\u00a0\u00a0\u00a0\u00a0\u00a0\u00a0\u00a0\u00a0\u00a0\u00a0\u00a0\u00a0\u00a0\u00a0\u00a0\u00a0\u00a0\u00a0\u00a0\u00a0\u00a0\u00a0\u00a0\u00a0\u00a0\u00a0\u00a0\u00a0\u00a0\u00a0Andrzej Walter\u00a0\u00a0\u00a0\u00a0\u00a0\u00a0\u00a0\u00a0\u00a0\u00a0\u00a0\u00a0\u00a0\u00a0\u00a0\u00a0\u00a0<\/strong><\/div>\n<div>\n<hr \/>\n<\/div>\n<div>\n<p>Krak\u00f3w, dn. 15-06-2016r<\/p>\n<p><strong>Sprawozdanie z wykonania przez Krakowski Oddzia\u0142 Zwi\u0105zku Literat\u00f3w Polskich programu w ramach VI edycji NOCY POEZJI 201 wchodz\u0105cej w sk\u0142ad projektu \u201eKrakowskie Noce 2016\u201d<\/strong><\/p>\n<p>Dnia 11 czerwca 2016r zaprezentowany zosta\u0142 spektaklpoetycku-muzyczny \u201eWersy Miasta\u201d wg scenariusza Alicji Tanew.<\/p>\n<p>Spotkanie odby\u0142o si\u0119 w Klubie Dziennikarzy \u201ePod Gruszk\u0105\u201d ul. Szczepa\u0144ska 1 w Krakowie o godz. 18:00. Wzi\u0119li w niej udzia\u0142 poeci, kt\u00f3rzy prezentowali wiersze w\u0142asne oraz wiersze poet\u00f3w, nale\u017c\u0105cych do ZLP. Oprawa muzyczna zespo\u0142u NGT \u201ePorfilion\u201d oraz autorski pokaz multimedialny sk\u0142ada\u0142y si\u0119 na ca\u0142o\u015b\u0107 przedsi\u0119wzi\u0119cia. Go\u015bci, bior\u0105cych udzia\u0142 w spotkaniu, by\u0142o 42 osoby.<\/p>\n<p>W por\u00f3wnaniu z wieczorami autorskimi, na kt\u00f3rych frekwencja wynosi od 10 do 18 os\u00f3b nale\u017cy uzna\u0107 to za dobr\u0105 frekwencj\u0119.<\/p>\n<p>Alicja Tanew<\/p>\n<p>Wiceprezes KO ZLP<\/p>\n<hr \/>\n<p><strong><br \/>\n<\/strong><strong>Za\u0142\u0105cznik do sprawozdania\u00a0 dzia\u0142alno\u015bci merytorycznej Zarz\u0105du Krakowskiego Oddzia\u0142u Zwi\u0105zku Literat\u00f3w Polskich za okres od 1. 01.2016 do 1. 01.2017 odno\u015bnie udzia\u0142u KO ZLP w\u00a0 Krakowskiej Nocy Poezji\u00a0 \/ 11 czerwca 2016 \/.<\/strong><\/p>\n<p>Przygotowany przez Alicj\u0119 Tanew scenariusz Krakowskiej Nocy Poezji uzyska\u0142 akceptacj\u0119 i dotacj\u0119 z Gminy Miejskiej Krak\u00f3w w wysoko\u015bci 2000 z\u0142otych. W tym przedmiocie zosta\u0142a zawarta umowa pomi\u0119dzy \u015ar\u00f3dmiejskim O\u015brodkiem Kultury a Krakowskim Oddzia\u0142em ZLP. W projekcie wzi\u0119\u0142o udzia\u0142 4 poet\u00f3w, prowadz\u0105ca Alicja Tanew oraz zesp\u00f3\u0142 \u201ePorfirion\u201d, kt\u00f3rzy w oparciu o umowy o dzie\u0142o zawarte z KOZLP otrzymali wynagrodzenie za udzia\u0142 w Krakowskiej Nocy Poezji p\u0142atne w oparciu o rachunki wystawione przez wykonawc\u00f3w w nast\u0119puj\u0105cy spos\u00f3b:<\/p>\n<p>Alicja Tanew \u2013 bez wynagrodzenia<\/p>\n<p>Irena Kaczmarczyk \u2013 250 z\u0142otych<\/p>\n<p>Marzena D\u0105browa &#8211; Szatko \u2013 250 z\u0142otych<\/p>\n<p>Robert Marcinkowski \u2013 250 z\u0142<\/p>\n<p>Andrzej Walter \u2013 500 z\u0142otych (w tym 250 z\u0142 za udzia\u0142 w projekcie i 250 z\u0142 za pokaz multimedialny)<\/p>\n<p>Zesp\u00f3\u0142 \u201ePorfirion\u201d &#8211; 500 z\u0142otych<\/p>\n<p>Op\u0142ata za ZAiKS \u2013 184,50 z\u0142otych wg faktury ZAiKSu<\/p>\n<p>Pozosta\u0142a kwota 65,50 z\u0142 w dyspozycji ZLP.<\/p>\n<p>Wszystkie rachunki i faktury zosta\u0142y przes\u0142ane skarbnikowi ZLP p. Wandzie Dulak.<\/p>\n<p>Wszystkie rachunki i faktury zosta\u0142y opracowane i przygotowane przez Andrzeja Waltera w jego Kancelarii Podatkowej.<\/p>\n<p>W zwi\u0105zku z projektem, na zakup piecz\u0105tek koniecznych dla zawierania um\u00f3w Alicja Tanew\u00a0 przedstawia faktur\u0119 na kwot\u0119 110,70 z\u0142 pokryt\u0105 ze \u015brodk\u00f3w w\u0142asnych.<\/p>\n<p>Alicja Tanew<\/p>\n<p>Wiceprezes KO ZLP<\/p>\n<hr \/>\n<p><strong>\u00a0\u00a0KO\u0141O M\u0141ODYCH \u2013 publikacje\u00a0\u00a0<\/strong><\/p>\n<p><strong>Aleksandra Bu\u0142at \u2013 <\/strong>publikacje zbiorowe: Almanach KO ZLP \u201eKrakowska Noc Poet\u00f3w XLIV\u201d (2016), \u201eTonacje m\u0142odo\u015bci\u201d (2016)<\/p>\n<p><strong>Katarzyna Bu\u0142at \u2013 <\/strong>\u201ePr\u00f3ba Implementacji\u201d (2015), tom poetycki, wydawnictwo SIGNO),\u00a0w przygotowaniu: \u201eArkandel\u201d (2017, powie\u015b\u0107) publikacje zbiorowe: Almanachy KO ZLP (XLI &#8211; XLIV), \u00a0\u201eLiterat Krakowski\u201d (nr 9\/2016), \u201eAntologia Poet\u00f3wPolskich 2016\u201d, \u201ePoetyckie \u015bwiaty. Mi\u0119dzy Parnasem a Giewontem\u201d (2016), \u201eTonacje m\u0142odo\u015bci\u201d (2016)<strong>\u00a0<\/strong><\/p>\n<p><strong>Agata Dziewo\u0144ska \u2013 <\/strong>publikacje zbiorowe: Almanach KO ZLP \u201eKrakowska Noc Poet\u00f3w XLIV\u201d (2016), \u201eTonacje m\u0142odo\u015bci\u201d (2016)<\/p>\n<p><strong>Lidia Dutkiewicz \u2013 <\/strong>publikacje zbiorowe:\u00a0Almanachy Krakowskiej Nocy Poet\u00f3w (XL, XLI i XLII),\u00a0VII Bronowicki Karnawa\u0142 Literacki,\u00a0\u201eWiersze na murach 2010-2012\u201d,\u00a0\u201eChimera\u201d nr 3 (13) 2014r.<\/p>\n<p><strong>Grzegorz Gniady \u2013 <\/strong>\u201eWilczy bilet\u201d (2011), tom poetycki, wydawnictwo\u00a0SIGNO), publikacje zbiorowe w almanachach KO ZLP<\/p>\n<p><strong>Marian Kowalik \u2013 <\/strong>w przygotowaniu: &#8222;Moje my\u015bli&#8221; (2017), tom poetycki, publikacje zbiorowe:\u00a0Almanachy Krakowskiej Nocy Poet\u00f3w, czasopisma, almanach Mydlniki \u2013 Bronowice, almanach Grupy Ka\u017cdy 2016 oraz 2017<\/p>\n<p><strong>Kajetan Radomi\u0144ski \u2013 <\/strong>publikacje zbiorowe:\u00a0Almanach KO ZLP \u201eKrakowska Noc Poet\u00f3w XLIV\u201d (2016), pokonkursowy tom poetycki I Og\u00f3lnopolskiego Konkursu Poetyckiego im. Hugona Ko\u0142\u0142\u0105taja (2015)<\/p>\n<p><strong>Weronika \u015awi\u0119tek \u2013 <\/strong>publikacje zbiorowe: Almanach KO ZLP \u201eKrakowska Noc Poet\u00f3w XLIV\u201d (2016)<\/p>\n<p>&nbsp;<\/p>\n<p><strong>\u00a0\u00a0\u00a0\u00a0\u00a0\u00a0\u00a0\u00a0\u00a0\u00a0\u00a0\u00a0\u00a0 <\/strong><\/p>\n<\/div>\n","protected":false},"excerpt":{"rendered":"<p>\u00a0\u00a0\u00a0\u00a0\u00a0\u00a0\u00a0\u00a0\u00a0\u00a0\u00a0\u00a0\u00a0\u00a0\u00a0\u00a0\u00a0\u00a0\u00a0\u00a0\u00a0\u00a0\u00a0\u00a0\u00a0\u00a0\u00a0\u00a0\u00a0\u00a0\u00a0\u00a0\u00a0\u00a0\u00a0\u00a0\u00a0\u00a0\u00a0\u00a0\u00a0\u00a0\u00a0\u00a0\u00a0\u00a0\u00a0\u00a0\u00a0\u00a0\u00a0\u00a0\u00a0\u00a0\u00a0\u00a0\u00a0\u00a0\u00a0\u00a0\u00a0\u00a0\u00a0\u00a0\u00a0\u00a0\u00a0\u00a0\u00a0\u00a0\u00a0\u00a0\u00a0\u00a0\u00a0\u00a0\u00a0\u00a0\u00a0\u00a0\u00a0\u00a0\u00a0\u00a0\u00a0\u00a0\u00a0\u00a0\u00a0\u00a0\u00a0\u00a0\u00a0 Krak\u00f3w 02.01.2017 \u00a0 Sprawozdanie z dzia\u0142alno\u015bci merytorycznej Zarz\u0105du Krakowskiego Oddzia\u0142u Zwi\u0105zku Literat\u00f3w Polskich za okres od 1. 01.2016 do 1. 01.2017 \u00a0 \/liczba cz\u0142onk\u00f3w 53 osoby wg za\u0142\u0105czonej listy\/ Sk\u0142ad Zarz\u0105du: Joanna Krupi\u0144ska-Trzebiatowska \u2013 prezes:, Alicja Tanew \u2013 wiceprezes, &#8230; <a class=\"more-link\" href=\"https:\/\/zlp-krakow.pl\/?p=2967\">Read More &raquo;<\/a><\/p>\n","protected":false},"author":3,"featured_media":0,"comment_status":"closed","ping_status":"open","sticky":false,"template":"","format":"standard","meta":{"footnotes":""},"categories":[14],"tags":[],"class_list":["post-2967","post","type-post","status-publish","format-standard","hentry","category-sprawozdania"],"_links":{"self":[{"href":"https:\/\/zlp-krakow.pl\/index.php?rest_route=\/wp\/v2\/posts\/2967","targetHints":{"allow":["GET"]}}],"collection":[{"href":"https:\/\/zlp-krakow.pl\/index.php?rest_route=\/wp\/v2\/posts"}],"about":[{"href":"https:\/\/zlp-krakow.pl\/index.php?rest_route=\/wp\/v2\/types\/post"}],"author":[{"embeddable":true,"href":"https:\/\/zlp-krakow.pl\/index.php?rest_route=\/wp\/v2\/users\/3"}],"replies":[{"embeddable":true,"href":"https:\/\/zlp-krakow.pl\/index.php?rest_route=%2Fwp%2Fv2%2Fcomments&post=2967"}],"version-history":[{"count":5,"href":"https:\/\/zlp-krakow.pl\/index.php?rest_route=\/wp\/v2\/posts\/2967\/revisions"}],"predecessor-version":[{"id":2972,"href":"https:\/\/zlp-krakow.pl\/index.php?rest_route=\/wp\/v2\/posts\/2967\/revisions\/2972"}],"wp:attachment":[{"href":"https:\/\/zlp-krakow.pl\/index.php?rest_route=%2Fwp%2Fv2%2Fmedia&parent=2967"}],"wp:term":[{"taxonomy":"category","embeddable":true,"href":"https:\/\/zlp-krakow.pl\/index.php?rest_route=%2Fwp%2Fv2%2Fcategories&post=2967"},{"taxonomy":"post_tag","embeddable":true,"href":"https:\/\/zlp-krakow.pl\/index.php?rest_route=%2Fwp%2Fv2%2Ftags&post=2967"}],"curies":[{"name":"wp","href":"https:\/\/api.w.org\/{rel}","templated":true}]}}