{"id":2895,"date":"2017-01-11T09:21:17","date_gmt":"2017-01-11T08:21:17","guid":{"rendered":"http:\/\/zlp-krakow.pl\/?p=2895"},"modified":"2017-01-11T14:33:45","modified_gmt":"2017-01-11T13:33:45","slug":"pozegnanie-macieja-naglickiego","status":"publish","type":"post","link":"https:\/\/zlp-krakow.pl\/?p=2895","title":{"rendered":"PO\u017bEGNANIE MACIEJA NAGLICKIEGO"},"content":{"rendered":"<p style=\"margin: 0cm; margin-bottom: .0001pt;\">Po\u017cegnali\u015bmy Macieja Naglickiego<\/p>\n<p style=\"margin: 0cm 0cm 0.0001pt; text-align: justify;\">W dniu 10 I 2017 roku odby\u0142 si\u0119 pogrzeb naszego kolegi Macieja Naglickiego &#8211; poety, krytyka literackiego, animatora kultury, cz\u0142onka Zarz\u0105du Krakowskiego Oddzia\u0142u Zwi\u0105zku Literat\u00f3w Polskich. Prochy poety spocz\u0119\u0142y na Cmentarzu Rakowickim w Krakowie. Msz\u0119 \u015bw. za dusz\u0119 Macieja Naglickiego wsp\u00f3\u0142celebrowa\u0142 franciszkanin, poeta, krytyk literacki Eligiusz Dymowski. Mow\u0119 pogrzebow\u0105 przy grobie Macieja w imieniu Krakowskiego Oddzia\u0142u Zwi\u0105zku Literat\u00f3w<span class=\"textexposedshow\"> Polskich wyg\u0142osi\u0142a Prezes KO ZLP Joanna Krupi\u0144ska -Trzebiatowska. Po ceremonii pogrzebowej w Klubie Dziennikarzy Pod Gruszk\u0105 odby\u0142o si\u0119 wspomnieniowe spotkanie. Czytali\u015bmy wiersze Macieja oraz utwory Jemu dedykowane. Wiecz\u00f3r u\u015bwietni\u0142 krakowski ch\u00f3r Organum, kt\u00f3ry wytworzy\u0142 wspania\u0142y nastr\u00f3j, wykonuj\u0105c kilka pie\u015bni z XVI wieku, skomponowanych przez najwybitniejszego kompozytora renesansu Miko\u0142aja Gom\u00f3\u0142ki do tekst\u00f3w Wac\u0142awa z Szamotu\u0142.<\/span><br \/>\n<span class=\"textexposedshow\">Jeden z utwor\u00f3w do s\u0142\u00f3w Macieja Naglickiego przy akompaniamencie gitary za\u015bpiewa\u0142 Robert Marcinkowski. Co za paradoks, Maciej Naglicki, kt\u00f3ry 10 stycznia, w\u0142a\u015bnie o tej porze, mia\u0142 czyta\u0107 wiersze Tadeusza \u015aliwiaka (KO ZLP zaplanowa\u0142 wiecz\u00f3r wspomnieniowy tego poety) przys\u0142uchiwa\u0142 si\u0119 w\u0142asnym wierszom, patrz\u0105c na zgromadzonych w Sali Fontany koleg\u00f3w i przyjaci\u00f3\u0142 z wyeksponowanego nad fortepianem zdj\u0119cia. Maciej kocha\u0142 to miejsce szczeg\u00f3lnie. Tutaj prowadzi\u0142 wieczory autorskie, wyg\u0142asza\u0142 \u201es\u0142owa krytyczne\u201d, czyta\u0142 swoje wiersze. Pi\u0119kne to by\u0142o po\u017cegnanie. Godne. Przyjazne. Serdeczne.<\/span><\/p>\n<p style=\"margin: 0cm; margin-bottom: .0001pt;\">Irena Kaczmarczyk<\/p>\n<p style=\"margin: 0cm; margin-bottom: .0001pt;\"><a href=\"https:\/\/zlp-krakow.pl\/wp-content\/uploads\/2017\/01\/15977733_1367123683318395_1787118204724990347_n.jpg\"><img loading=\"lazy\" decoding=\"async\" class=\"size-medium wp-image-2896 alignleft\" src=\"https:\/\/zlp-krakow.pl\/wp-content\/uploads\/2017\/01\/15977733_1367123683318395_1787118204724990347_n-225x300.jpg\" alt=\"15977733_1367123683318395_1787118204724990347_n\" width=\"225\" height=\"300\" srcset=\"https:\/\/zlp-krakow.pl\/wp-content\/uploads\/2017\/01\/15977733_1367123683318395_1787118204724990347_n-225x300.jpg 225w, https:\/\/zlp-krakow.pl\/wp-content\/uploads\/2017\/01\/15977733_1367123683318395_1787118204724990347_n-600x800.jpg 600w, https:\/\/zlp-krakow.pl\/wp-content\/uploads\/2017\/01\/15977733_1367123683318395_1787118204724990347_n.jpg 720w\" sizes=\"auto, (max-width: 225px) 100vw, 225px\" \/><\/a><\/p>\n<p style=\"margin: 0cm; margin-bottom: .0001pt;\"><a href=\"https:\/\/zlp-krakow.pl\/wp-content\/uploads\/2017\/01\/15941519_1367123019985128_2972728889330180961_n.jpg\"><img loading=\"lazy\" decoding=\"async\" class=\"size-medium wp-image-2894 alignright\" src=\"https:\/\/zlp-krakow.pl\/wp-content\/uploads\/2017\/01\/15941519_1367123019985128_2972728889330180961_n-225x300.jpg\" alt=\"15941519_1367123019985128_2972728889330180961_n\" width=\"225\" height=\"300\" srcset=\"https:\/\/zlp-krakow.pl\/wp-content\/uploads\/2017\/01\/15941519_1367123019985128_2972728889330180961_n-225x300.jpg 225w, https:\/\/zlp-krakow.pl\/wp-content\/uploads\/2017\/01\/15941519_1367123019985128_2972728889330180961_n-600x800.jpg 600w, https:\/\/zlp-krakow.pl\/wp-content\/uploads\/2017\/01\/15941519_1367123019985128_2972728889330180961_n.jpg 720w\" sizes=\"auto, (max-width: 225px) 100vw, 225px\" \/><\/a><\/p>\n<div style=\"margin: 0cm; margin-bottom: .0001pt;\"><\/div>\n<p>&nbsp;<\/p>\n<p>&nbsp;<\/p>\n<p>&nbsp;<\/p>\n<p>&nbsp;<\/p>\n<p>&nbsp;<\/p>\n<p>&nbsp;<\/p>\n<p>&nbsp;<\/p>\n<hr \/>\n<p><a href=\"https:\/\/zlp-krakow.pl\/wp-content\/uploads\/2017\/01\/I.-Kaczmarczyk-15941124_1367123856651711_7146623205765005704_n.jpg\"><img loading=\"lazy\" decoding=\"async\" class=\"alignnone wp-image-2908 size-thumbnail\" src=\"https:\/\/zlp-krakow.pl\/wp-content\/uploads\/2017\/01\/I.-Kaczmarczyk-15941124_1367123856651711_7146623205765005704_n-150x150.jpg\" alt=\"i-kaczmarczyk-15941124_1367123856651711_7146623205765005704_n\" width=\"150\" height=\"150\" \/><\/a><a href=\"https:\/\/zlp-krakow.pl\/wp-content\/uploads\/2017\/01\/15978285_10202770327215385_968926922_n.jpg\"><img loading=\"lazy\" decoding=\"async\" class=\"alignnone wp-image-2909 size-thumbnail\" src=\"https:\/\/zlp-krakow.pl\/wp-content\/uploads\/2017\/01\/15978285_10202770327215385_968926922_n-150x150.jpg\" alt=\"15978285_10202770327215385_968926922_n\" width=\"150\" height=\"150\" \/><\/a><a href=\"https:\/\/zlp-krakow.pl\/wp-content\/uploads\/2017\/01\/15970812_10202770337655646_431474503_n.jpg\"><img loading=\"lazy\" decoding=\"async\" class=\"alignnone wp-image-2910 size-thumbnail\" src=\"https:\/\/zlp-krakow.pl\/wp-content\/uploads\/2017\/01\/15970812_10202770337655646_431474503_n-150x150.jpg\" alt=\"15970812_10202770337655646_431474503_n\" width=\"150\" height=\"150\" \/><\/a><a href=\"https:\/\/zlp-krakow.pl\/wp-content\/uploads\/2017\/01\/15970021_10202770333815550_84142302_n-Kopia.jpg\"><img loading=\"lazy\" decoding=\"async\" class=\"alignnone wp-image-2926 size-thumbnail\" src=\"https:\/\/zlp-krakow.pl\/wp-content\/uploads\/2017\/01\/15970021_10202770333815550_84142302_n-Kopia-150x150.jpg\" alt=\"15970021_10202770333815550_84142302_n-kopia\" width=\"150\" height=\"150\" srcset=\"https:\/\/zlp-krakow.pl\/wp-content\/uploads\/2017\/01\/15970021_10202770333815550_84142302_n-Kopia-150x150.jpg 150w, https:\/\/zlp-krakow.pl\/wp-content\/uploads\/2017\/01\/15970021_10202770333815550_84142302_n-Kopia-300x300.jpg 300w, https:\/\/zlp-krakow.pl\/wp-content\/uploads\/2017\/01\/15970021_10202770333815550_84142302_n-Kopia-600x597.jpg 600w, https:\/\/zlp-krakow.pl\/wp-content\/uploads\/2017\/01\/15970021_10202770333815550_84142302_n-Kopia.jpg 719w\" sizes=\"auto, (max-width: 150px) 100vw, 150px\" \/><\/a><a href=\"https:\/\/zlp-krakow.pl\/wp-content\/uploads\/2017\/01\/15970136_10202770333655546_994139599_n.jpg\"><img loading=\"lazy\" decoding=\"async\" class=\"alignnone wp-image-2912 size-thumbnail\" src=\"https:\/\/zlp-krakow.pl\/wp-content\/uploads\/2017\/01\/15970136_10202770333655546_994139599_n-150x150.jpg\" alt=\"15970136_10202770333655546_994139599_n\" width=\"150\" height=\"150\" \/><\/a><a href=\"https:\/\/zlp-krakow.pl\/wp-content\/uploads\/2017\/01\/15979097_10202770326215360_1415664495_n.jpg\"><img loading=\"lazy\" decoding=\"async\" class=\"alignnone wp-image-2913 size-thumbnail\" src=\"https:\/\/zlp-krakow.pl\/wp-content\/uploads\/2017\/01\/15979097_10202770326215360_1415664495_n-150x150.jpg\" alt=\"15979097_10202770326215360_1415664495_n\" width=\"150\" height=\"150\" \/><\/a><a href=\"https:\/\/zlp-krakow.pl\/wp-content\/uploads\/2017\/01\/15995605_10202770335655596_676256015_n.jpg\"><img loading=\"lazy\" decoding=\"async\" class=\"alignnone wp-image-2914 size-thumbnail\" src=\"https:\/\/zlp-krakow.pl\/wp-content\/uploads\/2017\/01\/15995605_10202770335655596_676256015_n-150x150.jpg\" alt=\"15995605_10202770335655596_676256015_n\" width=\"150\" height=\"150\" \/><\/a><a href=\"https:\/\/zlp-krakow.pl\/wp-content\/uploads\/2017\/01\/15969910_10202770334175559_1823886271_n.jpg\"><img loading=\"lazy\" decoding=\"async\" class=\"alignnone wp-image-2923 size-thumbnail\" src=\"https:\/\/zlp-krakow.pl\/wp-content\/uploads\/2017\/01\/15969910_10202770334175559_1823886271_n-150x150.jpg\" alt=\"15969910_10202770334175559_1823886271_n\" width=\"150\" height=\"150\" \/><\/a><a href=\"https:\/\/zlp-krakow.pl\/wp-content\/uploads\/2017\/01\/15978255_10202770328135408_506548478_n.jpg\"><img loading=\"lazy\" decoding=\"async\" class=\"alignnone wp-image-2928 size-thumbnail\" src=\"https:\/\/zlp-krakow.pl\/wp-content\/uploads\/2017\/01\/15978255_10202770328135408_506548478_n-150x150.jpg\" alt=\"15978255_10202770328135408_506548478_n\" width=\"150\" height=\"150\" \/><\/a><a href=\"https:\/\/zlp-krakow.pl\/wp-content\/uploads\/2017\/01\/15995525_10202770335535593_1122990981_n.jpg\"><img loading=\"lazy\" decoding=\"async\" class=\"alignnone wp-image-2929 size-thumbnail\" src=\"https:\/\/zlp-krakow.pl\/wp-content\/uploads\/2017\/01\/15995525_10202770335535593_1122990981_n-150x150.jpg\" alt=\"15995525_10202770335535593_1122990981_n\" width=\"150\" height=\"150\" \/><\/a><a href=\"https:\/\/zlp-krakow.pl\/wp-content\/uploads\/2017\/01\/15978267_10202770335255586_1474351535_n.jpg\"><img loading=\"lazy\" decoding=\"async\" class=\"alignnone wp-image-2930 size-thumbnail\" src=\"https:\/\/zlp-krakow.pl\/wp-content\/uploads\/2017\/01\/15978267_10202770335255586_1474351535_n-150x150.jpg\" alt=\"15978267_10202770335255586_1474351535_n\" width=\"150\" height=\"150\" \/><\/a><a href=\"https:\/\/zlp-krakow.pl\/wp-content\/uploads\/2017\/01\/15978387_10202770331215485_2028217399_n.jpg\"><img loading=\"lazy\" decoding=\"async\" class=\"alignnone wp-image-2931 size-thumbnail\" src=\"https:\/\/zlp-krakow.pl\/wp-content\/uploads\/2017\/01\/15978387_10202770331215485_2028217399_n-150x150.jpg\" alt=\"15978387_10202770331215485_2028217399_n\" width=\"150\" height=\"150\" \/><\/a><\/p>\n<p>Foto: Danuta Perier-Berska, Irena Kaczmarczyk<\/p>\n","protected":false},"excerpt":{"rendered":"<p>Po\u017cegnali\u015bmy Macieja Naglickiego W dniu 10 I 2017 roku odby\u0142 si\u0119 pogrzeb naszego kolegi Macieja Naglickiego &#8211; poety, krytyka literackiego, animatora kultury, cz\u0142onka Zarz\u0105du Krakowskiego Oddzia\u0142u Zwi\u0105zku Literat\u00f3w Polskich. Prochy poety spocz\u0119\u0142y na Cmentarzu Rakowickim w Krakowie. Msz\u0119 \u015bw. za &#8230; <a class=\"more-link\" href=\"https:\/\/zlp-krakow.pl\/?p=2895\">Read More &raquo;<\/a><\/p>\n","protected":false},"author":3,"featured_media":0,"comment_status":"closed","ping_status":"open","sticky":false,"template":"","format":"image","meta":{"footnotes":""},"categories":[12],"tags":[],"class_list":["post-2895","post","type-post","status-publish","format-image","hentry","category-aktualnosci","post_format-post-format-image"],"_links":{"self":[{"href":"https:\/\/zlp-krakow.pl\/index.php?rest_route=\/wp\/v2\/posts\/2895","targetHints":{"allow":["GET"]}}],"collection":[{"href":"https:\/\/zlp-krakow.pl\/index.php?rest_route=\/wp\/v2\/posts"}],"about":[{"href":"https:\/\/zlp-krakow.pl\/index.php?rest_route=\/wp\/v2\/types\/post"}],"author":[{"embeddable":true,"href":"https:\/\/zlp-krakow.pl\/index.php?rest_route=\/wp\/v2\/users\/3"}],"replies":[{"embeddable":true,"href":"https:\/\/zlp-krakow.pl\/index.php?rest_route=%2Fwp%2Fv2%2Fcomments&post=2895"}],"version-history":[{"count":13,"href":"https:\/\/zlp-krakow.pl\/index.php?rest_route=\/wp\/v2\/posts\/2895\/revisions"}],"predecessor-version":[{"id":2907,"href":"https:\/\/zlp-krakow.pl\/index.php?rest_route=\/wp\/v2\/posts\/2895\/revisions\/2907"}],"wp:attachment":[{"href":"https:\/\/zlp-krakow.pl\/index.php?rest_route=%2Fwp%2Fv2%2Fmedia&parent=2895"}],"wp:term":[{"taxonomy":"category","embeddable":true,"href":"https:\/\/zlp-krakow.pl\/index.php?rest_route=%2Fwp%2Fv2%2Fcategories&post=2895"},{"taxonomy":"post_tag","embeddable":true,"href":"https:\/\/zlp-krakow.pl\/index.php?rest_route=%2Fwp%2Fv2%2Ftags&post=2895"}],"curies":[{"name":"wp","href":"https:\/\/api.w.org\/{rel}","templated":true}]}}