{"id":2880,"date":"2017-01-03T16:30:55","date_gmt":"2017-01-03T15:30:55","guid":{"rendered":"http:\/\/zlp-krakow.pl\/?p=2880"},"modified":"2017-02-02T07:14:50","modified_gmt":"2017-02-02T06:14:50","slug":"maciej-naglicki-2","status":"publish","type":"post","link":"https:\/\/zlp-krakow.pl\/?p=2880","title":{"rendered":"MACIEJ NAGLICKI"},"content":{"rendered":"<p><a href=\"https:\/\/zlp-krakow.pl\/wp-content\/uploads\/2017\/01\/\u015aP.-Maciej-Naglicki.jpg\"><img loading=\"lazy\" decoding=\"async\" class=\"size-medium wp-image-2888 alignnone\" src=\"https:\/\/zlp-krakow.pl\/wp-content\/uploads\/2017\/01\/\u015aP.-Maciej-Naglicki-224x300.jpg\" alt=\"sp-maciej-naglicki\" width=\"224\" height=\"300\" srcset=\"https:\/\/zlp-krakow.pl\/wp-content\/uploads\/2017\/01\/\u015aP.-Maciej-Naglicki-224x300.jpg 224w, https:\/\/zlp-krakow.pl\/wp-content\/uploads\/2017\/01\/\u015aP.-Maciej-Naglicki-768x1027.jpg 768w, https:\/\/zlp-krakow.pl\/wp-content\/uploads\/2017\/01\/\u015aP.-Maciej-Naglicki-766x1024.jpg 766w, https:\/\/zlp-krakow.pl\/wp-content\/uploads\/2017\/01\/\u015aP.-Maciej-Naglicki-600x802.jpg 600w, https:\/\/zlp-krakow.pl\/wp-content\/uploads\/2017\/01\/\u015aP.-Maciej-Naglicki.jpg 1436w\" sizes=\"auto, (max-width: 224px) 100vw, 224px\" \/><\/a><\/p>\n<hr \/>\n<p><strong>Danuta Perier-Berska <\/strong><\/p>\n<div><\/div>\n<div><strong><em>Ma\u0107kowi <\/em><\/strong><\/div>\n<div><\/div>\n<div><span style=\"font-size: 10pt;\"><em>\u00a0\u00a0\u00a0\u00a0\u00a0\u00a0\u00a0\u00a0\u00a0\u00a0 (poeta nigdy nie odchodzi ca\u0142kiem)<\/em><\/span><\/div>\n<div><\/div>\n<div>\u00a0\u00a0\u00a0\u00a0\u00a0\u00a0\u00a0\u00a0<strong>\u00a0 * * *<\/strong><\/div>\n<div><\/div>\n<div>s\u0142owa zapisane<\/div>\n<div>s\u0105<\/div>\n<div>ogniotrwa\u0142e<\/div>\n<div>wodoodporne<\/div>\n<div>podatne tylko na wiatr<\/div>\n<div>kt\u00f3ry je po \u015bwiecie<\/div>\n<div>rozsiewa<\/div>\n<div>gdy opadn\u0105 na \u017cyzn\u0105 gleb\u0119<\/div>\n<div>rozkwitaj\u0105 w pami\u0119ci<\/div>\n<div>czytelnika<\/div>\n<div>jak najpi\u0119kniejsze<\/div>\n<div>kwiaty<\/div>\n<div><\/div>\n<div><span style=\"font-size: 10pt;\">Krak\u00f3w 7.01.2017<\/span><\/div>\n<p>&nbsp;<\/p>\n<p><strong>HANNA WIETRZNY<\/strong><\/p>\n<div><\/div>\n<div><strong>* * *<\/strong><\/div>\n<div><\/div>\n<p><em><strong>\u015aP. Ma\u0107kowi Naglickiemu<\/strong> <\/em><\/p>\n<div><\/div>\n<div>nie mog\u0119 uwierzy\u0107<\/div>\n<div>\u017ce pierwszy poszed\u0142e\u015b<\/div>\n<div>t\u0105 drog\u0105<\/div>\n<div>z kt\u00f3rej powrotu nie mamy<\/div>\n<div><\/div>\n<div>w Sylwestrowy wiecz\u00f3r<\/div>\n<div>samotny<\/div>\n<div>z papierosem tylko<\/div>\n<div>przy piecu gazowym<\/div>\n<div>co lodowat\u0105 kuchni\u0119<\/div>\n<div>mia\u0142 ogrza\u0107<\/div>\n<div>i Ciebie<\/div>\n<div>zasn\u0105\u0142e\u015b<\/div>\n<div>czad kompan tej z kos\u0105<\/div>\n<div>wyrwa\u0142 Ci\u0119 z naszego grona<\/div>\n<div><\/div>\n<div>Ty co par\u0119 godzin wcze\u015bniej<\/div>\n<div>martwi\u0142e\u015b si\u0119<\/div>\n<div>moim upadkiem<\/div>\n<div>bo zawsze przyja\u017a\u0144<\/div>\n<div>by\u0142a Twoim druhem<\/div>\n<div>i zawsze serce dawa\u0142e\u015b bli\u017aniemu<\/div>\n<div>w ostatni\u0105 noc roku<\/div>\n<div>dwutysi\u0119cznego szesnastego<\/div>\n<div>siedzia\u0142e\u015b sam<\/div>\n<div>i poszed\u0142e\u015b sam<\/div>\n<div><\/div>\n<div>nie wierz\u0119 \u017ce Ciebie<\/div>\n<div>ju\u017c nigdy nie spotkam<\/div>\n<div>\u017ce nie us\u0142ysz\u0119<\/div>\n<div>\u201eHaneczko co u ciebie\u201d<\/div>\n<div>i kto Ci\u0119 zast\u0105pi<\/div>\n<div>w robocie<\/div>\n<div>ja nie wiem<\/div>\n<div>a mo\u017ce z nieba<\/div>\n<div>zawo\u0142asz do nas<\/div>\n<div>jak kiedy\u015b<\/div>\n<div>\u201eid\u017a ty Bajoku Bajoku\u201d<\/div>\n<div><\/div>\n<div><span style=\"font-size: 10pt;\">2.01.2017 r.<\/span><\/div>\n<p>&nbsp;<\/p>\n<p><span style=\"color: #000000;\"><strong>Irena Kaczmarczyk<\/strong><\/span><\/p>\n<div><\/div>\n<div><strong>Pali si\u0119 noc<\/strong><\/div>\n<div><\/div>\n<div><span style=\"font-size: 10pt;\"><em>\u00a0\u00a0\u00a0\u00a0\u00a0\u00a0\u00a0\u00a0\u00a0\u00a0\u00a0\u00a0\u00a0\u00a0\u00a0\u00a0\u00a0\u00a0\u00a0\u00a0\u00a0 pami\u0119ci Macieja Naglickiego<\/em><\/span><\/div>\n<div><\/div>\n<div>tli si\u0119 powietrze<\/div>\n<div><\/div>\n<div>z minuty na minut\u0119<br \/>\nzas\u0142ania ubywa oddala<\/div>\n<div><\/div>\n<div>z biurka od kt\u00f3rego dopiero co<br \/>\nz almanach\u00f3w tomik\u00f3w notesik\u00f3w<br \/>\nstrzelaj\u0105 sylwestrowe fajerwerki<br \/>\nwierszy bezbronnych<\/div>\n<div><\/div>\n<div>pali si\u0119 noc<\/div>\n<div><\/div>\n<div>spopielaj\u0105 si\u0119 Nagliska\u0142ki<br \/>\nrecenzja dla Krysi J.<\/div>\n<div><\/div>\n<div>pe\u0142gaj\u0105 p\u0142omyki refleksji<\/div>\n<div><\/div>\n<div>pali si\u0119 noc<\/div>\n<div><\/div>\n<div>s\u0142owo ocala poet\u0119<\/div>\n<div><\/div>\n<div><span style=\"font-size: 10pt;\">Krak\u00f3w, 6 I 2017<\/span><\/div>\n<p>&nbsp;<\/p>\n<div><strong>Dorota Lorenowicz <\/strong><\/div>\n<div><strong>\u00a0<\/strong><\/div>\n<div><strong>Tym co odeszli <\/strong><\/div>\n<div><\/div>\n<div>\u00a0\u00a0\u00a0\u00a0\u00a0\u00a0\u00a0\u00a0\u00a0\u00a0\u00a0\u00a0\u00a0\u00a0 <span style=\"font-size: 10pt;\"><em>(Ma\u0107ku, teraz ju\u017c i Tobie) <\/em><\/span><\/div>\n<div><\/div>\n<div>\u00a0\u00a0\u00a0\u00a0\u00a0\u00a0\u00a0\u00a0\u00a0\u00a0<strong> * * *<\/strong><\/div>\n<div><\/div>\n<div>Znicze ogrzewaj\u0105<\/div>\n<div>samotno\u015b\u0107 grob\u00f3w.<\/div>\n<div>Nieuchwytna blisko\u015b\u0107<\/div>\n<div>Tych, co odeszli<\/div>\n<div>jest jak przez szyb\u0119,<\/div>\n<div>przez firank\u0119,<\/div>\n<div>przez sen\u2026<\/div>\n<div><\/div>\n<div>A przecie\u017c byli\u2026 dopiero co\u2026<\/div>\n<div>\u2026 jakby wczoraj\u2026<\/div>\n<div><\/div>\n<div>A gdzie s\u0105 teraz?<\/div>\n<div>Mo\u017ce tu\u017c obok<\/div>\n<div>mo\u017ce w niesko\u0144czono\u015bci,<\/div>\n<div>a mo\u017ce wcale Ich ju\u017c nie ma\u2026?<\/div>\n<div><\/div>\n<div>A mi\u0142o\u015b\u0107, co si\u0119ga poza gr\u00f3b?<\/div>\n<div>czy Oni j\u0105 czuj\u0105\u2026? odbieraj\u0105\u2026?<\/div>\n<div>Kiedy\u015b nas przecie\u017c kochali.<\/div>\n<div>Ta mi\u0142o\u015b\u0107 zosta\u0142a w nas i t\u0119skni\u2026<\/div>\n<div><\/div>\n<div>Czasem znajomy zapach<\/div>\n<div>przechodzi obok<\/div>\n<div>To tylko ta starsza pani,<\/div>\n<div>zapala \u015bwiat\u0142o pami\u0119ci<\/div>\n<div>na grobie m\u0119\u017ca.<\/div>\n<div><\/div>\n<div>Zamykam oczy<\/div>\n<div>i przywo\u0142uj\u0119 nadziej\u0119<\/div>\n<div>cichym szeptem:<\/div>\n<div>\u201eWieczny odpoczynek<\/div>\n<div>Racz Im da\u0107 Panie\u2026\u201d<\/div>\n<p>&nbsp;<\/p>\n<div><span style=\"color: #000000;\"><strong>Krystyna Alicja Jezierska <\/strong><\/span><\/div>\n<div><\/div>\n<div style=\"text-align: justify;\">Pami\u0119tam jak w grudniu 2015, Maciej Naglicki prowadzi\u0142 profesjonalnie m\u00f3j wiecz\u00f3r autorski &#8222;Pod Guszk\u0105&#8221;. Za oknami sali Fontany mr\u00f3z, l\u00f3d, a on z w\u0142a\u015bciw\u0105 sobie swad\u0105 wprowadza\u0142 go\u015bci w tajniki mej skromnej tw\u00f3rczo\u015bci.<br \/>\nPami\u0119tam tez inne wieczory, gdy w\u015br\u00f3d mrozu i sypi\u0105cego \u015bniegu, poetycka bra\u0107 wkracza\u0142a do malowniczego Domu Kultury w Mydlnikach, na bronowickie karnawa\u0142y, a przyby\u0142ych wita\u0142 serdecznie organizator, chcia\u0142oby si\u0119 rzec &#8211; gospodarz Maciej Naglicki. Tak rozpoczyna\u0142 si\u0119, jak na karnawa\u0142 przysta\u0142o, korow\u00f3d poetycki barwny od metafor.<br \/>\nDzi\u015b wiemy, tak prowadzonych karnawa\u0142\u00f3w przez Wodzireja Ma\u0107ka, wi\u0119cej nie b\u0119dzie. Maciej zgromadzi nas literat\u00f3w, raz jeszcze, w mro\u017anej, zimowej scenerii podczas ostatniego po\u017cegnania, w jak\u017ce odmiennym nastroju od dotychczasowych spotka\u0144, bowiem przej\u0119tych groz\u0105 tej \u015bmierci.<\/div>\n<div><\/div>\n<div><span style=\"color: #000000; font-size: 10pt;\">7 stycze\u0144 o 19:33 <\/span><\/div>\n","protected":false},"excerpt":{"rendered":"<p>Danuta Perier-Berska Ma\u0107kowi \u00a0\u00a0\u00a0\u00a0\u00a0\u00a0\u00a0\u00a0\u00a0\u00a0 (poeta nigdy nie odchodzi ca\u0142kiem) \u00a0\u00a0\u00a0\u00a0\u00a0\u00a0\u00a0\u00a0\u00a0 * * * s\u0142owa zapisane s\u0105 ogniotrwa\u0142e wodoodporne podatne tylko na wiatr kt\u00f3ry je po \u015bwiecie rozsiewa gdy opadn\u0105 na \u017cyzn\u0105 gleb\u0119 rozkwitaj\u0105 w pami\u0119ci czytelnika jak najpi\u0119kniejsze kwiaty Krak\u00f3w &#8230; <a class=\"more-link\" href=\"https:\/\/zlp-krakow.pl\/?p=2880\">Read More &raquo;<\/a><\/p>\n","protected":false},"author":3,"featured_media":0,"comment_status":"closed","ping_status":"open","sticky":false,"template":"","format":"image","meta":{"footnotes":""},"categories":[12],"tags":[],"class_list":["post-2880","post","type-post","status-publish","format-image","hentry","category-aktualnosci","post_format-post-format-image"],"_links":{"self":[{"href":"https:\/\/zlp-krakow.pl\/index.php?rest_route=\/wp\/v2\/posts\/2880","targetHints":{"allow":["GET"]}}],"collection":[{"href":"https:\/\/zlp-krakow.pl\/index.php?rest_route=\/wp\/v2\/posts"}],"about":[{"href":"https:\/\/zlp-krakow.pl\/index.php?rest_route=\/wp\/v2\/types\/post"}],"author":[{"embeddable":true,"href":"https:\/\/zlp-krakow.pl\/index.php?rest_route=\/wp\/v2\/users\/3"}],"replies":[{"embeddable":true,"href":"https:\/\/zlp-krakow.pl\/index.php?rest_route=%2Fwp%2Fv2%2Fcomments&post=2880"}],"version-history":[{"count":20,"href":"https:\/\/zlp-krakow.pl\/index.php?rest_route=\/wp\/v2\/posts\/2880\/revisions"}],"predecessor-version":[{"id":2982,"href":"https:\/\/zlp-krakow.pl\/index.php?rest_route=\/wp\/v2\/posts\/2880\/revisions\/2982"}],"wp:attachment":[{"href":"https:\/\/zlp-krakow.pl\/index.php?rest_route=%2Fwp%2Fv2%2Fmedia&parent=2880"}],"wp:term":[{"taxonomy":"category","embeddable":true,"href":"https:\/\/zlp-krakow.pl\/index.php?rest_route=%2Fwp%2Fv2%2Fcategories&post=2880"},{"taxonomy":"post_tag","embeddable":true,"href":"https:\/\/zlp-krakow.pl\/index.php?rest_route=%2Fwp%2Fv2%2Ftags&post=2880"}],"curies":[{"name":"wp","href":"https:\/\/api.w.org\/{rel}","templated":true}]}}