{"id":2862,"date":"2016-12-27T23:02:59","date_gmt":"2016-12-27T22:02:59","guid":{"rendered":"http:\/\/zlp-krakow.pl\/?p=2862"},"modified":"2017-02-17T06:08:41","modified_gmt":"2017-02-17T05:08:41","slug":"wieczor-literacki-poswiecony-tworczosci-tadeusza-sliwiaka-klub-dziennikarzy-pod-gruszka-10-stycznia-godz-18-00","status":"publish","type":"post","link":"https:\/\/zlp-krakow.pl\/?p=2862","title":{"rendered":"Wiecz\u00f3r literacki po\u015bwi\u0119cony tw\u00f3rczo\u015bci Tadeusza \u015aliwiaka, Klub Dziennikarzy Pod Gruszk\u0105&#8230;"},"content":{"rendered":"<p><a href=\"https:\/\/zlp-krakow.pl\/wp-content\/uploads\/2016\/12\/T.-\u015aliwiak-zaproszenie-2.jpg\"><img loading=\"lazy\" decoding=\"async\" class=\"alignnone size-medium wp-image-2863\" src=\"https:\/\/zlp-krakow.pl\/wp-content\/uploads\/2016\/12\/T.-\u015aliwiak-zaproszenie-2-300x169.jpg\" alt=\"t-sliwiak-zaproszenie-2\" width=\"300\" height=\"169\" srcset=\"https:\/\/zlp-krakow.pl\/wp-content\/uploads\/2016\/12\/T.-\u015aliwiak-zaproszenie-2-300x169.jpg 300w, https:\/\/zlp-krakow.pl\/wp-content\/uploads\/2016\/12\/T.-\u015aliwiak-zaproszenie-2-768x432.jpg 768w, https:\/\/zlp-krakow.pl\/wp-content\/uploads\/2016\/12\/T.-\u015aliwiak-zaproszenie-2-1024x576.jpg 1024w, https:\/\/zlp-krakow.pl\/wp-content\/uploads\/2016\/12\/T.-\u015aliwiak-zaproszenie-2-600x337.jpg 600w\" sizes=\"auto, (max-width: 300px) 100vw, 300px\" \/><\/a><\/p>\n<p><strong><span style=\"font-size: 14pt;\">Wiecz\u00f3r literacki po\u015bwi\u0119cony tw\u00f3rczo\u015bci Tadeusza \u015aliwiaka odb\u0119dzie si\u0119 w innym terminie.\u00a0<\/span> <\/strong><\/p>\n","protected":false},"excerpt":{"rendered":"<p>Wiecz\u00f3r literacki po\u015bwi\u0119cony tw\u00f3rczo\u015bci Tadeusza \u015aliwiaka odb\u0119dzie si\u0119 w innym terminie.\u00a0<\/p>\n","protected":false},"author":3,"featured_media":0,"comment_status":"closed","ping_status":"open","sticky":false,"template":"","format":"standard","meta":{"footnotes":""},"categories":[12,13],"tags":[],"class_list":["post-2862","post","type-post","status-publish","format-standard","hentry","category-aktualnosci","category-zaproszenia"],"_links":{"self":[{"href":"https:\/\/zlp-krakow.pl\/index.php?rest_route=\/wp\/v2\/posts\/2862","targetHints":{"allow":["GET"]}}],"collection":[{"href":"https:\/\/zlp-krakow.pl\/index.php?rest_route=\/wp\/v2\/posts"}],"about":[{"href":"https:\/\/zlp-krakow.pl\/index.php?rest_route=\/wp\/v2\/types\/post"}],"author":[{"embeddable":true,"href":"https:\/\/zlp-krakow.pl\/index.php?rest_route=\/wp\/v2\/users\/3"}],"replies":[{"embeddable":true,"href":"https:\/\/zlp-krakow.pl\/index.php?rest_route=%2Fwp%2Fv2%2Fcomments&post=2862"}],"version-history":[{"count":3,"href":"https:\/\/zlp-krakow.pl\/index.php?rest_route=\/wp\/v2\/posts\/2862\/revisions"}],"predecessor-version":[{"id":2887,"href":"https:\/\/zlp-krakow.pl\/index.php?rest_route=\/wp\/v2\/posts\/2862\/revisions\/2887"}],"wp:attachment":[{"href":"https:\/\/zlp-krakow.pl\/index.php?rest_route=%2Fwp%2Fv2%2Fmedia&parent=2862"}],"wp:term":[{"taxonomy":"category","embeddable":true,"href":"https:\/\/zlp-krakow.pl\/index.php?rest_route=%2Fwp%2Fv2%2Fcategories&post=2862"},{"taxonomy":"post_tag","embeddable":true,"href":"https:\/\/zlp-krakow.pl\/index.php?rest_route=%2Fwp%2Fv2%2Ftags&post=2862"}],"curies":[{"name":"wp","href":"https:\/\/api.w.org\/{rel}","templated":true}]}}