{"id":2751,"date":"2016-11-11T10:11:45","date_gmt":"2016-11-11T09:11:45","guid":{"rendered":"http:\/\/zlp-krakow.pl\/?p=2751"},"modified":"2017-02-17T06:16:03","modified_gmt":"2017-02-17T05:16:03","slug":"promocja-powiesci-krystyny-alicji-jezierskiej-kawiarnia-lwowska-10-listopada-godz-17-00","status":"publish","type":"post","link":"https:\/\/zlp-krakow.pl\/?p=2751","title":{"rendered":"Promocja powie\u015bci Krystyny Alicji Jezierskiej &#8222;Gdy przy\u015bni si\u0119 dom&#8221;, kawiarnia Lwowska, 10 listopada, godz. 17.00"},"content":{"rendered":"<p><a href=\"https:\/\/zlp-krakow.pl\/wp-content\/uploads\/2016\/11\/1.jpg\"><img loading=\"lazy\" decoding=\"async\" class=\"size-medium wp-image-2752 alignnone\" src=\"https:\/\/zlp-krakow.pl\/wp-content\/uploads\/2016\/11\/1-225x300.jpg\" alt=\"1\" width=\"225\" height=\"300\" srcset=\"https:\/\/zlp-krakow.pl\/wp-content\/uploads\/2016\/11\/1-225x300.jpg 225w, https:\/\/zlp-krakow.pl\/wp-content\/uploads\/2016\/11\/1.jpg 296w\" sizes=\"auto, (max-width: 225px) 100vw, 225px\" \/><\/a><a href=\"https:\/\/zlp-krakow.pl\/wp-content\/uploads\/2016\/11\/3.jpg\"><img loading=\"lazy\" decoding=\"async\" class=\"size-medium wp-image-2754 alignright\" src=\"https:\/\/zlp-krakow.pl\/wp-content\/uploads\/2016\/11\/3-225x300.jpg\" alt=\"3\" width=\"225\" height=\"300\" srcset=\"https:\/\/zlp-krakow.pl\/wp-content\/uploads\/2016\/11\/3-225x300.jpg 225w, https:\/\/zlp-krakow.pl\/wp-content\/uploads\/2016\/11\/3.jpg 296w\" sizes=\"auto, (max-width: 225px) 100vw, 225px\" \/><\/a><\/p>\n<p><a href=\"https:\/\/zlp-krakow.pl\/wp-content\/uploads\/2016\/11\/4.jpg\"><img loading=\"lazy\" decoding=\"async\" class=\"size-medium wp-image-2755 alignright\" src=\"https:\/\/zlp-krakow.pl\/wp-content\/uploads\/2016\/11\/4-225x300.jpg\" alt=\"4\" width=\"225\" height=\"300\" srcset=\"https:\/\/zlp-krakow.pl\/wp-content\/uploads\/2016\/11\/4-225x300.jpg 225w, https:\/\/zlp-krakow.pl\/wp-content\/uploads\/2016\/11\/4.jpg 296w\" sizes=\"auto, (max-width: 225px) 100vw, 225px\" \/><\/a><\/p>\n<p><a href=\"https:\/\/zlp-krakow.pl\/wp-content\/uploads\/2016\/11\/2.jpg\"><img loading=\"lazy\" decoding=\"async\" class=\"size-medium wp-image-2753 alignnone\" src=\"https:\/\/zlp-krakow.pl\/wp-content\/uploads\/2016\/11\/2-300x225.jpg\" alt=\"2\" width=\"300\" height=\"225\" srcset=\"https:\/\/zlp-krakow.pl\/wp-content\/uploads\/2016\/11\/2-300x225.jpg 300w, https:\/\/zlp-krakow.pl\/wp-content\/uploads\/2016\/11\/2-768x576.jpg 768w, https:\/\/zlp-krakow.pl\/wp-content\/uploads\/2016\/11\/2-600x450.jpg 600w, https:\/\/zlp-krakow.pl\/wp-content\/uploads\/2016\/11\/2.jpg 960w\" sizes=\"auto, (max-width: 300px) 100vw, 300px\" \/><\/a><\/p>\n<p style=\"text-align: left;\">Wiecz\u00f3r w kawiarni Lwowska &#8211; Spotkanie z proz\u0105 Krystyny Alicji Jezierskiej dot. Lwowa i balladami Jej autorstwa oraz Huberta Jezierskiego, a tak\u017ce ekspozycj\u0105 zdj\u0119\u0107 lwowskiej rodziny K. Jezierskiej z pierwszej po\u0142owy XX-go wieku<br \/>\nFoto: Beata Kowalska i Krystyna Alicja Jezierska<\/p>\n","protected":false},"excerpt":{"rendered":"<p>Wiecz\u00f3r w kawiarni Lwowska &#8211; Spotkanie z proz\u0105 Krystyny Alicji Jezierskiej dot. Lwowa i balladami Jej autorstwa oraz Huberta Jezierskiego, a tak\u017ce ekspozycj\u0105 zdj\u0119\u0107 lwowskiej rodziny K. Jezierskiej z pierwszej po\u0142owy XX-go wieku Foto: Beata Kowalska i Krystyna Alicja Jezierska<\/p>\n","protected":false},"author":3,"featured_media":0,"comment_status":"closed","ping_status":"open","sticky":false,"template":"","format":"standard","meta":{"footnotes":""},"categories":[12],"tags":[],"class_list":["post-2751","post","type-post","status-publish","format-standard","hentry","category-aktualnosci"],"_links":{"self":[{"href":"https:\/\/zlp-krakow.pl\/index.php?rest_route=\/wp\/v2\/posts\/2751","targetHints":{"allow":["GET"]}}],"collection":[{"href":"https:\/\/zlp-krakow.pl\/index.php?rest_route=\/wp\/v2\/posts"}],"about":[{"href":"https:\/\/zlp-krakow.pl\/index.php?rest_route=\/wp\/v2\/types\/post"}],"author":[{"embeddable":true,"href":"https:\/\/zlp-krakow.pl\/index.php?rest_route=\/wp\/v2\/users\/3"}],"replies":[{"embeddable":true,"href":"https:\/\/zlp-krakow.pl\/index.php?rest_route=%2Fwp%2Fv2%2Fcomments&post=2751"}],"version-history":[{"count":7,"href":"https:\/\/zlp-krakow.pl\/index.php?rest_route=\/wp\/v2\/posts\/2751\/revisions"}],"predecessor-version":[{"id":2782,"href":"https:\/\/zlp-krakow.pl\/index.php?rest_route=\/wp\/v2\/posts\/2751\/revisions\/2782"}],"wp:attachment":[{"href":"https:\/\/zlp-krakow.pl\/index.php?rest_route=%2Fwp%2Fv2%2Fmedia&parent=2751"}],"wp:term":[{"taxonomy":"category","embeddable":true,"href":"https:\/\/zlp-krakow.pl\/index.php?rest_route=%2Fwp%2Fv2%2Fcategories&post=2751"},{"taxonomy":"post_tag","embeddable":true,"href":"https:\/\/zlp-krakow.pl\/index.php?rest_route=%2Fwp%2Fv2%2Ftags&post=2751"}],"curies":[{"name":"wp","href":"https:\/\/api.w.org\/{rel}","templated":true}]}}