{"id":2748,"date":"2016-11-08T16:43:30","date_gmt":"2016-11-08T15:43:30","guid":{"rendered":"http:\/\/zlp-krakow.pl\/?p=2748"},"modified":"2017-02-17T06:17:11","modified_gmt":"2017-02-17T05:17:11","slug":"makowskie-dni-poezji-17-listopada-2016-godz-16-00-dom-kultury-w-makowie-podhalanskim","status":"publish","type":"post","link":"https:\/\/zlp-krakow.pl\/?p=2748","title":{"rendered":"MAKOWSKIE DNI POEZJI, 17 listopada 2016, godz. 16.00, Dom Kultury w Makowie Podhala\u0144skim"},"content":{"rendered":"<p><a href=\"https:\/\/zlp-krakow.pl\/wp-content\/uploads\/2016\/11\/Dni-Poezji-2016-popr.jpg\"><img loading=\"lazy\" decoding=\"async\" class=\"alignnone size-medium wp-image-2749\" src=\"https:\/\/zlp-krakow.pl\/wp-content\/uploads\/2016\/11\/Dni-Poezji-2016-popr-212x300.jpg\" alt=\"dni-poezji-2016-popr\" width=\"212\" height=\"300\" srcset=\"https:\/\/zlp-krakow.pl\/wp-content\/uploads\/2016\/11\/Dni-Poezji-2016-popr-212x300.jpg 212w, https:\/\/zlp-krakow.pl\/wp-content\/uploads\/2016\/11\/Dni-Poezji-2016-popr.jpg 595w\" sizes=\"auto, (max-width: 212px) 100vw, 212px\" \/><\/a><\/p>\n<p><strong>MAKOWSKIE DNI POEZJI w tym roku u\u015bwietni Go\u015b\u0107 Specjalny Dr Dariusz Piotr Klimczak \u2013 antropolog kultury, krytyk literacki, poeta, dramaturg i wydawca, cz\u0142onek Zwi\u0105zku Literat\u00f3w Polskich<\/strong><\/p>\n<p><strong>17 listopada 2016, godz. 16.00, Dom Kultury w Makowie Podhala\u0144skim<\/strong><\/p>\n","protected":false},"excerpt":{"rendered":"<p>MAKOWSKIE DNI POEZJI w tym roku u\u015bwietni Go\u015b\u0107 Specjalny Dr Dariusz Piotr Klimczak \u2013 antropolog kultury, krytyk literacki, poeta, dramaturg i wydawca, cz\u0142onek Zwi\u0105zku Literat\u00f3w Polskich 17 listopada 2016, godz. 16.00, Dom Kultury w Makowie Podhala\u0144skim<\/p>\n","protected":false},"author":3,"featured_media":0,"comment_status":"closed","ping_status":"open","sticky":false,"template":"","format":"standard","meta":{"footnotes":""},"categories":[12,13],"tags":[],"class_list":["post-2748","post","type-post","status-publish","format-standard","hentry","category-aktualnosci","category-zaproszenia"],"_links":{"self":[{"href":"https:\/\/zlp-krakow.pl\/index.php?rest_route=\/wp\/v2\/posts\/2748","targetHints":{"allow":["GET"]}}],"collection":[{"href":"https:\/\/zlp-krakow.pl\/index.php?rest_route=\/wp\/v2\/posts"}],"about":[{"href":"https:\/\/zlp-krakow.pl\/index.php?rest_route=\/wp\/v2\/types\/post"}],"author":[{"embeddable":true,"href":"https:\/\/zlp-krakow.pl\/index.php?rest_route=\/wp\/v2\/users\/3"}],"replies":[{"embeddable":true,"href":"https:\/\/zlp-krakow.pl\/index.php?rest_route=%2Fwp%2Fv2%2Fcomments&post=2748"}],"version-history":[{"count":1,"href":"https:\/\/zlp-krakow.pl\/index.php?rest_route=\/wp\/v2\/posts\/2748\/revisions"}],"predecessor-version":[{"id":2750,"href":"https:\/\/zlp-krakow.pl\/index.php?rest_route=\/wp\/v2\/posts\/2748\/revisions\/2750"}],"wp:attachment":[{"href":"https:\/\/zlp-krakow.pl\/index.php?rest_route=%2Fwp%2Fv2%2Fmedia&parent=2748"}],"wp:term":[{"taxonomy":"category","embeddable":true,"href":"https:\/\/zlp-krakow.pl\/index.php?rest_route=%2Fwp%2Fv2%2Fcategories&post=2748"},{"taxonomy":"post_tag","embeddable":true,"href":"https:\/\/zlp-krakow.pl\/index.php?rest_route=%2Fwp%2Fv2%2Ftags&post=2748"}],"curies":[{"name":"wp","href":"https:\/\/api.w.org\/{rel}","templated":true}]}}