{"id":2648,"date":"2016-09-25T20:50:34","date_gmt":"2016-09-25T18:50:34","guid":{"rendered":"http:\/\/zlp-krakow.pl\/?p=2648"},"modified":"2016-12-07T21:21:18","modified_gmt":"2016-12-07T20:21:18","slug":"terminy-najblizszych-spotkan-ko-zlp","status":"publish","type":"post","link":"https:\/\/zlp-krakow.pl\/?p=2648","title":{"rendered":"Terminy najbli\u017cszych spotka\u0144 KO ZLP"},"content":{"rendered":"<div><strong>Terminy najbli\u017cszych spotka\u0144 KO ZLP<\/strong><\/div>\n<div><strong>\u00a0<\/strong><\/div>\n<div><strong>30 IX, godz. 19.00<\/strong><\/div>\n<div>Pa\u0142ac Biskupa Erazma Cio\u0142ka<\/div>\n<div>JESIENNY KONCERT KAMERALNY; Salon Poezji Janusza Trzebiatowskiego<\/div>\n<div><strong>\u00a0<\/strong><\/div>\n<div><strong>13 X, godz. 18.00<\/strong><\/div>\n<div>\u015ar\u00f3dmiejski O\u015brodek Kultury<\/div>\n<div>wiecz\u00f3r literacki po\u015bwi\u0119cony tw\u00f3rczo\u015bci<\/div>\n<div><strong>Juliana Kawalca<\/strong><\/div>\n<div>w setn\u0105 rocznic\u0119 urodzin<\/div>\n<div><strong>\u00a0<\/strong><\/div>\n<div><strong>28 X, godz. 18.00<\/strong><\/div>\n<div>\u015ar\u00f3dmiejski O\u015brodek Kultury<\/div>\n<div><em>\u00a0Dlaczego nasze dzie\u0142a nie s\u0105 t\u0142umaczone na j\u0119zyki obce?<\/em><\/div>\n<div>Panel dyskusyjny w ramach 20. Mi\u0119dzynarodowych Targ\u00f3w Ksi\u0105\u017cki<\/div>\n<div>zorganizowany przez Krakowski Oddzia\u0142 Zwi\u0105zku Literat\u00f3w Polskich<\/div>\n<div><\/div>\n<div><strong>29 X, godz. 17.00<\/strong><\/div>\n<div>EXPO Krak\u00f3w<\/div>\n<div>\u00a0<em>Prezentacja tw\u00f3rczo\u015bci literackiej \u2013 poetyckiej i prozatorskiej &#8211; cz\u0142onk\u00f3w Krakowskiego Oddzia\u0142u Zwi\u0105zku Literat\u00f3w Polskich w kontek\u015bcie funkcjonowania ich dzie\u0142 na rynku wydawniczym, w mediach oraz w \u015bwiadomo\u015bci spo\u0142ecznej.<\/em><\/div>\n<div>Panel dyskusyjny w ramach 20. Mi\u0119dzynarodowych Targ\u00f3w Ksi\u0105\u017cki<\/div>\n<div>zorganizowany przez Krakowski Oddzia\u0142 Zwi\u0105zku Literat\u00f3w Polskich<\/div>\n<p>&nbsp;<\/p>\n<div>\n<div><strong>10 listopada,\u00a0<\/strong>Klub Dziennikarzy \u201ePod Gruszk\u0105\u201d\u00a0<strong>\u2013<\/strong> Ko\u0142o M\u0142odych<\/div>\n<div><strong>8 grudnia, <\/strong>Klub Dziennikarzy \u201ePod Gruszk\u0105\u201d \u00a0\u2013 Barbara Paluchowa<\/div>\n<div><strong>19 grudnia, <\/strong>Klub Dziennikarzy \u201ePod Gruszk\u0105\u201d <strong>\u00a0\u2013 <\/strong>spotkanie op\u0142atkowo &#8211; noworoczne<\/div>\n<div><strong>10 stycznia 2017, <\/strong>Klub Dziennikarzy \u201ePod Gruszk\u0105\u201d <strong>\u00a0\u2013 <\/strong>Tadeusz \u015aliwiak<\/div>\n<div><strong>26 stycznia 2017, <\/strong>Klub Dziennikarzy \u201ePod Gruszk\u0105\u201d <strong>\u00a0\u2013 <\/strong>zebranie sprawozdawcze KO ZLP<\/div>\n<\/div>\n<p>&nbsp;<\/p>\n","protected":false},"excerpt":{"rendered":"<p>Terminy najbli\u017cszych spotka\u0144 KO ZLP \u00a0 30 IX, godz. 19.00 Pa\u0142ac Biskupa Erazma Cio\u0142ka JESIENNY KONCERT KAMERALNY; Salon Poezji Janusza Trzebiatowskiego \u00a0 13 X, godz. 18.00 \u015ar\u00f3dmiejski O\u015brodek Kultury wiecz\u00f3r literacki po\u015bwi\u0119cony tw\u00f3rczo\u015bci Juliana Kawalca w setn\u0105 rocznic\u0119 urodzin \u00a0 &#8230; <a class=\"more-link\" href=\"https:\/\/zlp-krakow.pl\/?p=2648\">Read More &raquo;<\/a><\/p>\n","protected":false},"author":3,"featured_media":0,"comment_status":"closed","ping_status":"open","sticky":false,"template":"","format":"standard","meta":{"footnotes":""},"categories":[12],"tags":[],"class_list":["post-2648","post","type-post","status-publish","format-standard","hentry","category-aktualnosci"],"_links":{"self":[{"href":"https:\/\/zlp-krakow.pl\/index.php?rest_route=\/wp\/v2\/posts\/2648","targetHints":{"allow":["GET"]}}],"collection":[{"href":"https:\/\/zlp-krakow.pl\/index.php?rest_route=\/wp\/v2\/posts"}],"about":[{"href":"https:\/\/zlp-krakow.pl\/index.php?rest_route=\/wp\/v2\/types\/post"}],"author":[{"embeddable":true,"href":"https:\/\/zlp-krakow.pl\/index.php?rest_route=\/wp\/v2\/users\/3"}],"replies":[{"embeddable":true,"href":"https:\/\/zlp-krakow.pl\/index.php?rest_route=%2Fwp%2Fv2%2Fcomments&post=2648"}],"version-history":[{"count":10,"href":"https:\/\/zlp-krakow.pl\/index.php?rest_route=\/wp\/v2\/posts\/2648\/revisions"}],"predecessor-version":[{"id":2804,"href":"https:\/\/zlp-krakow.pl\/index.php?rest_route=\/wp\/v2\/posts\/2648\/revisions\/2804"}],"wp:attachment":[{"href":"https:\/\/zlp-krakow.pl\/index.php?rest_route=%2Fwp%2Fv2%2Fmedia&parent=2648"}],"wp:term":[{"taxonomy":"category","embeddable":true,"href":"https:\/\/zlp-krakow.pl\/index.php?rest_route=%2Fwp%2Fv2%2Fcategories&post=2648"},{"taxonomy":"post_tag","embeddable":true,"href":"https:\/\/zlp-krakow.pl\/index.php?rest_route=%2Fwp%2Fv2%2Ftags&post=2648"}],"curies":[{"name":"wp","href":"https:\/\/api.w.org\/{rel}","templated":true}]}}