{"id":2620,"date":"2016-09-14T08:21:33","date_gmt":"2016-09-14T06:21:33","guid":{"rendered":"http:\/\/zlp-krakow.pl\/?p=2620"},"modified":"2016-11-11T10:37:20","modified_gmt":"2016-11-11T09:37:20","slug":"20-miedzynarodowe-targi-ksiazki-w-krakowie-3","status":"publish","type":"post","link":"https:\/\/zlp-krakow.pl\/?p=2620","title":{"rendered":"20. Mi\u0119dzynarodowe Targi Ksi\u0105\u017cki w Krakowie"},"content":{"rendered":"<div><object id=\"zlp-targi-2016\" width=\"720\" height=\"120\" classid=\"clsid:D27CDB6E-AE6D-11cf-96B8-444553540000\" align=\"middle\"><param name=\"movie\" value=\"https:\/\/zlp-krakow.pl\/wp-content\/uploads\/intro.swf\" \/><param name=\"bgcolor\" value=\"#FFFFFF\" \/><!-- [if !IE]>-->\t\t\t\t<object type=\"application\/x-shockwave-flash\" data=\"https:\/\/zlp-krakow.pl\/wp-content\/uploads\/2016\/09\/720x120.swf\" width=\"720\" height=\"120\" align=\"middle\"><param name=\"bgcolor\" value=\"#FFFFFF\" \/><!--<![endif]-->\t\t\t\t\t<a href=\"http:\/\/www.adobe.com\/go\/getflashplayer\">\t\t\t\t\t\t<img decoding=\"async\" src=\"http:\/\/www.adobe.com\/images\/shared\/download_buttons\/get_flash_player.gif\" alt=\"Get Adobe Flash player\" \/>\t\t\t\t\t<\/a>\t\t\t\t<!-- [if !IE]>--><\/object><\/object><br \/>\n<!--<![endif]--><\/div>\n<p>&nbsp;<\/p>\n","protected":false},"excerpt":{"rendered":"<p>&nbsp;<\/p>\n","protected":false},"author":1,"featured_media":0,"comment_status":"closed","ping_status":"closed","sticky":false,"template":"","format":"image","meta":{"footnotes":""},"categories":[12],"tags":[],"class_list":["post-2620","post","type-post","status-publish","format-image","hentry","category-aktualnosci","post_format-post-format-image"],"_links":{"self":[{"href":"https:\/\/zlp-krakow.pl\/index.php?rest_route=\/wp\/v2\/posts\/2620","targetHints":{"allow":["GET"]}}],"collection":[{"href":"https:\/\/zlp-krakow.pl\/index.php?rest_route=\/wp\/v2\/posts"}],"about":[{"href":"https:\/\/zlp-krakow.pl\/index.php?rest_route=\/wp\/v2\/types\/post"}],"author":[{"embeddable":true,"href":"https:\/\/zlp-krakow.pl\/index.php?rest_route=\/wp\/v2\/users\/1"}],"replies":[{"embeddable":true,"href":"https:\/\/zlp-krakow.pl\/index.php?rest_route=%2Fwp%2Fv2%2Fcomments&post=2620"}],"version-history":[{"count":9,"href":"https:\/\/zlp-krakow.pl\/index.php?rest_route=\/wp\/v2\/posts\/2620\/revisions"}],"predecessor-version":[{"id":2630,"href":"https:\/\/zlp-krakow.pl\/index.php?rest_route=\/wp\/v2\/posts\/2620\/revisions\/2630"}],"wp:attachment":[{"href":"https:\/\/zlp-krakow.pl\/index.php?rest_route=%2Fwp%2Fv2%2Fmedia&parent=2620"}],"wp:term":[{"taxonomy":"category","embeddable":true,"href":"https:\/\/zlp-krakow.pl\/index.php?rest_route=%2Fwp%2Fv2%2Fcategories&post=2620"},{"taxonomy":"post_tag","embeddable":true,"href":"https:\/\/zlp-krakow.pl\/index.php?rest_route=%2Fwp%2Fv2%2Ftags&post=2620"}],"curies":[{"name":"wp","href":"https:\/\/api.w.org\/{rel}","templated":true}]}}