{"id":2383,"date":"2016-09-14T19:00:31","date_gmt":"2016-09-14T17:00:31","guid":{"rendered":"http:\/\/zlp-krakow.pl\/?p=2383"},"modified":"2016-12-01T08:40:07","modified_gmt":"2016-12-01T07:40:07","slug":"13-pazdziernika-klub-dziennikarzy-pod-gruszka-wieczor-literacki-poswiecony-julianowi-kawalcowi-w-setna-rocznice-urodzin","status":"publish","type":"post","link":"https:\/\/zlp-krakow.pl\/?p=2383","title":{"rendered":"13 pa\u017adziernika, \u015ar\u00f3dmiejski O\u015brodek Kultury &#8211; wiecz\u00f3r literacki po\u015bwi\u0119cony JULIANOWI KAWALCOWI  w setn\u0105 rocznic\u0119 urodzin"},"content":{"rendered":"<p><a href=\"https:\/\/zlp-krakow.pl\/wp-content\/uploads\/2016\/09\/WIECZ\u00d3R-LITERACKI-Julian-Kawalec.jpg\"><img loading=\"lazy\" decoding=\"async\" class=\"alignnone size-medium wp-image-2618\" src=\"https:\/\/zlp-krakow.pl\/wp-content\/uploads\/2016\/09\/WIECZ\u00d3R-LITERACKI-Julian-Kawalec-300x169.jpg\" alt=\"wieczor-literacki-julian-kawalec\" width=\"300\" height=\"169\" srcset=\"https:\/\/zlp-krakow.pl\/wp-content\/uploads\/2016\/09\/WIECZ\u00d3R-LITERACKI-Julian-Kawalec-300x169.jpg 300w, https:\/\/zlp-krakow.pl\/wp-content\/uploads\/2016\/09\/WIECZ\u00d3R-LITERACKI-Julian-Kawalec-1024x576.jpg 1024w, https:\/\/zlp-krakow.pl\/wp-content\/uploads\/2016\/09\/WIECZ\u00d3R-LITERACKI-Julian-Kawalec-600x337.jpg 600w\" sizes=\"auto, (max-width: 300px) 100vw, 300px\" \/><\/a><\/p>\n<p><a href=\"https:\/\/zlp-krakow.pl\/wp-content\/uploads\/2016\/09\/14589927_1178037202235331_9057831687557647104_o.jpg\"><img loading=\"lazy\" decoding=\"async\" class=\"size-medium wp-image-2727 alignnone\" src=\"https:\/\/zlp-krakow.pl\/wp-content\/uploads\/2016\/09\/14589927_1178037202235331_9057831687557647104_o-300x199.jpg\" alt=\"14589927_1178037202235331_9057831687557647104_o\" width=\"300\" height=\"199\" srcset=\"https:\/\/zlp-krakow.pl\/wp-content\/uploads\/2016\/09\/14589927_1178037202235331_9057831687557647104_o-300x199.jpg 300w, https:\/\/zlp-krakow.pl\/wp-content\/uploads\/2016\/09\/14589927_1178037202235331_9057831687557647104_o-768x510.jpg 768w, https:\/\/zlp-krakow.pl\/wp-content\/uploads\/2016\/09\/14589927_1178037202235331_9057831687557647104_o-1024x680.jpg 1024w, https:\/\/zlp-krakow.pl\/wp-content\/uploads\/2016\/09\/14589927_1178037202235331_9057831687557647104_o-600x399.jpg 600w, https:\/\/zlp-krakow.pl\/wp-content\/uploads\/2016\/09\/14589927_1178037202235331_9057831687557647104_o.jpg 1200w\" sizes=\"auto, (max-width: 300px) 100vw, 300px\" \/><\/a><a href=\"https:\/\/zlp-krakow.pl\/wp-content\/uploads\/2016\/09\/14681663_1178037198901998_405159180215930748_n.jpg\"><img loading=\"lazy\" decoding=\"async\" class=\"size-medium wp-image-2728 alignright\" src=\"https:\/\/zlp-krakow.pl\/wp-content\/uploads\/2016\/09\/14681663_1178037198901998_405159180215930748_n-199x300.jpg\" alt=\"14681663_1178037198901998_405159180215930748_n\" width=\"199\" height=\"300\" srcset=\"https:\/\/zlp-krakow.pl\/wp-content\/uploads\/2016\/09\/14681663_1178037198901998_405159180215930748_n-199x300.jpg 199w, https:\/\/zlp-krakow.pl\/wp-content\/uploads\/2016\/09\/14681663_1178037198901998_405159180215930748_n-600x904.jpg 600w, https:\/\/zlp-krakow.pl\/wp-content\/uploads\/2016\/09\/14681663_1178037198901998_405159180215930748_n.jpg 637w\" sizes=\"auto, (max-width: 199px) 100vw, 199px\" \/><\/a><\/p>\n<p><a href=\"https:\/\/zlp-krakow.pl\/wp-content\/uploads\/2016\/09\/14681000_1178037398901978_867065171808933441_o.jpg\"><img loading=\"lazy\" decoding=\"async\" class=\"size-medium wp-image-2729 alignnone\" src=\"https:\/\/zlp-krakow.pl\/wp-content\/uploads\/2016\/09\/14681000_1178037398901978_867065171808933441_o-300x199.jpg\" alt=\"14681000_1178037398901978_867065171808933441_o\" width=\"300\" height=\"199\" srcset=\"https:\/\/zlp-krakow.pl\/wp-content\/uploads\/2016\/09\/14681000_1178037398901978_867065171808933441_o-300x199.jpg 300w, https:\/\/zlp-krakow.pl\/wp-content\/uploads\/2016\/09\/14681000_1178037398901978_867065171808933441_o-768x510.jpg 768w, https:\/\/zlp-krakow.pl\/wp-content\/uploads\/2016\/09\/14681000_1178037398901978_867065171808933441_o-1024x680.jpg 1024w, https:\/\/zlp-krakow.pl\/wp-content\/uploads\/2016\/09\/14681000_1178037398901978_867065171808933441_o-600x399.jpg 600w, https:\/\/zlp-krakow.pl\/wp-content\/uploads\/2016\/09\/14681000_1178037398901978_867065171808933441_o.jpg 1200w\" sizes=\"auto, (max-width: 300px) 100vw, 300px\" \/><\/a><a href=\"https:\/\/zlp-krakow.pl\/wp-content\/uploads\/2016\/09\/14705633_1178037295568655_945683447573668700_n.jpg\"><img loading=\"lazy\" decoding=\"async\" class=\"size-medium wp-image-2731 alignright\" src=\"https:\/\/zlp-krakow.pl\/wp-content\/uploads\/2016\/09\/14705633_1178037295568655_945683447573668700_n-199x300.jpg\" alt=\"14705633_1178037295568655_945683447573668700_n\" width=\"199\" height=\"300\" srcset=\"https:\/\/zlp-krakow.pl\/wp-content\/uploads\/2016\/09\/14705633_1178037295568655_945683447573668700_n-199x300.jpg 199w, https:\/\/zlp-krakow.pl\/wp-content\/uploads\/2016\/09\/14705633_1178037295568655_945683447573668700_n-600x904.jpg 600w, https:\/\/zlp-krakow.pl\/wp-content\/uploads\/2016\/09\/14705633_1178037295568655_945683447573668700_n.jpg 637w\" sizes=\"auto, (max-width: 199px) 100vw, 199px\" \/><\/a><\/p>\n<p><a href=\"https:\/\/zlp-krakow.pl\/wp-content\/uploads\/2016\/09\/14725461_1178037405568644_6591403779191300831_n.jpg\"><img loading=\"lazy\" decoding=\"async\" class=\"alignnone size-medium wp-image-2730\" src=\"https:\/\/zlp-krakow.pl\/wp-content\/uploads\/2016\/09\/14725461_1178037405568644_6591403779191300831_n-300x237.jpg\" alt=\"14725461_1178037405568644_6591403779191300831_n\" width=\"300\" height=\"237\" srcset=\"https:\/\/zlp-krakow.pl\/wp-content\/uploads\/2016\/09\/14725461_1178037405568644_6591403779191300831_n-300x237.jpg 300w, https:\/\/zlp-krakow.pl\/wp-content\/uploads\/2016\/09\/14725461_1178037405568644_6591403779191300831_n-768x606.jpg 768w, https:\/\/zlp-krakow.pl\/wp-content\/uploads\/2016\/09\/14725461_1178037405568644_6591403779191300831_n-600x473.jpg 600w, https:\/\/zlp-krakow.pl\/wp-content\/uploads\/2016\/09\/14725461_1178037405568644_6591403779191300831_n.jpg 960w\" sizes=\"auto, (max-width: 300px) 100vw, 300px\" \/><\/a><\/p>\n<p>Foto: Andrzej Makuch<\/p>\n<p style=\"text-align: justify;\">Pi\u0119kny wspomnieniowy wiecz\u00f3r po\u015bwi\u0119cony \u015b.p. Julianowi Kawalcowi odby\u0142 si\u0119 w \u015ar\u00f3dmiejskim O\u015brodku Kultury w Krakowie. Ten wybitny prozaik, poeta, cz\u0142onek Krakowskiego Oddzia\u0142u Zwi\u0105zku Literat\u00f3w Polskich obchodzi\u0142by w tym roku setn\u0105 rocznic\u0119 urodzin. Na spotkanie przyby\u0142o liczne grono przyjaci\u00f3\u0142 zmar\u0142ego w roku 2014 pisarza. Obecna by\u0142a c\u00f3rka Ewa Kawalec i wnuk Piotr. Wiecz\u00f3r wspomnie\u0144 zorganizowa\u0142 Krakowski Oddzia\u0142 ZLP. S\u0142owo o Autorze i jego tw\u00f3rczo\u015bci wyg\u0142osi\u0142 prof. Boles\u0142aw Faron. Fragmenty prozy przeczyta\u0142 Maciej Naglicki. Juliana Kawalca wspominali m.in. Janusz Jutrzenka-Trzebiatowski i krakowski poeta J\u00f3zef Baran. Spotkanie poprowadzi\u0142a prezes KO ZLP Joanna Krupi\u0144ska-Trzebiatowska.<\/p>\n<p>Tekst: Irena Kaczmarczyk<\/p>\n","protected":false},"excerpt":{"rendered":"<p>Foto: Andrzej Makuch Pi\u0119kny wspomnieniowy wiecz\u00f3r po\u015bwi\u0119cony \u015b.p. Julianowi Kawalcowi odby\u0142 si\u0119 w \u015ar\u00f3dmiejskim O\u015brodku Kultury w Krakowie. Ten wybitny prozaik, poeta, cz\u0142onek Krakowskiego Oddzia\u0142u Zwi\u0105zku Literat\u00f3w Polskich obchodzi\u0142by w tym roku setn\u0105 rocznic\u0119 urodzin. Na spotkanie przyby\u0142o liczne grono &#8230; <a class=\"more-link\" href=\"https:\/\/zlp-krakow.pl\/?p=2383\">Read More &raquo;<\/a><\/p>\n","protected":false},"author":3,"featured_media":0,"comment_status":"closed","ping_status":"closed","sticky":false,"template":"","format":"standard","meta":{"footnotes":""},"categories":[12,13],"tags":[],"class_list":["post-2383","post","type-post","status-publish","format-standard","hentry","category-aktualnosci","category-zaproszenia"],"_links":{"self":[{"href":"https:\/\/zlp-krakow.pl\/index.php?rest_route=\/wp\/v2\/posts\/2383","targetHints":{"allow":["GET"]}}],"collection":[{"href":"https:\/\/zlp-krakow.pl\/index.php?rest_route=\/wp\/v2\/posts"}],"about":[{"href":"https:\/\/zlp-krakow.pl\/index.php?rest_route=\/wp\/v2\/types\/post"}],"author":[{"embeddable":true,"href":"https:\/\/zlp-krakow.pl\/index.php?rest_route=\/wp\/v2\/users\/3"}],"replies":[{"embeddable":true,"href":"https:\/\/zlp-krakow.pl\/index.php?rest_route=%2Fwp%2Fv2%2Fcomments&post=2383"}],"version-history":[{"count":11,"href":"https:\/\/zlp-krakow.pl\/index.php?rest_route=\/wp\/v2\/posts\/2383\/revisions"}],"predecessor-version":[{"id":2735,"href":"https:\/\/zlp-krakow.pl\/index.php?rest_route=\/wp\/v2\/posts\/2383\/revisions\/2735"}],"wp:attachment":[{"href":"https:\/\/zlp-krakow.pl\/index.php?rest_route=%2Fwp%2Fv2%2Fmedia&parent=2383"}],"wp:term":[{"taxonomy":"category","embeddable":true,"href":"https:\/\/zlp-krakow.pl\/index.php?rest_route=%2Fwp%2Fv2%2Fcategories&post=2383"},{"taxonomy":"post_tag","embeddable":true,"href":"https:\/\/zlp-krakow.pl\/index.php?rest_route=%2Fwp%2Fv2%2Ftags&post=2383"}],"curies":[{"name":"wp","href":"https:\/\/api.w.org\/{rel}","templated":true}]}}