{"id":2345,"date":"2016-04-15T13:52:57","date_gmt":"2016-04-15T11:52:57","guid":{"rendered":"http:\/\/zlp-krakow.pl\/?p=2345"},"modified":"2016-05-16T08:22:19","modified_gmt":"2016-05-16T06:22:19","slug":"promocja-ksiazki-doroty-lorenowicz-pomiedzy-toba-a-mna-srodmiejski-osrodek-kultury-15-kwietnia-godz-18-00","status":"publish","type":"post","link":"https:\/\/zlp-krakow.pl\/?p=2345","title":{"rendered":"Promocja ksi\u0105\u017cki Doroty Lorenowicz &#8222;Pomi\u0119dzy Tob\u0105 a Mn\u0105&#8221;, \u015ar\u00f3dmiejski O\u015brodek Kultury, 15 kwietnia, godz. 18.00"},"content":{"rendered":"<p><a href=\"https:\/\/zlp-krakow.pl\/wp-content\/uploads\/2016\/03\/6.jpg\"><img loading=\"lazy\" decoding=\"async\" class=\"alignnone size-medium wp-image-2398\" src=\"https:\/\/zlp-krakow.pl\/wp-content\/uploads\/2016\/03\/6-300x191.jpg\" alt=\"6\" width=\"300\" height=\"191\" srcset=\"https:\/\/zlp-krakow.pl\/wp-content\/uploads\/2016\/03\/6-300x191.jpg 300w, https:\/\/zlp-krakow.pl\/wp-content\/uploads\/2016\/03\/6-600x381.jpg 600w, https:\/\/zlp-krakow.pl\/wp-content\/uploads\/2016\/03\/6.jpg 960w\" sizes=\"auto, (max-width: 300px) 100vw, 300px\" \/><\/a><\/p>\n<p><a href=\"https:\/\/zlp-krakow.pl\/wp-content\/uploads\/2016\/03\/7.jpg\"><img loading=\"lazy\" decoding=\"async\" class=\"alignnone size-medium wp-image-2397\" src=\"https:\/\/zlp-krakow.pl\/wp-content\/uploads\/2016\/03\/7-300x225.jpg\" alt=\"7\" width=\"300\" height=\"225\" srcset=\"https:\/\/zlp-krakow.pl\/wp-content\/uploads\/2016\/03\/7-300x225.jpg 300w, https:\/\/zlp-krakow.pl\/wp-content\/uploads\/2016\/03\/7-600x450.jpg 600w, https:\/\/zlp-krakow.pl\/wp-content\/uploads\/2016\/03\/7.jpg 960w\" sizes=\"auto, (max-width: 300px) 100vw, 300px\" \/><\/a><\/p>\n<p><a href=\"https:\/\/zlp-krakow.pl\/wp-content\/uploads\/2016\/03\/4.jpg\"><img loading=\"lazy\" decoding=\"async\" class=\"alignnone size-medium wp-image-2396\" src=\"https:\/\/zlp-krakow.pl\/wp-content\/uploads\/2016\/03\/4-300x177.jpg\" alt=\"4\" width=\"300\" height=\"177\" srcset=\"https:\/\/zlp-krakow.pl\/wp-content\/uploads\/2016\/03\/4-300x177.jpg 300w, https:\/\/zlp-krakow.pl\/wp-content\/uploads\/2016\/03\/4-600x353.jpg 600w, https:\/\/zlp-krakow.pl\/wp-content\/uploads\/2016\/03\/4.jpg 960w\" sizes=\"auto, (max-width: 300px) 100vw, 300px\" \/><\/a><\/p>\n<p><a href=\"https:\/\/zlp-krakow.pl\/wp-content\/uploads\/2016\/03\/11.jpg\"><img loading=\"lazy\" decoding=\"async\" class=\"alignnone size-medium wp-image-2395\" src=\"https:\/\/zlp-krakow.pl\/wp-content\/uploads\/2016\/03\/11-300x251.jpg\" alt=\"11\" width=\"300\" height=\"251\" srcset=\"https:\/\/zlp-krakow.pl\/wp-content\/uploads\/2016\/03\/11-300x251.jpg 300w, https:\/\/zlp-krakow.pl\/wp-content\/uploads\/2016\/03\/11-600x503.jpg 600w, https:\/\/zlp-krakow.pl\/wp-content\/uploads\/2016\/03\/11.jpg 960w\" sizes=\"auto, (max-width: 300px) 100vw, 300px\" \/><\/a><\/p>\n<p>Prowadzenie: Beata Anna Symo\u0142on<\/p>\n<p>Foto: Agnieszka Dyrek<\/p>\n<p>W \u015ar\u00f3dmiejskim O\u015brodku Kultury 15.04. 2015 roku, przy ul Miko\u0142ajskiej 1 w Krakowie, odby\u0142a si\u0119 promocja kolejnego tomiku wierszy\u00a0 Doroty Lorenowicz \u201ePomi\u0119dzy Tob\u0105 a Mn\u0105\u201d, prowadzona przez znan\u0105 krakowskim poetom w\u0142a\u015bcicielk\u0119 Salonu Artystycznego \u2013 Beat\u0119 Ann\u0119 Symo\u0142on.<\/p>\n<p>To by\u0142 wyj\u0105tkowy wiecz\u00f3r, a raczej spektakl poetycki, przygotowany przez Niezale\u017cn\u0105 Grup\u0119 Teatraln\u0105 \u201ePorfirion\u201d, pod kierownictwem Haliny Markiewicz i Gra\u017cyny \u0141apuszek \u2013 tw\u00f3rczyni muzyki do wszystkich \u015bpiewanych przez zesp\u00f3\u0142 wierszy poetki.<\/p>\n<p>Na promocji\u00a0 obecni byli: prezes KO ZLP Joanna Krupi\u0144ska-Trzebiatowska, prof. Boles\u0142aw Faron, prof. Joanna Pociask-Karteczka, Leszek Konarski. Spotkanie zaszczyci\u0142 r\u00f3wnie\u017c swoj\u0105 obecno\u015bci\u0105\u00a0 dyrektor \u015ar\u00f3dmiejskiego O\u015brodka Kultury \u2013 Janusz Paluch.<\/p>\n<p><a href=\"https:\/\/zlp-krakow.pl\/wp-content\/uploads\/2016\/03\/Dorota-Lorenowicz-zaproszenie.jpg\"><img loading=\"lazy\" decoding=\"async\" class=\"alignnone size-medium wp-image-2346\" src=\"https:\/\/zlp-krakow.pl\/wp-content\/uploads\/2016\/03\/Dorota-Lorenowicz-zaproszenie-212x300.jpg\" alt=\"Dorota Lorenowicz - zaproszenie\" width=\"212\" height=\"300\" srcset=\"https:\/\/zlp-krakow.pl\/wp-content\/uploads\/2016\/03\/Dorota-Lorenowicz-zaproszenie-212x300.jpg 212w, https:\/\/zlp-krakow.pl\/wp-content\/uploads\/2016\/03\/Dorota-Lorenowicz-zaproszenie-724x1024.jpg 724w, https:\/\/zlp-krakow.pl\/wp-content\/uploads\/2016\/03\/Dorota-Lorenowicz-zaproszenie-600x848.jpg 600w\" sizes=\"auto, (max-width: 212px) 100vw, 212px\" \/><\/a><\/p>\n","protected":false},"excerpt":{"rendered":"<p>Prowadzenie: Beata Anna Symo\u0142on Foto: Agnieszka Dyrek W \u015ar\u00f3dmiejskim O\u015brodku Kultury 15.04. 2015 roku, przy ul Miko\u0142ajskiej 1 w Krakowie, odby\u0142a si\u0119 promocja kolejnego tomiku wierszy\u00a0 Doroty Lorenowicz \u201ePomi\u0119dzy Tob\u0105 a Mn\u0105\u201d, prowadzona przez znan\u0105 krakowskim poetom w\u0142a\u015bcicielk\u0119 Salonu Artystycznego &#8230; <a class=\"more-link\" href=\"https:\/\/zlp-krakow.pl\/?p=2345\">Read More &raquo;<\/a><\/p>\n","protected":false},"author":3,"featured_media":0,"comment_status":"closed","ping_status":"closed","sticky":false,"template":"","format":"standard","meta":{"footnotes":""},"categories":[12,13],"tags":[],"class_list":["post-2345","post","type-post","status-publish","format-standard","hentry","category-aktualnosci","category-zaproszenia"],"_links":{"self":[{"href":"https:\/\/zlp-krakow.pl\/index.php?rest_route=\/wp\/v2\/posts\/2345","targetHints":{"allow":["GET"]}}],"collection":[{"href":"https:\/\/zlp-krakow.pl\/index.php?rest_route=\/wp\/v2\/posts"}],"about":[{"href":"https:\/\/zlp-krakow.pl\/index.php?rest_route=\/wp\/v2\/types\/post"}],"author":[{"embeddable":true,"href":"https:\/\/zlp-krakow.pl\/index.php?rest_route=\/wp\/v2\/users\/3"}],"replies":[{"embeddable":true,"href":"https:\/\/zlp-krakow.pl\/index.php?rest_route=%2Fwp%2Fv2%2Fcomments&post=2345"}],"version-history":[{"count":3,"href":"https:\/\/zlp-krakow.pl\/index.php?rest_route=\/wp\/v2\/posts\/2345\/revisions"}],"predecessor-version":[{"id":2399,"href":"https:\/\/zlp-krakow.pl\/index.php?rest_route=\/wp\/v2\/posts\/2345\/revisions\/2399"}],"wp:attachment":[{"href":"https:\/\/zlp-krakow.pl\/index.php?rest_route=%2Fwp%2Fv2%2Fmedia&parent=2345"}],"wp:term":[{"taxonomy":"category","embeddable":true,"href":"https:\/\/zlp-krakow.pl\/index.php?rest_route=%2Fwp%2Fv2%2Fcategories&post=2345"},{"taxonomy":"post_tag","embeddable":true,"href":"https:\/\/zlp-krakow.pl\/index.php?rest_route=%2Fwp%2Fv2%2Ftags&post=2345"}],"curies":[{"name":"wp","href":"https:\/\/api.w.org\/{rel}","templated":true}]}}