{"id":2290,"date":"2016-03-11T08:52:36","date_gmt":"2016-03-11T07:52:36","guid":{"rendered":"http:\/\/zlp-krakow.pl\/?p=2290"},"modified":"2016-04-15T11:58:37","modified_gmt":"2016-04-15T09:58:37","slug":"promocja-tomiku-ireny-kaczmarczyk-kanonicza-14-srodmiejski-osrodek-kultury-30-marca-godz-18-00","status":"publish","type":"post","link":"https:\/\/zlp-krakow.pl\/?p=2290","title":{"rendered":"Promocja tomiku Ireny Kaczmarczyk &#8222;Kanonicza 14&#8221;, \u015ar\u00f3dmiejski O\u015brodek Kultury, 30 marca, godz. 18.00"},"content":{"rendered":"<p><a href=\"https:\/\/zlp-krakow.pl\/wp-content\/uploads\/2016\/03\/1-my-w-tr\u00f3jk\u0119-na-scenie.jpg\"><img loading=\"lazy\" decoding=\"async\" class=\"alignnone size-medium wp-image-2350\" src=\"https:\/\/zlp-krakow.pl\/wp-content\/uploads\/2016\/03\/1-my-w-tr\u00f3jk\u0119-na-scenie-300x200.jpg\" alt=\"1 my w tr\u00f3jk\u0119 na scenie\" width=\"300\" height=\"200\" srcset=\"https:\/\/zlp-krakow.pl\/wp-content\/uploads\/2016\/03\/1-my-w-tr\u00f3jk\u0119-na-scenie-300x200.jpg 300w, https:\/\/zlp-krakow.pl\/wp-content\/uploads\/2016\/03\/1-my-w-tr\u00f3jk\u0119-na-scenie-1024x683.jpg 1024w, https:\/\/zlp-krakow.pl\/wp-content\/uploads\/2016\/03\/1-my-w-tr\u00f3jk\u0119-na-scenie-600x400.jpg 600w\" sizes=\"auto, (max-width: 300px) 100vw, 300px\" \/><\/a><\/p>\n<p><a href=\"https:\/\/zlp-krakow.pl\/wp-content\/uploads\/2016\/03\/2-sprzeda\u017c-ksi\u0105\u017cek-2.jpg\"><img loading=\"lazy\" decoding=\"async\" class=\"alignnone size-medium wp-image-2351\" src=\"https:\/\/zlp-krakow.pl\/wp-content\/uploads\/2016\/03\/2-sprzeda\u017c-ksi\u0105\u017cek-2-300x200.jpg\" alt=\"2 sprzeda\u017c ksi\u0105\u017cek 2\" width=\"300\" height=\"200\" srcset=\"https:\/\/zlp-krakow.pl\/wp-content\/uploads\/2016\/03\/2-sprzeda\u017c-ksi\u0105\u017cek-2-300x200.jpg 300w, https:\/\/zlp-krakow.pl\/wp-content\/uploads\/2016\/03\/2-sprzeda\u017c-ksi\u0105\u017cek-2-1024x683.jpg 1024w, https:\/\/zlp-krakow.pl\/wp-content\/uploads\/2016\/03\/2-sprzeda\u017c-ksi\u0105\u017cek-2-600x400.jpg 600w\" sizes=\"auto, (max-width: 300px) 100vw, 300px\" \/><\/a><\/p>\n<p><a href=\"https:\/\/zlp-krakow.pl\/wp-content\/uploads\/2016\/03\/4-wernisa\u017c-Marzena.jpg\"><img loading=\"lazy\" decoding=\"async\" class=\"alignnone size-medium wp-image-2352\" src=\"https:\/\/zlp-krakow.pl\/wp-content\/uploads\/2016\/03\/4-wernisa\u017c-Marzena-300x200.jpg\" alt=\"4 wernisa\u017c Marzena\" width=\"300\" height=\"200\" srcset=\"https:\/\/zlp-krakow.pl\/wp-content\/uploads\/2016\/03\/4-wernisa\u017c-Marzena-300x200.jpg 300w, https:\/\/zlp-krakow.pl\/wp-content\/uploads\/2016\/03\/4-wernisa\u017c-Marzena-1024x683.jpg 1024w, https:\/\/zlp-krakow.pl\/wp-content\/uploads\/2016\/03\/4-wernisa\u017c-Marzena-600x400.jpg 600w\" sizes=\"auto, (max-width: 300px) 100vw, 300px\" \/><\/a><\/p>\n<p>Prowadzenie: Alicja Tanew<\/p>\n<p>Foto: Piotr Kaczmarczyk<\/p>\n<p>W dniu 30 marca 2016 r. w \u015ar\u00f3dmiejskim O\u015brodku Kultury odby\u0142a si\u0119 promocja poetyckiego albumu Ireny Kaczmarzyk, zatytu\u0142owanego \u201eKanonicza 14\u201d. Album zawiera 48 krakowskich wierszy oraz 17 kolorowych fotografii obraz\u00f3w Krakowa autorstwa artystki malarki Renaty Kulig-Radziszewskiej. Wydawc\u0105 tomu jest Krakowski Oddzia\u0142 Zwi\u0105zku Literat\u00f3w Polskich. Jest to si\u00f3dma publikacja wydana w serii \u201eBiblioteka Krakowskiego Oddzia\u0142u Zwi\u0105zku Literat\u00f3w Polskich\u201d (w tym ksi\u0105\u017cki: Joanny Krupi\u0144skiej-Trzebiatowskiej, Danuty Su\u0142kowskiej, Doroty Lorenowicz i dwa tomiki Ireny Kaczmarczyk).<\/p>\n<p>Wydarzenie poetyckie po\u0142\u0105czone z wernisa\u017cem wystawy Renaty Kulig-Radziszewskiej \u201eKrak\u00f3w \u2013 miasto, w kt\u00f3rym \u017cyj\u0119\u201d zgromadzi\u0142o oko\u0142o 100 os\u00f3b: poet\u00f3w, artyst\u00f3w malarzy, mi\u0142o\u015bnik\u00f3w sztuki. Spotkanie poprowadzi\u0142a wiceprezes KO ZLP Alicja Tanew. Opraw\u0119 muzyczn\u0105 zapewni\u0142y 3 solistki z Niezale\u017cnej Grupy Teatralnej \u201ePorfirion\u201d, kt\u00f3re do kompozycji Gra\u017cyny \u0141apuszek wykona\u0142y 3 piosenki do s\u0142\u00f3w Ireny Kaczmarczyk.<\/p>\n<p>Wiecz\u00f3r u\u015bwietni\u0142a obecno\u015b\u0107 krakowskiej artystki malarki Ewy Preisner, kt\u00f3ra odczyta\u0142a fragment bardzo poetyckiego postscriptum, jakie napisa\u0142a do albumu \u201eKanonicza 14\u201d. Po cz\u0119\u015bci promuj\u0105cej album, s\u0142uchacze zeszli na I pi\u0119tro do Galerii, gdzie odby\u0142 si\u0119 wernisa\u017c wystawy. Ekspozycja 30.obraz\u00f3w Krakowa: pi\u0119knych uliczek, zau\u0142k\u00f3w, zabytk\u00f3w, kawiarni Krakowa (w tym obraz\u00f3w z poetyckiego albumu Ireny Kaczmarczyk) zatrzyma\u0142a go\u015bci a\u017c do godziny zamkni\u0119cia \u015ar\u00f3dmiejskiego O\u015brodka Kultury.<\/p>\n<p>Pi\u0119knie wydany album, po\u0142\u0105czenie S\u0142owa z Obrazem, prze\u0142o\u017cy\u0142o si\u0119 na du\u017ce zainteresowanie ksi\u0105\u017ck\u0105; trafi\u0142a ona do blisko 40. os\u00f3b.<\/p>\n<p><a href=\"https:\/\/zlp-krakow.pl\/wp-content\/uploads\/2016\/03\/Zaproszenie-2-2.jpg\"><img loading=\"lazy\" decoding=\"async\" class=\"alignnone size-medium wp-image-2291\" src=\"https:\/\/zlp-krakow.pl\/wp-content\/uploads\/2016\/03\/Zaproszenie-2-2-213x300.jpg\" alt=\"Zaproszenie 2 (2)\" width=\"213\" height=\"300\" srcset=\"https:\/\/zlp-krakow.pl\/wp-content\/uploads\/2016\/03\/Zaproszenie-2-2-213x300.jpg 213w, https:\/\/zlp-krakow.pl\/wp-content\/uploads\/2016\/03\/Zaproszenie-2-2-727x1024.jpg 727w, https:\/\/zlp-krakow.pl\/wp-content\/uploads\/2016\/03\/Zaproszenie-2-2-600x845.jpg 600w, https:\/\/zlp-krakow.pl\/wp-content\/uploads\/2016\/03\/Zaproszenie-2-2.jpg 1242w\" sizes=\"auto, (max-width: 213px) 100vw, 213px\" \/><\/a><\/p>\n<p>&nbsp;<\/p>\n","protected":false},"excerpt":{"rendered":"<p>Prowadzenie: Alicja Tanew Foto: Piotr Kaczmarczyk W dniu 30 marca 2016 r. w \u015ar\u00f3dmiejskim O\u015brodku Kultury odby\u0142a si\u0119 promocja poetyckiego albumu Ireny Kaczmarzyk, zatytu\u0142owanego \u201eKanonicza 14\u201d. Album zawiera 48 krakowskich wierszy oraz 17 kolorowych fotografii obraz\u00f3w Krakowa autorstwa artystki malarki &#8230; <a class=\"more-link\" href=\"https:\/\/zlp-krakow.pl\/?p=2290\">Read More &raquo;<\/a><\/p>\n","protected":false},"author":3,"featured_media":0,"comment_status":"closed","ping_status":"closed","sticky":false,"template":"","format":"standard","meta":{"footnotes":""},"categories":[12,13],"tags":[],"class_list":["post-2290","post","type-post","status-publish","format-standard","hentry","category-aktualnosci","category-zaproszenia"],"_links":{"self":[{"href":"https:\/\/zlp-krakow.pl\/index.php?rest_route=\/wp\/v2\/posts\/2290","targetHints":{"allow":["GET"]}}],"collection":[{"href":"https:\/\/zlp-krakow.pl\/index.php?rest_route=\/wp\/v2\/posts"}],"about":[{"href":"https:\/\/zlp-krakow.pl\/index.php?rest_route=\/wp\/v2\/types\/post"}],"author":[{"embeddable":true,"href":"https:\/\/zlp-krakow.pl\/index.php?rest_route=\/wp\/v2\/users\/3"}],"replies":[{"embeddable":true,"href":"https:\/\/zlp-krakow.pl\/index.php?rest_route=%2Fwp%2Fv2%2Fcomments&post=2290"}],"version-history":[{"count":3,"href":"https:\/\/zlp-krakow.pl\/index.php?rest_route=\/wp\/v2\/posts\/2290\/revisions"}],"predecessor-version":[{"id":2353,"href":"https:\/\/zlp-krakow.pl\/index.php?rest_route=\/wp\/v2\/posts\/2290\/revisions\/2353"}],"wp:attachment":[{"href":"https:\/\/zlp-krakow.pl\/index.php?rest_route=%2Fwp%2Fv2%2Fmedia&parent=2290"}],"wp:term":[{"taxonomy":"category","embeddable":true,"href":"https:\/\/zlp-krakow.pl\/index.php?rest_route=%2Fwp%2Fv2%2Fcategories&post=2290"},{"taxonomy":"post_tag","embeddable":true,"href":"https:\/\/zlp-krakow.pl\/index.php?rest_route=%2Fwp%2Fv2%2Ftags&post=2290"}],"curies":[{"name":"wp","href":"https:\/\/api.w.org\/{rel}","templated":true}]}}