{"id":2245,"date":"2016-02-23T15:54:40","date_gmt":"2016-02-23T14:54:40","guid":{"rendered":"http:\/\/zlp-krakow.pl\/?p=2245"},"modified":"2016-03-29T13:23:03","modified_gmt":"2016-03-29T11:23:03","slug":"literacki-wieczor-autorski-joanny-krupinskiej-trzebiatowskiej-z-prezentacja-ksiazki-pt-zdrada-klub-muzyki-i-literatury-we-wroclawiu-3-marca-czwartek-2016-roku-o-godz-18-00","status":"publish","type":"post","link":"https:\/\/zlp-krakow.pl\/?p=2245","title":{"rendered":"Literacki wiecz\u00f3r autorski Joanny Krupi\u0144skiej-Trzebiatowskiej z prezentacj\u0105 ksi\u0105\u017cki pt. &#8221;Zdrada&#8221;, Klub Muzyki i Literatury we Wroc\u0142awiu, 3 marca (czwartek) 2016 roku o godz. 18.00"},"content":{"rendered":"<p><a href=\"https:\/\/zlp-krakow.pl\/wp-content\/uploads\/2016\/02\/DSC05363-2.jpg\"><img loading=\"lazy\" decoding=\"async\" class=\"size-medium wp-image-2250\" src=\"https:\/\/zlp-krakow.pl\/wp-content\/uploads\/2016\/02\/DSC05363-2-300x200.jpg\" alt=\"SONY DSC\" width=\"300\" height=\"200\" srcset=\"https:\/\/zlp-krakow.pl\/wp-content\/uploads\/2016\/02\/DSC05363-2-300x200.jpg 300w, https:\/\/zlp-krakow.pl\/wp-content\/uploads\/2016\/02\/DSC05363-2-1024x683.jpg 1024w, https:\/\/zlp-krakow.pl\/wp-content\/uploads\/2016\/02\/DSC05363-2-600x400.jpg 600w\" sizes=\"auto, (max-width: 300px) 100vw, 300px\" \/><\/a><\/p>\n<p><a href=\"https:\/\/zlp-krakow.pl\/wp-content\/uploads\/2016\/02\/12778978_1155736374436388_6029846536679667769_o.jpg\"><img loading=\"lazy\" decoding=\"async\" class=\"alignnone size-medium wp-image-2252\" src=\"https:\/\/zlp-krakow.pl\/wp-content\/uploads\/2016\/02\/12778978_1155736374436388_6029846536679667769_o-300x202.jpg\" alt=\"12778978_1155736374436388_6029846536679667769_o\" width=\"300\" height=\"202\" srcset=\"https:\/\/zlp-krakow.pl\/wp-content\/uploads\/2016\/02\/12778978_1155736374436388_6029846536679667769_o-300x202.jpg 300w, https:\/\/zlp-krakow.pl\/wp-content\/uploads\/2016\/02\/12778978_1155736374436388_6029846536679667769_o-600x404.jpg 600w, https:\/\/zlp-krakow.pl\/wp-content\/uploads\/2016\/02\/12778978_1155736374436388_6029846536679667769_o.jpg 1003w\" sizes=\"auto, (max-width: 300px) 100vw, 300px\" \/><\/a><\/p>\n<p><a href=\"https:\/\/zlp-krakow.pl\/wp-content\/uploads\/2016\/02\/12804679_1155735854436440_8787047225765220084_n.jpg\"><img loading=\"lazy\" decoding=\"async\" class=\"alignnone size-medium wp-image-2253\" src=\"https:\/\/zlp-krakow.pl\/wp-content\/uploads\/2016\/02\/12804679_1155735854436440_8787047225765220084_n-300x241.jpg\" alt=\"12804679_1155735854436440_8787047225765220084_n\" width=\"300\" height=\"241\" srcset=\"https:\/\/zlp-krakow.pl\/wp-content\/uploads\/2016\/02\/12804679_1155735854436440_8787047225765220084_n-300x241.jpg 300w, https:\/\/zlp-krakow.pl\/wp-content\/uploads\/2016\/02\/12804679_1155735854436440_8787047225765220084_n-600x482.jpg 600w, https:\/\/zlp-krakow.pl\/wp-content\/uploads\/2016\/02\/12804679_1155735854436440_8787047225765220084_n.jpg 960w\" sizes=\"auto, (max-width: 300px) 100vw, 300px\" \/><\/a><\/p>\n<p>Foto: S\u0142awa K\u0142adoczna-Gryta<\/p>\n<p><a href=\"https:\/\/zlp-krakow.pl\/wp-content\/uploads\/2016\/03\/160303-18-plakat.jpg\"><img loading=\"lazy\" decoding=\"async\" class=\"alignnone size-medium wp-image-2246\" src=\"https:\/\/zlp-krakow.pl\/wp-content\/uploads\/2016\/03\/160303-18-plakat-212x300.jpg\" alt=\"160303-18-plakat\" width=\"212\" height=\"300\" srcset=\"https:\/\/zlp-krakow.pl\/wp-content\/uploads\/2016\/03\/160303-18-plakat-212x300.jpg 212w, https:\/\/zlp-krakow.pl\/wp-content\/uploads\/2016\/03\/160303-18-plakat-724x1024.jpg 724w, https:\/\/zlp-krakow.pl\/wp-content\/uploads\/2016\/03\/160303-18-plakat-600x849.jpg 600w, https:\/\/zlp-krakow.pl\/wp-content\/uploads\/2016\/03\/160303-18-plakat.jpg 992w\" sizes=\"auto, (max-width: 212px) 100vw, 212px\" \/><\/a><\/p>\n<p>Literacki wiecz\u00f3r autorski<strong> Joanny Krupi\u0144skiej-Trzebiatowskiej<\/strong> z prezentacj\u0105 ksi\u0105\u017cki pt. <strong>&#8221;Zdrada&#8217;<\/strong>&#8217;, Klub Muzyki i Literatury we Wroc\u0142awiu,<br \/>\n3 marca (czwartek) 2016 roku o godz. 18.00<br \/>\nProwadzenie: red. <strong>Kazimierz Burnat<\/strong><br \/>\nW cz\u0119\u015bci muzycznej przy fortepianie: <strong>Izabela Jutrzenka-Trzebiatowska<\/strong><span class=\"text_exposed_show\"><br \/>\nW programie utwory F. Chopina<\/span><\/p>\n<p>http:\/\/www.klubmil.pl\/332016-wieczor-literacki-j-krupiskiej-trzebiatowskiej<\/p>\n","protected":false},"excerpt":{"rendered":"<p>Foto: S\u0142awa K\u0142adoczna-Gryta Literacki wiecz\u00f3r autorski Joanny Krupi\u0144skiej-Trzebiatowskiej z prezentacj\u0105 ksi\u0105\u017cki pt. &#8221;Zdrada&#8217;&#8217;, Klub Muzyki i Literatury we Wroc\u0142awiu, 3 marca (czwartek) 2016 roku o godz. 18.00 Prowadzenie: red. Kazimierz Burnat W cz\u0119\u015bci muzycznej przy fortepianie: Izabela Jutrzenka-Trzebiatowska W programie &#8230; <a class=\"more-link\" href=\"https:\/\/zlp-krakow.pl\/?p=2245\">Read More &raquo;<\/a><\/p>\n","protected":false},"author":3,"featured_media":0,"comment_status":"closed","ping_status":"closed","sticky":false,"template":"","format":"standard","meta":{"footnotes":""},"categories":[12],"tags":[],"class_list":["post-2245","post","type-post","status-publish","format-standard","hentry","category-aktualnosci"],"_links":{"self":[{"href":"https:\/\/zlp-krakow.pl\/index.php?rest_route=\/wp\/v2\/posts\/2245","targetHints":{"allow":["GET"]}}],"collection":[{"href":"https:\/\/zlp-krakow.pl\/index.php?rest_route=\/wp\/v2\/posts"}],"about":[{"href":"https:\/\/zlp-krakow.pl\/index.php?rest_route=\/wp\/v2\/types\/post"}],"author":[{"embeddable":true,"href":"https:\/\/zlp-krakow.pl\/index.php?rest_route=\/wp\/v2\/users\/3"}],"replies":[{"embeddable":true,"href":"https:\/\/zlp-krakow.pl\/index.php?rest_route=%2Fwp%2Fv2%2Fcomments&post=2245"}],"version-history":[{"count":7,"href":"https:\/\/zlp-krakow.pl\/index.php?rest_route=\/wp\/v2\/posts\/2245\/revisions"}],"predecessor-version":[{"id":2256,"href":"https:\/\/zlp-krakow.pl\/index.php?rest_route=\/wp\/v2\/posts\/2245\/revisions\/2256"}],"wp:attachment":[{"href":"https:\/\/zlp-krakow.pl\/index.php?rest_route=%2Fwp%2Fv2%2Fmedia&parent=2245"}],"wp:term":[{"taxonomy":"category","embeddable":true,"href":"https:\/\/zlp-krakow.pl\/index.php?rest_route=%2Fwp%2Fv2%2Fcategories&post=2245"},{"taxonomy":"post_tag","embeddable":true,"href":"https:\/\/zlp-krakow.pl\/index.php?rest_route=%2Fwp%2Fv2%2Ftags&post=2245"}],"curies":[{"name":"wp","href":"https:\/\/api.w.org\/{rel}","templated":true}]}}