{"id":2019,"date":"2015-12-20T19:25:57","date_gmt":"2015-12-20T18:25:57","guid":{"rendered":"http:\/\/zlp-krakow.pl\/?p=2019"},"modified":"2015-12-20T23:28:49","modified_gmt":"2015-12-20T22:28:49","slug":"walne-sprawozdawcze-zebranie-czlonkow-krakowskiego-oddzialu-zlp-23-stycznia-godz-16-00-klub-dziennikarzy-pod-gruszka","status":"publish","type":"post","link":"https:\/\/zlp-krakow.pl\/?p=2019","title":{"rendered":"SPRAWOZDAWCZE ZEBRANIE CZ\u0141ONK\u00d3W KRAKOWSKIEGO ODDZIA\u0141U ZLP &#8211; 23 STYCZNIA, GODZ. 16.00, KLUB DZIENNIKARZY &#8222;POD GRUSZK\u0104&#8221;"},"content":{"rendered":"<p><strong><span style=\"font-size: 14pt; color: #000080;\">W imieniu Zarz\u0105du zwo\u0142uj\u0119 Sprawozdawcze Zebranie Cz\u0142onk\u00f3w Krakowskiego Oddzia\u0142u ZLP. Odb\u0119dzie si\u0119 ono 23 stycznia (sobota) o godz. 16.00 w Klubie Dziennikarzy \u201ePod Gruszk\u0105\u201d, ul. Szczepa\u0144ska 1.<\/span><\/strong><\/p>\n<h4><span style=\"color: #000080;\">Joanna Krupi\u0144ska-Trzebiatowska<\/span><\/h4>\n<h4><span style=\"color: #000080;\">Prezes Krakowskiego Oddzia\u0142u ZLP<\/span><\/h4>\n<p>&nbsp;<\/p>\n","protected":false},"excerpt":{"rendered":"<p>W imieniu Zarz\u0105du zwo\u0142uj\u0119 Sprawozdawcze Zebranie Cz\u0142onk\u00f3w Krakowskiego Oddzia\u0142u ZLP. Odb\u0119dzie si\u0119 ono 23 stycznia (sobota) o godz. 16.00 w Klubie Dziennikarzy \u201ePod Gruszk\u0105\u201d, ul. Szczepa\u0144ska 1. Joanna Krupi\u0144ska-Trzebiatowska Prezes Krakowskiego Oddzia\u0142u ZLP &nbsp;<\/p>\n","protected":false},"author":3,"featured_media":0,"comment_status":"closed","ping_status":"closed","sticky":false,"template":"","format":"standard","meta":{"footnotes":""},"categories":[12],"tags":[],"class_list":["post-2019","post","type-post","status-publish","format-standard","hentry","category-aktualnosci"],"_links":{"self":[{"href":"https:\/\/zlp-krakow.pl\/index.php?rest_route=\/wp\/v2\/posts\/2019","targetHints":{"allow":["GET"]}}],"collection":[{"href":"https:\/\/zlp-krakow.pl\/index.php?rest_route=\/wp\/v2\/posts"}],"about":[{"href":"https:\/\/zlp-krakow.pl\/index.php?rest_route=\/wp\/v2\/types\/post"}],"author":[{"embeddable":true,"href":"https:\/\/zlp-krakow.pl\/index.php?rest_route=\/wp\/v2\/users\/3"}],"replies":[{"embeddable":true,"href":"https:\/\/zlp-krakow.pl\/index.php?rest_route=%2Fwp%2Fv2%2Fcomments&post=2019"}],"version-history":[{"count":4,"href":"https:\/\/zlp-krakow.pl\/index.php?rest_route=\/wp\/v2\/posts\/2019\/revisions"}],"predecessor-version":[{"id":2023,"href":"https:\/\/zlp-krakow.pl\/index.php?rest_route=\/wp\/v2\/posts\/2019\/revisions\/2023"}],"wp:attachment":[{"href":"https:\/\/zlp-krakow.pl\/index.php?rest_route=%2Fwp%2Fv2%2Fmedia&parent=2019"}],"wp:term":[{"taxonomy":"category","embeddable":true,"href":"https:\/\/zlp-krakow.pl\/index.php?rest_route=%2Fwp%2Fv2%2Fcategories&post=2019"},{"taxonomy":"post_tag","embeddable":true,"href":"https:\/\/zlp-krakow.pl\/index.php?rest_route=%2Fwp%2Fv2%2Ftags&post=2019"}],"curies":[{"name":"wp","href":"https:\/\/api.w.org\/{rel}","templated":true}]}}