{"id":1913,"date":"2015-11-20T17:00:50","date_gmt":"2015-11-20T16:00:50","guid":{"rendered":"http:\/\/zlp-krakow.pl\/?p=1913"},"modified":"2015-12-19T01:40:56","modified_gmt":"2015-12-19T00:40:56","slug":"wieczor-poetycki-alicji-zemanek-i-promocja-tomu-nikt-nie-zbiera-rajskich-jabluszek","status":"publish","type":"post","link":"https:\/\/zlp-krakow.pl\/?p=1913","title":{"rendered":"Wiecz\u00f3r poetycki Alicji Zemanek i promocja tomu NIKT NIE ZBIERA RAJSKICH JAB\u0141USZEK, 25 listopada, godz. 19.30, Dom Kultury Podg\u00f3rze, ul. Sokolska 13"},"content":{"rendered":"<p><a href=\"https:\/\/zlp-krakow.pl\/wp-content\/uploads\/2015\/11\/Poetka-prof.-Alicja-Zemanek.jpg\"><img loading=\"lazy\" decoding=\"async\" class=\"alignnone size-full wp-image-1964\" src=\"https:\/\/zlp-krakow.pl\/wp-content\/uploads\/2015\/11\/Poetka-prof.-Alicja-Zemanek.jpg\" alt=\"Poetka prof. Alicja Zemanek\" width=\"261\" height=\"155\" \/><span style=\"color: #000000;\"> \u00a0 <\/span><\/a><a href=\"https:\/\/zlp-krakow.pl\/wp-content\/uploads\/2015\/11\/Poetka-w-towarzystwie-wydawcy-dra-Dariusza-Piotra-Klimczaka.jpg\"><img loading=\"lazy\" decoding=\"async\" class=\"alignnone size-full wp-image-1965\" src=\"https:\/\/zlp-krakow.pl\/wp-content\/uploads\/2015\/11\/Poetka-w-towarzystwie-wydawcy-dra-Dariusza-Piotra-Klimczaka.jpg\" alt=\"Poetka w towarzystwie wydawcy dra Dariusza Piotra Klimczaka\" width=\"155\" height=\"250\" \/><\/a><\/p>\n<h6><a href=\"https:\/\/zlp-krakow.pl\/wp-content\/uploads\/2015\/11\/Poetka-prof.-Alicja-Zemanek.jpg\"><span style=\"color: #000000;\">Poetka prof. Alicja Zemanek \u00a0 \u00a0 \u00a0 \u00a0 \u00a0 \u00a0 \u00a0 \u00a0 \u00a0 \u00a0 \u00a0 \u00a0\u00a0 <\/span><\/a> Poetka w towarzystwie wydawcy dra Dariusza Piotra\u00a0 Klimczaka<\/h6>\n<div><a href=\"https:\/\/zlp-krakow.pl\/wp-content\/uploads\/2015\/11\/Poetycka-rodzina.jpg\"><img loading=\"lazy\" decoding=\"async\" class=\"alignnone size-full wp-image-1966\" src=\"https:\/\/zlp-krakow.pl\/wp-content\/uploads\/2015\/11\/Poetycka-rodzina.jpg\" alt=\"Poetycka rodzina\" width=\"159\" height=\"155\" \/><\/a><\/div>\n<h6>&#8222;Poetycka rodzina&#8221; (od lewej: dr Dariusz Piotr Klimczak, Marzena D\u0105browa Szatko,<\/h6>\n<h6>Beata Anna Symo\u0142on, dr Joachim Neander, prof. Alicja Zemanek, dr Agnieszka Sojka,<\/h6>\n<h6>Ma\u0142gorzata Wiatrowic<\/h6>\n<h6><a href=\"https:\/\/zlp-krakow.pl\/wp-content\/uploads\/2015\/11\/Poetka-poetce.jpg\"><img loading=\"lazy\" decoding=\"async\" class=\"alignnone size-full wp-image-1967\" src=\"https:\/\/zlp-krakow.pl\/wp-content\/uploads\/2015\/11\/Poetka-poetce.jpg\" alt=\"Poetka poetce\" width=\"206\" height=\"155\" \/><\/a><\/h6>\n<h6>Poetka poetce<\/h6>\n<h6><a href=\"https:\/\/zlp-krakow.pl\/wp-content\/uploads\/2015\/11\/Zemanek_wiecz\u00f3r_poetycki-ZLP25-11-2015JPG.jpg\"><img loading=\"lazy\" decoding=\"async\" class=\"alignnone size-medium wp-image-1914\" src=\"https:\/\/zlp-krakow.pl\/wp-content\/uploads\/2015\/11\/Zemanek_wiecz\u00f3r_poetycki-ZLP25-11-2015JPG-202x300.jpg\" alt=\"Zemanek_wiecz\u00f3r_poetycki ZLP25 11 2015JPG\" width=\"202\" height=\"300\" srcset=\"https:\/\/zlp-krakow.pl\/wp-content\/uploads\/2015\/11\/Zemanek_wiecz\u00f3r_poetycki-ZLP25-11-2015JPG-202x300.jpg 202w, https:\/\/zlp-krakow.pl\/wp-content\/uploads\/2015\/11\/Zemanek_wiecz\u00f3r_poetycki-ZLP25-11-2015JPG-691x1024.jpg 691w, https:\/\/zlp-krakow.pl\/wp-content\/uploads\/2015\/11\/Zemanek_wiecz\u00f3r_poetycki-ZLP25-11-2015JPG-600x890.jpg 600w\" sizes=\"auto, (max-width: 202px) 100vw, 202px\" \/><\/a><\/h6>\n<p><iframe loading=\"lazy\" title=\"Alicja Zemanek - Nikt nie zbiera rajskich jab\u0142uszek\" width=\"600\" height=\"338\" src=\"https:\/\/www.youtube.com\/embed\/jrTypscMu4Q?feature=oembed\" frameborder=\"0\" allow=\"accelerometer; autoplay; clipboard-write; encrypted-media; gyroscope; picture-in-picture; web-share\" referrerpolicy=\"strict-origin-when-cross-origin\" allowfullscreen><\/iframe><\/p>\n<p>https:\/\/www.poczytaj.pl\/ksiazka\/nikt-nie-zbiera-rajskich-jabluszek-alicja-zemanek,338407<\/p>\n","protected":false},"excerpt":{"rendered":"<p>\u00a0 Poetka prof. Alicja Zemanek \u00a0 \u00a0 \u00a0 \u00a0 \u00a0 \u00a0 \u00a0 \u00a0 \u00a0 \u00a0 \u00a0 \u00a0\u00a0 Poetka w towarzystwie wydawcy dra Dariusza Piotra\u00a0 Klimczaka &#8222;Poetycka rodzina&#8221; (od lewej: dr Dariusz Piotr Klimczak, Marzena D\u0105browa Szatko, Beata Anna Symo\u0142on, dr &#8230; <a class=\"more-link\" href=\"https:\/\/zlp-krakow.pl\/?p=1913\">Read More &raquo;<\/a><\/p>\n","protected":false},"author":3,"featured_media":0,"comment_status":"closed","ping_status":"closed","sticky":false,"template":"","format":"standard","meta":{"footnotes":""},"categories":[12],"tags":[],"class_list":["post-1913","post","type-post","status-publish","format-standard","hentry","category-aktualnosci"],"_links":{"self":[{"href":"https:\/\/zlp-krakow.pl\/index.php?rest_route=\/wp\/v2\/posts\/1913","targetHints":{"allow":["GET"]}}],"collection":[{"href":"https:\/\/zlp-krakow.pl\/index.php?rest_route=\/wp\/v2\/posts"}],"about":[{"href":"https:\/\/zlp-krakow.pl\/index.php?rest_route=\/wp\/v2\/types\/post"}],"author":[{"embeddable":true,"href":"https:\/\/zlp-krakow.pl\/index.php?rest_route=\/wp\/v2\/users\/3"}],"replies":[{"embeddable":true,"href":"https:\/\/zlp-krakow.pl\/index.php?rest_route=%2Fwp%2Fv2%2Fcomments&post=1913"}],"version-history":[{"count":21,"href":"https:\/\/zlp-krakow.pl\/index.php?rest_route=\/wp\/v2\/posts\/1913\/revisions"}],"predecessor-version":[{"id":1983,"href":"https:\/\/zlp-krakow.pl\/index.php?rest_route=\/wp\/v2\/posts\/1913\/revisions\/1983"}],"wp:attachment":[{"href":"https:\/\/zlp-krakow.pl\/index.php?rest_route=%2Fwp%2Fv2%2Fmedia&parent=1913"}],"wp:term":[{"taxonomy":"category","embeddable":true,"href":"https:\/\/zlp-krakow.pl\/index.php?rest_route=%2Fwp%2Fv2%2Fcategories&post=1913"},{"taxonomy":"post_tag","embeddable":true,"href":"https:\/\/zlp-krakow.pl\/index.php?rest_route=%2Fwp%2Fv2%2Ftags&post=1913"}],"curies":[{"name":"wp","href":"https:\/\/api.w.org\/{rel}","templated":true}]}}