{"id":1832,"date":"2015-10-23T17:31:05","date_gmt":"2015-10-23T15:31:05","guid":{"rendered":"http:\/\/zlp-krakow.pl\/?p=1832"},"modified":"2015-11-21T12:18:16","modified_gmt":"2015-11-21T11:18:16","slug":"promocja-ksiazki-andrzeja-wierzchowskiego-hotel-golebi-20-listopada-godz-18-srodmiejski-osrodek-kultury","status":"publish","type":"post","link":"https:\/\/zlp-krakow.pl\/?p=1832","title":{"rendered":"Promocja ksi\u0105\u017cki Andrzeja Wierzchowskiego \u2013 \u201eHotel Go\u0142\u0119bi\u201d \u2013 20 listopada godz. 18  \u00a0\u2013 \u015ar\u00f3dmiejski O\u015brodek Kultury"},"content":{"rendered":"<p>&nbsp;<\/p>\n<p><strong>\u00a0 <a href=\"https:\/\/zlp-krakow.pl\/wp-content\/uploads\/2015\/10\/Wierzchowski.jpg\"><img loading=\"lazy\" decoding=\"async\" class=\"alignnone size-medium wp-image-1855\" src=\"https:\/\/zlp-krakow.pl\/wp-content\/uploads\/2015\/10\/Wierzchowski-271x300.jpg\" alt=\"Wierzchowski\" width=\"271\" height=\"300\" srcset=\"https:\/\/zlp-krakow.pl\/wp-content\/uploads\/2015\/10\/Wierzchowski-271x300.jpg 271w, https:\/\/zlp-krakow.pl\/wp-content\/uploads\/2015\/10\/Wierzchowski-925x1024.jpg 925w, https:\/\/zlp-krakow.pl\/wp-content\/uploads\/2015\/10\/Wierzchowski-600x664.jpg 600w, https:\/\/zlp-krakow.pl\/wp-content\/uploads\/2015\/10\/Wierzchowski.jpg 1732w\" sizes=\"auto, (max-width: 271px) 100vw, 271px\" \/><\/a><\/strong><\/p>\n<p><strong>\u00a0\u00a0 <\/strong><strong><a href=\"https:\/\/zlp-krakow.pl\/wp-content\/uploads\/2015\/10\/Wierzchowski-Hotel-gol\u0119bi-ok\u0142adka.jpg\"><img loading=\"lazy\" decoding=\"async\" class=\"alignnone size-medium wp-image-1854\" src=\"https:\/\/zlp-krakow.pl\/wp-content\/uploads\/2015\/10\/Wierzchowski-Hotel-gol\u0119bi-ok\u0142adka-300x250.jpg\" alt=\"Wierzchowski - Hotel gol\u0119bi - ok\u0142adka\" width=\"300\" height=\"250\" srcset=\"https:\/\/zlp-krakow.pl\/wp-content\/uploads\/2015\/10\/Wierzchowski-Hotel-gol\u0119bi-ok\u0142adka-300x250.jpg 300w, https:\/\/zlp-krakow.pl\/wp-content\/uploads\/2015\/10\/Wierzchowski-Hotel-gol\u0119bi-ok\u0142adka-1024x852.jpg 1024w, https:\/\/zlp-krakow.pl\/wp-content\/uploads\/2015\/10\/Wierzchowski-Hotel-gol\u0119bi-ok\u0142adka-600x499.jpg 600w, https:\/\/zlp-krakow.pl\/wp-content\/uploads\/2015\/10\/Wierzchowski-Hotel-gol\u0119bi-ok\u0142adka.jpg 1561w\" sizes=\"auto, (max-width: 300px) 100vw, 300px\" \/><\/a><\/strong><\/p>\n<p><strong>W dniu 20 listopada br. (pi\u0105tek)\u00a0 o godzinie 18,00 w Kamienicy Lamellich prz<\/strong><strong>y ul. Miko\u0142ajskiej 2\u00a0 (\u015ar\u00f3dmiejski O\u015brodek Kultury) odb\u0119dzie si\u0119 spotkanie literackie, po\u015bwi\u0119cone ksi\u0105\u017cce \u201eHotel go\u0142\u0119bi\u201d, przywo\u0142uj\u0105cej wspomnienia o niezwyk\u0142ej artystycznej postaci Krakowa \u2013<\/strong><strong> Krzysztofa Niemczyka, autora powie\u015bci \u201eKurtyzana i kurcz\u0119ta\u201d. By\u0142 te\u017c tw\u00f3rc\u0105, nielicznych przechowanych przez czas fascynuj\u0105cych malowide\u0142.\u00a0 Wst\u0119p wolny. Zaprasza autor ANDRZEJ WIERZCHOWSKI<\/strong><\/p>\n","protected":false},"excerpt":{"rendered":"<p>&nbsp; \u00a0 \u00a0\u00a0 W dniu 20 listopada br. (pi\u0105tek)\u00a0 o godzinie 18,00 w Kamienicy Lamellich przy ul. Miko\u0142ajskiej 2\u00a0 (\u015ar\u00f3dmiejski O\u015brodek Kultury) odb\u0119dzie si\u0119 spotkanie literackie, po\u015bwi\u0119cone ksi\u0105\u017cce \u201eHotel go\u0142\u0119bi\u201d, przywo\u0142uj\u0105cej wspomnienia o niezwyk\u0142ej artystycznej postaci Krakowa \u2013 Krzysztofa Niemczyka, &#8230; <a class=\"more-link\" href=\"https:\/\/zlp-krakow.pl\/?p=1832\">Read More &raquo;<\/a><\/p>\n","protected":false},"author":1,"featured_media":0,"comment_status":"closed","ping_status":"closed","sticky":false,"template":"","format":"standard","meta":{"footnotes":""},"categories":[12,13],"tags":[],"class_list":["post-1832","post","type-post","status-publish","format-standard","hentry","category-aktualnosci","category-zaproszenia"],"_links":{"self":[{"href":"https:\/\/zlp-krakow.pl\/index.php?rest_route=\/wp\/v2\/posts\/1832","targetHints":{"allow":["GET"]}}],"collection":[{"href":"https:\/\/zlp-krakow.pl\/index.php?rest_route=\/wp\/v2\/posts"}],"about":[{"href":"https:\/\/zlp-krakow.pl\/index.php?rest_route=\/wp\/v2\/types\/post"}],"author":[{"embeddable":true,"href":"https:\/\/zlp-krakow.pl\/index.php?rest_route=\/wp\/v2\/users\/1"}],"replies":[{"embeddable":true,"href":"https:\/\/zlp-krakow.pl\/index.php?rest_route=%2Fwp%2Fv2%2Fcomments&post=1832"}],"version-history":[{"count":3,"href":"https:\/\/zlp-krakow.pl\/index.php?rest_route=\/wp\/v2\/posts\/1832\/revisions"}],"predecessor-version":[{"id":1857,"href":"https:\/\/zlp-krakow.pl\/index.php?rest_route=\/wp\/v2\/posts\/1832\/revisions\/1857"}],"wp:attachment":[{"href":"https:\/\/zlp-krakow.pl\/index.php?rest_route=%2Fwp%2Fv2%2Fmedia&parent=1832"}],"wp:term":[{"taxonomy":"category","embeddable":true,"href":"https:\/\/zlp-krakow.pl\/index.php?rest_route=%2Fwp%2Fv2%2Fcategories&post=1832"},{"taxonomy":"post_tag","embeddable":true,"href":"https:\/\/zlp-krakow.pl\/index.php?rest_route=%2Fwp%2Fv2%2Ftags&post=1832"}],"curies":[{"name":"wp","href":"https:\/\/api.w.org\/{rel}","templated":true}]}}