{"id":1775,"date":"2015-10-23T16:16:11","date_gmt":"2015-10-23T14:16:11","guid":{"rendered":"http:\/\/zlp-krakow.pl\/?p=1775"},"modified":"2015-11-04T17:56:46","modified_gmt":"2015-11-04T16:56:46","slug":"promocja-tomu-poetyckiego-danuty-sulkowskiej-klub-dziennikarzy-pod-gruszka-29-pazdziernika-godz-18-00","status":"publish","type":"post","link":"https:\/\/zlp-krakow.pl\/?p=1775","title":{"rendered":"Promocja tomu poetyckiego Danuty Su\u0142kowskiej &#8222;Manipulowanie zegarem&#8221;, Klub Dziennikarzy &#8222;Pod Gruszk\u0105&#8221;, 29 pa\u017adziernika, godz. 18.00"},"content":{"rendered":"<p><a href=\"https:\/\/zlp-krakow.pl\/wp-content\/uploads\/2015\/10\/DSCF5230.jpg\"><img loading=\"lazy\" decoding=\"async\" class=\"alignnone size-medium wp-image-1864\" src=\"https:\/\/zlp-krakow.pl\/wp-content\/uploads\/2015\/10\/DSCF5230-300x169.jpg\" alt=\"DSCF5230\" width=\"300\" height=\"169\" srcset=\"https:\/\/zlp-krakow.pl\/wp-content\/uploads\/2015\/10\/DSCF5230-300x169.jpg 300w, https:\/\/zlp-krakow.pl\/wp-content\/uploads\/2015\/10\/DSCF5230-1024x577.jpg 1024w, https:\/\/zlp-krakow.pl\/wp-content\/uploads\/2015\/10\/DSCF5230-600x338.jpg 600w\" sizes=\"auto, (max-width: 300px) 100vw, 300px\" \/><\/a><\/p>\n<p><a href=\"https:\/\/zlp-krakow.pl\/wp-content\/uploads\/2015\/10\/DSCF5253.jpg\"><img loading=\"lazy\" decoding=\"async\" class=\"alignnone size-medium wp-image-1865\" src=\"https:\/\/zlp-krakow.pl\/wp-content\/uploads\/2015\/10\/DSCF5253-300x169.jpg\" alt=\"DSCF5253\" width=\"300\" height=\"169\" srcset=\"https:\/\/zlp-krakow.pl\/wp-content\/uploads\/2015\/10\/DSCF5253-300x169.jpg 300w, https:\/\/zlp-krakow.pl\/wp-content\/uploads\/2015\/10\/DSCF5253-1024x577.jpg 1024w, https:\/\/zlp-krakow.pl\/wp-content\/uploads\/2015\/10\/DSCF5253-600x338.jpg 600w\" sizes=\"auto, (max-width: 300px) 100vw, 300px\" \/><\/a><\/p>\n<p><a href=\"https:\/\/zlp-krakow.pl\/wp-content\/uploads\/2015\/10\/DSCF5259.jpg\"><img loading=\"lazy\" decoding=\"async\" class=\"alignnone size-medium wp-image-1866\" src=\"https:\/\/zlp-krakow.pl\/wp-content\/uploads\/2015\/10\/DSCF5259-300x169.jpg\" alt=\"DSCF5259\" width=\"300\" height=\"169\" srcset=\"https:\/\/zlp-krakow.pl\/wp-content\/uploads\/2015\/10\/DSCF5259-300x169.jpg 300w, https:\/\/zlp-krakow.pl\/wp-content\/uploads\/2015\/10\/DSCF5259-1024x577.jpg 1024w, https:\/\/zlp-krakow.pl\/wp-content\/uploads\/2015\/10\/DSCF5259-600x338.jpg 600w\" sizes=\"auto, (max-width: 300px) 100vw, 300px\" \/><\/a><\/p>\n<h4>Prowadzenie: Joanna Krupi\u0144ska-Trzebiatowska<\/h4>\n<h4>S\u0142owo krytyczne: prof. Ignacy S. Fiut<\/h4>\n<h4>Oprawa muzyczna: Izabela Jutrzenka-Trzebiatowska<\/h4>\n<h4>Foto: Dorota Lorenowicz<\/h4>\n<p><a href=\"https:\/\/zlp-krakow.pl\/wp-content\/uploads\/2015\/10\/D.-Su\u0142kowska-zaproszenie-Krakow.jpg\"><img loading=\"lazy\" decoding=\"async\" class=\"alignnone size-medium wp-image-1819\" src=\"https:\/\/zlp-krakow.pl\/wp-content\/uploads\/2015\/10\/D.-Su\u0142kowska-zaproszenie-Krakow-214x300.jpg\" alt=\"D. Su\u0142kowska, zaproszenie-Krakow\" width=\"214\" height=\"300\" srcset=\"https:\/\/zlp-krakow.pl\/wp-content\/uploads\/2015\/10\/D.-Su\u0142kowska-zaproszenie-Krakow-214x300.jpg 214w, https:\/\/zlp-krakow.pl\/wp-content\/uploads\/2015\/10\/D.-Su\u0142kowska-zaproszenie-Krakow-732x1024.jpg 732w, https:\/\/zlp-krakow.pl\/wp-content\/uploads\/2015\/10\/D.-Su\u0142kowska-zaproszenie-Krakow-600x840.jpg 600w, https:\/\/zlp-krakow.pl\/wp-content\/uploads\/2015\/10\/D.-Su\u0142kowska-zaproszenie-Krakow.jpg 1229w\" sizes=\"auto, (max-width: 214px) 100vw, 214px\" \/><\/a><\/p>\n","protected":false},"excerpt":{"rendered":"<p>Prowadzenie: Joanna Krupi\u0144ska-Trzebiatowska S\u0142owo krytyczne: prof. Ignacy S. Fiut Oprawa muzyczna: Izabela Jutrzenka-Trzebiatowska Foto: Dorota Lorenowicz<\/p>\n","protected":false},"author":3,"featured_media":0,"comment_status":"closed","ping_status":"closed","sticky":false,"template":"","format":"standard","meta":{"footnotes":""},"categories":[12,13],"tags":[],"class_list":["post-1775","post","type-post","status-publish","format-standard","hentry","category-aktualnosci","category-zaproszenia"],"_links":{"self":[{"href":"https:\/\/zlp-krakow.pl\/index.php?rest_route=\/wp\/v2\/posts\/1775","targetHints":{"allow":["GET"]}}],"collection":[{"href":"https:\/\/zlp-krakow.pl\/index.php?rest_route=\/wp\/v2\/posts"}],"about":[{"href":"https:\/\/zlp-krakow.pl\/index.php?rest_route=\/wp\/v2\/types\/post"}],"author":[{"embeddable":true,"href":"https:\/\/zlp-krakow.pl\/index.php?rest_route=\/wp\/v2\/users\/3"}],"replies":[{"embeddable":true,"href":"https:\/\/zlp-krakow.pl\/index.php?rest_route=%2Fwp%2Fv2%2Fcomments&post=1775"}],"version-history":[{"count":9,"href":"https:\/\/zlp-krakow.pl\/index.php?rest_route=\/wp\/v2\/posts\/1775\/revisions"}],"predecessor-version":[{"id":1886,"href":"https:\/\/zlp-krakow.pl\/index.php?rest_route=\/wp\/v2\/posts\/1775\/revisions\/1886"}],"wp:attachment":[{"href":"https:\/\/zlp-krakow.pl\/index.php?rest_route=%2Fwp%2Fv2%2Fmedia&parent=1775"}],"wp:term":[{"taxonomy":"category","embeddable":true,"href":"https:\/\/zlp-krakow.pl\/index.php?rest_route=%2Fwp%2Fv2%2Fcategories&post=1775"},{"taxonomy":"post_tag","embeddable":true,"href":"https:\/\/zlp-krakow.pl\/index.php?rest_route=%2Fwp%2Fv2%2Ftags&post=1775"}],"curies":[{"name":"wp","href":"https:\/\/api.w.org\/{rel}","templated":true}]}}