{"id":1735,"date":"2015-09-17T16:01:32","date_gmt":"2015-09-17T14:01:32","guid":{"rendered":"http:\/\/zlp-krakow.pl\/?p=1735"},"modified":"2015-09-19T22:38:53","modified_gmt":"2015-09-19T20:38:53","slug":"19-miedzynarodowe-targi-ksiazki-w-krakowie","status":"publish","type":"post","link":"https:\/\/zlp-krakow.pl\/?p=1735","title":{"rendered":"19. Mi\u0119dzynarodowe Targi Ksi\u0105\u017cki w Krakowie"},"content":{"rendered":"<h3><span style=\"font-size: 14pt;\">Program towarzysz\u0105cy<\/span><\/h3>\n<h3><span style=\"font-family: symbol; font-size: 12pt;\">Klub Dziennikarzy &#8222;Pod Gruszk\u0105&#8221;, ul. Szczepa\u0144ska 1<\/span><\/h3>\n<h3><span style=\"font-family: symbol; font-size: 12pt;\">23 pa\u017adziernika, godz. 17.30 &#8211; 19.00<\/span><\/h3>\n<h3><span style=\"font-family: symbol; font-size: 12pt;\">dyskusja panelowa na temat:<\/span><\/h3>\n<h3><span style=\"font-size: 14pt; color: #333399;\">\u0179r\u00f3d\u0142a finansowania kultury w kontek\u015bcie programu Kreatywna Europa Komisji Europejskiej<\/span><\/h3>\n<h3><span style=\"font-family: symbol; font-size: 12pt;\">po\u0142\u0105czona z projekcj\u0105 filmu dotycz\u0105cego czytelnictwa<\/span><\/h3>\n<h3><span style=\"font-family: symbol;\"><span style=\"font-size: 12pt;\">Prowadzenie:<\/span> Leszek Konarski<\/span><\/h3>\n<p><span style=\"font-size: 10pt;\">http:\/\/zalukaj.tv\/zalukaj-film\/20433\/koniec_ery_druku_out_of_print_2013_.html\u00a0<\/span><\/p>\n<p><a href=\"https:\/\/zlp-krakow.pl\/wp-content\/uploads\/2015\/09\/Targi-progr.-tow.-4.jpg\"><img loading=\"lazy\" decoding=\"async\" class=\"alignnone size-medium wp-image-1744\" src=\"https:\/\/zlp-krakow.pl\/wp-content\/uploads\/2015\/09\/Targi-progr.-tow.-4-300x217.jpg\" alt=\"Targi, progr. tow. 4\" width=\"300\" height=\"217\" srcset=\"https:\/\/zlp-krakow.pl\/wp-content\/uploads\/2015\/09\/Targi-progr.-tow.-4-300x217.jpg 300w, https:\/\/zlp-krakow.pl\/wp-content\/uploads\/2015\/09\/Targi-progr.-tow.-4-1024x742.jpg 1024w, https:\/\/zlp-krakow.pl\/wp-content\/uploads\/2015\/09\/Targi-progr.-tow.-4-600x435.jpg 600w\" sizes=\"auto, (max-width: 300px) 100vw, 300px\" \/><\/a><\/p>\n<p>&nbsp;<\/p>\n<p>&nbsp;<\/p>\n","protected":false},"excerpt":{"rendered":"<p>Program towarzysz\u0105cy Klub Dziennikarzy &#8222;Pod Gruszk\u0105&#8221;, ul. Szczepa\u0144ska 1 23 pa\u017adziernika, godz. 17.30 &#8211; 19.00 dyskusja panelowa na temat: \u0179r\u00f3d\u0142a finansowania kultury w kontek\u015bcie programu Kreatywna Europa Komisji Europejskiej po\u0142\u0105czona z projekcj\u0105 filmu dotycz\u0105cego czytelnictwa Prowadzenie: Leszek Konarski http:\/\/zalukaj.tv\/zalukaj-film\/20433\/koniec_ery_druku_out_of_print_2013_.html\u00a0 &nbsp; &#8230; <a class=\"more-link\" href=\"https:\/\/zlp-krakow.pl\/?p=1735\">Read More &raquo;<\/a><\/p>\n","protected":false},"author":3,"featured_media":0,"comment_status":"closed","ping_status":"closed","sticky":false,"template":"","format":"standard","meta":{"footnotes":""},"categories":[12,13],"tags":[],"class_list":["post-1735","post","type-post","status-publish","format-standard","hentry","category-aktualnosci","category-zaproszenia"],"_links":{"self":[{"href":"https:\/\/zlp-krakow.pl\/index.php?rest_route=\/wp\/v2\/posts\/1735","targetHints":{"allow":["GET"]}}],"collection":[{"href":"https:\/\/zlp-krakow.pl\/index.php?rest_route=\/wp\/v2\/posts"}],"about":[{"href":"https:\/\/zlp-krakow.pl\/index.php?rest_route=\/wp\/v2\/types\/post"}],"author":[{"embeddable":true,"href":"https:\/\/zlp-krakow.pl\/index.php?rest_route=\/wp\/v2\/users\/3"}],"replies":[{"embeddable":true,"href":"https:\/\/zlp-krakow.pl\/index.php?rest_route=%2Fwp%2Fv2%2Fcomments&post=1735"}],"version-history":[{"count":5,"href":"https:\/\/zlp-krakow.pl\/index.php?rest_route=\/wp\/v2\/posts\/1735\/revisions"}],"predecessor-version":[{"id":1745,"href":"https:\/\/zlp-krakow.pl\/index.php?rest_route=\/wp\/v2\/posts\/1735\/revisions\/1745"}],"wp:attachment":[{"href":"https:\/\/zlp-krakow.pl\/index.php?rest_route=%2Fwp%2Fv2%2Fmedia&parent=1735"}],"wp:term":[{"taxonomy":"category","embeddable":true,"href":"https:\/\/zlp-krakow.pl\/index.php?rest_route=%2Fwp%2Fv2%2Fcategories&post=1735"},{"taxonomy":"post_tag","embeddable":true,"href":"https:\/\/zlp-krakow.pl\/index.php?rest_route=%2Fwp%2Fv2%2Ftags&post=1735"}],"curies":[{"name":"wp","href":"https:\/\/api.w.org\/{rel}","templated":true}]}}