{"id":171,"date":"2015-03-05T23:22:41","date_gmt":"2015-03-05T22:22:41","guid":{"rendered":"http:\/\/zlp-krakow.org\/?p=171"},"modified":"2024-02-22T21:38:39","modified_gmt":"2024-02-22T20:38:39","slug":"walne-zebranie-sprawozdawczo-wyborcze-2","status":"publish","type":"post","link":"https:\/\/zlp-krakow.pl\/?p=171","title":{"rendered":"Walne zebranie sprawozdawczo-wyborcze 17.01.2015"},"content":{"rendered":"<p><strong><span style=\"font-size: 14pt;\">PROTOK\u00d3\u0141 Z\u00a0 WALNEGO ZEBRANIA\u00a0 KO ZLP W DNIU 17.01.2015<\/span><\/strong><!--more--><\/p>\n<ol>\n<li><strong>Otwarcie zebrania i sprawozdanie z dzia\u0142alno\u015bci.<\/strong><\/li>\n<\/ol>\n<p>&nbsp;<\/p>\n<p>Prezes Magdalena W\u0119grzynowicz-Plichta otwar\u0142a zebranie walne informuj\u0105c, \u017ce jest quorum (po uwzgl\u0119dnieniu usprawiedliwionych nieobecnych). W tej chwili na sali by\u0142o 26 uprawnionych do g\u0142osowania cz\u0142onk\u00f3w Krakowskiego Oddzia\u0142u ZLP. Ostatecznie udzia\u0142 wzi\u0119\u0142o 28 os\u00f3b.\u00a0 Pani Prezes zaproponowa\u0142am Leszka\u00a0 Konarskiego na przewodnicz\u0105cego zebrania oraz Ann\u0119 Pituch-Noworolsk\u0105 na osob\u0119 protoko\u0142uj\u0105c\u0105 przebieg Walnego Zebrania.\u00a0 Obydwie osoby wyrazi\u0142y zgod\u0119 i w ten spos\u00f3b rozpocz\u0119to Walne Zebranie zgodnie z przedstawionym wcze\u015bniej porz\u0105dkiem obrad. Prowadz\u0105cy obrady zaproponowa\u0142 dodanie punkt\u00f3w: sprawozdanie S\u0105du Kole\u017ce\u0144skiego, Dyskusja po sprawozdaniu ust\u0119puj\u0105cego Zarz\u0105du (przed udzieleniem absolutorium) oraz Udzielenie absolutorium w g\u0142osowaniu jawnym.<\/p>\n<p>&nbsp;<\/p>\n<p>Prezes Magdalena W\u0119grzynowicz-Plichta przedstawi\u0142a w skr\u00f3cie dzia\u0142alno\u015b\u0107 Zarz\u0105du (pisemne sprawozdanie zosta\u0142o do\u0142\u0105czone do dokumentacji Walnego Zebrania) podkre\u015blaj\u0105c, \u017ce mimo pisania projekt\u00f3w bior\u0105cych udzia\u0142 w konkursach dofinansowanie uda\u0142o si\u0119 uzyska\u0107 jedynie dla 2 wydarze\u0144 w tym wydania Almanachu z Nocy Poet\u00f3w. Za dobr\u0105 tendencje nale\u017cy uzna\u0107 to, \u017ce dzia\u0142alno\u015b\u0107 KO ZLP zosta\u0142a zauwa\u017cona przez Urz\u0105d Miasta. Jako dow\u00f3d zosta\u0142 odczytany list Prezydenta Jacka Majchrowskiego z \u017cyczeniami dalszej owocnej pracy na rzecz kultury Krakowa. Jest to dobra pozycja do wsp\u00f3\u0142pracy tym bardziej, \u017ce jeste\u015bmy postrzegani jako monolit, jako organizacja wsp\u00f3lna bior\u0105ca aktywny udzia\u0142 w Targach Ksi\u0105\u017cki i Nocy Poet\u00f3w. Ponadto w oparciu o filmowane wydarzenia i spotkania powstaje videoteka KO ZLP. Problemem jest nadal finansowanie\u00a0 co przedstawi skarbnik.<\/p>\n<p>&nbsp;<\/p>\n<ol start=\"2\">\n<li><strong>Sprawozdanie finansowe<\/strong><\/li>\n<\/ol>\n<p>&nbsp;<\/p>\n<p>Skarbnik Joanna Rzodkiewicz przedstawi\u0142a sprawozdanie finansowe (za\u0142\u0105czone w formie pisemnej do dokument\u00f3w Walnego Zebrania) podkre\u015blaj\u0105c 2 problemy &#8211;\u00a0 zbieralno\u015b\u0107 sk\u0142adki (ju\u017c rozpocz\u0119ty rok 2015 przez osoby, kt\u00f3re wp\u0142aci\u0142y po 01.01.2015) oraz problem przekazania oficjalnie dokumentacji finansowej nast\u0119pnemu skarbnikowi. Sk\u0142adki ze wzgl\u0119du na wiek s\u0105 w wi\u0119kszo\u015bci wp\u0142acane w zni\u017ckowej kwocie 50 z\u0142otych, niewielka ilo\u015b\u0107 os\u00f3b p\u0142aci pe\u0142na kwot\u0119, co uszczupla dochody. Niemniej jednak zaleg\u0142o\u015bci jest niewiele. Poza zbieraniem sk\u0142adek praca skarbnika obejmowa\u0142a r\u00f3wnie\u017c przygotowywanie PIT-\u00f3w dla os\u00f3b otrzymuj\u0105cych honoraria. By\u0142a to jedyna kadencja skarbnika bez zatrudnienia ksi\u0119gowego na etacie co pozwoli\u0142o na istotne oszcz\u0119dno\u015bci.<\/p>\n<p>&nbsp;<\/p>\n<ol start=\"3\">\n<li><strong>Sprawozdania Komisji Rewizyjnej, S\u0105du Kole\u017ce\u0144skiego i inne<\/strong><\/li>\n<\/ol>\n<p><strong>\u00a0<\/strong><\/p>\n<p>Sprawozdanie Komisji Rewizyjnej przedstawi\u0142\u00a0 Andrzej Krzysztof Torbus (do\u0142\u0105czone w formie pisemnej) ko\u0144cz\u0105c je wnioskiem o udzielenie absolutorium ust\u0119puj\u0105cemu Zarz\u0105dowi. Sprawozdanie S\u0105du Kole\u017ce\u0144skiego przedstawi\u0142 Leszek Konarski (za\u0142\u0105czone w formie pisemnej).<\/p>\n<p>Ponadto Marzena D\u0105browa-Szatko przedstawi\u0142a sprawozdanie z dzia\u0142alno\u015bci Ko\u0142a M\u0142odych, kt\u00f3rym si\u0119 opiekuje (sprawozdanie za\u0142\u0105czone w formie pisemnej).<\/p>\n<p>&nbsp;<\/p>\n<ol start=\"4\">\n<li><strong>Dyskusja nad sprawozdaniami z dzia\u0142alno\u015bci Zarz\u0105du<\/strong><\/li>\n<\/ol>\n<p>&nbsp;<\/p>\n<p>Prof. Ignacy Fiut- stwierdzi\u0142, \u017ce jest bardzo zadowolony z tej kadencji bo Zwi\u0105zek zaistnia\u0142 w przestrzeni kulturowej Krakowa. Profesor por\u00f3wna\u0142 go do dobrego okresu pod przewodnictwem\u00a0 prof. Zieli\u0144skiego. Potem by\u0142o gorzej i praca Zarz\u0105du si\u0119 nie uk\u0142ada\u0142a. I dlatego: \u201dchcia\u0142em bardzo serdecznie podzi\u0119kowa\u0107 paniom: Magdalenie Wegrzynowicz-Plichcie, Joannie Rzodkiewicz i Joannie Krupi\u0144skiej-Trzebiatowskiej oraz koledze sekretarzowi za wspania\u0142\u0105 prac\u0119, za rozszerzenie naszej tw\u00f3rczo\u015bci przez internet\u201d. Natomiast zdaniem profesora Fiuta jest problem kwalifikacji i oceny nowych cz\u0142onk\u00f3w. Nie mamy dobrej reprezentacji w Centralnej Komisji Kwalifikacyjnej i to trzeba poprawi\u0107, \u017ceby m\u0142odzi tw\u00f3rcy mogli wst\u0119powa\u0107 do Zwi\u0105zku. Ko\u0142o M\u0142odych dzia\u0142a ale trzeba jeszcze pracy nad mo\u017cliwo\u015bci\u0105 wst\u0105pienia do Zwi\u0105zku. Wa\u017cne, \u017ce zaistnieli\u015bmy jako partnerzy dla w\u0142adz kultury w mie\u015bcie.<\/p>\n<p>&nbsp;<\/p>\n<p>Dorota Lorenowicz \u2013 podkre\u015bli\u0142a ogrom pracy w\u0142o\u017conej przez zarz\u0105d w ko\u0144cz\u0105cej si\u0119 kadencji. Czy by\u0142y niedoci\u0105gni\u0119cia, kt\u00f3re pozostaj\u0105 dla kolejnego Zarz\u0105du?. Pytanie czy mo\u017cna by zorganizowa\u0107 sta\u0142\u0105 siedzib\u0119 gdzie mo\u017cna by si\u0119 spotyka\u0107 \u2013 takie biuro z telefonem, komputerem i biurkiem.<\/p>\n<p>&nbsp;<\/p>\n<p>Andrzej Torbus \u2013 marzy mi si\u0119, \u017ceby Noc Poet\u00f3w by\u0142a w formie otwartego spektaklu (np. na Rynku) dla publiczno\u015bci a tylko w formie spotkania we w\u0142asnym gronie.<\/p>\n<p>&nbsp;<\/p>\n<p>Magdalena W\u0119grzynowicz-Plichta \u2013 w odpowiedzi chc\u0119 zaznaczy\u0107, \u017ce nie ma dzisiaj sytuacji w kt\u00f3rej menager siedzi za biurkiem. Wszystko co jest potrzebne jest na dysku, w pami\u0119ci komputera. Mo\u017ce by\u0107 biurko tylko kto b\u0119dzie tam dy\u017curowa\u0142 i dla kogo. Zarz\u0105d powinien by\u0107 mobilny, dokumenty s\u0105 na zasadzie e-mobilne. Wiem, \u017ce Urz\u0105d Miasta szykuje pomieszczenia dla organizacji non-profit w tym organizacji kultury. B\u0119dzie przetarg, jest szansa. By\u0142o lobbowanie za Ogrodem Sztuki, ale okaza\u0142o si\u0119, \u017ce jest to profesjonalny obiekt, kt\u00f3ry kupuje spektakle i imprezy. Oczywi\u015bcie mamy \u015bwiadomo\u015b\u0107, \u017ce obecny lokal jest przej\u015bciowy. Co do Nocy Poet\u00f3w \u2013 mo\u017cemy mie\u0107 scenariusz, ale to nie oznacza, \u017ce miasto to kupi a na samodzielne zap\u0142acenie infrastruktury nie mamy mo\u017cliwo\u015bci. Problem scenariuszy polega na tym, \u017ce miasto nie ma pieni\u0119dzy.<\/p>\n<p>&nbsp;<\/p>\n<p>Joanna Krupi\u0144ska-Trzebiatowska \u2013 jest kwestia prawna ustawy o stowarzyszeniach. W 2003 roku nowa ustawa o instytucjach dzia\u0142alno\u015bci po\u017cytku publicznego. Ta ustawa nie pozwala\u0142a uzyskiwa\u0107 przychodu. W 2011 powsta\u0142a nowa ustawa zawieraj\u0105ca 2 formy dzia\u0142alno\u015bci po\u017cytku publicznego \u2013 \u201enon-profit\u201d i \u201eprofit\u201d z dzia\u0142alno\u015bci statutowej. Statut ZLP jest nieprzystosowany do tej ustawy, nie rozr\u00f3\u017cnia tych dw\u00f3ch form i to nas blokuje. Urz\u0105d Miasta przyjmuje nasze wnioski o dofinansowanie przymykaj\u0105c oko na ustaw\u0119,\u00a0 ale ju\u017c Urz\u0105d Marsza\u0142kowski takich wniosk\u00f3w nie przyjmuje. Je\u015bli Statut ZLP nie zostanie przystosowany do nowej ustawy, to wszystkie wnioski o dofinansowanie mo\u017cna sobie wybi\u0107 z g\u0142owy. Podobnie \u2013 z\u0142amaniem prawa jest sprzeda\u017c ksi\u0105\u017cek. Jako Zarz\u0105d Terenowy dostajemy upowa\u017cnienia z Zarz\u0105du G\u0142\u00f3wnego Ale nie ma uregulowania relacji pomi\u0119dzy ZT a ZG dotycz\u0105cych odprowadzania sk\u0142adek, odprowadzania cz\u0119\u015bci z dofinansowania. Ze sk\u0142adek jest op\u0142acany Zarz\u0105d G\u0142\u00f3wny ale w naszej ocenie nic nie robi dla Zarz\u0105du Terenowego. Zarz\u0105d G\u0142\u00f3wny \u201epasie si\u0119\u201d na fundacji utworzonej wsp\u00f3lnie z SPP. Je\u015bli b\u0119d\u0119 mog\u0142a to powiem to g\u0142o\u015bno na posiedzeniu Zarz\u0105du G\u0142\u00f3wnego\u00a0 w Warszawie.<\/p>\n<p>&nbsp;<\/p>\n<p>Dorota Lorenowicz \u2013 mam pytanie do ust\u0119puj\u0105cego zarz\u0105du \u2013 a co dzieje si\u0119 z naszym archiwum ?<\/p>\n<p>&nbsp;<\/p>\n<p>Magdalen W\u0119grzynowicz-Plichta \u2013 rozmawia\u0142am ze synem Paw\u0142a Strzelewicza, ale jest to delikatna sprawa, nie mniej istnieje mo\u017cliwo\u015b\u0107 odzyskania archiwum jego ojca.<\/p>\n<p>&nbsp;<\/p>\n<p>Prof. Ignacy Fiut \u2013 archiwum powinno by\u0107 oddawane do Urz\u0119du Miasta po 5 latach. Co do zmiany Statutu \u2013 w 2010 by\u0142 nowy statut, ale wtedy wesz\u0142a nowa ustawa i statut dalej jest nieprzystosowany.<\/p>\n<p>&nbsp;<\/p>\n<p>Andrzej Walter &#8211;\u00a0 kwestia prawna to jedna sprawa, ale Zarz\u0105d G\u0142\u00f3wny dzia\u0142a wbrew\u00a0 pozosta\u0142ym Zarz\u0105dom Terenowym ZLP. Istnieje konieczno\u015b\u0107 powiedzenia g\u0142o\u015bno, \u017ce Zarz\u0105d G\u0142\u00f3wny nie dzia\u0142a.<\/p>\n<p>&nbsp;<\/p>\n<p>Jan Mas\u0142yk \u2013 zgodzi\u0142em sie wsp\u00f3\u0142pracowa\u0107 z ust\u0119puj\u0105cym Zarz\u0105dem nad problemem pozyskiwania dotacji z innych \u017ar\u00f3de\u0142. Ze wzgl\u0119du na statut i brak upowa\u017cnie\u0144 z Zarz\u0105du G\u0142\u00f3wnego, \u017ceby mo\u017cna by\u0142o dzia\u0142a\u0107 nie uda\u0142o si\u0119 wielu pomys\u0142\u00f3w zrealizowa\u0107.<\/p>\n<p>&nbsp;<\/p>\n<p>Magdalena W\u0119grzynowicz-Plichta \u2013 Zarz\u0105d G\u0142\u00f3wny naciska, \u017ceby mie\u0107 w\u0142asny NIP. Jest to i dobre i z\u0142e. Wymaga to r\u00f3wnie\u017c zmian zatwierdzonych na Zje\u017adzie w Warszawie. Decyzja o w\u0142asnym NIP i KRS powoduje, \u017ce jeste\u015bmy z Zarz\u0105dem G\u0142\u00f3wnym na zasadach federacji a nie zale\u017cno\u015bci \u201epionowej\u201d jak dot\u0105d. Zwi\u0105zek z Zarz\u0105dem G\u0142\u00f3wnym ma znaczenie dla kontakt\u00f3w mi\u0119dzynarodowych dla nas, ale jest r\u00f3wnocze\u015bnie utrudnieniem np. w uzyskaniu pe\u0142nomocnictw. By\u0142y konieczne dla uzyskania dotacji z Urz\u0119du Miasta i w ko\u0144cu to Urz\u0105d Miasta monitowa\u0142 Zarz\u0105d G\u0142\u00f3wny ZLP w sprawie przesy\u0142ania pe\u0142nomocnictwa dla nas.<\/p>\n<p>&nbsp;<\/p>\n<ol start=\"5\">\n<li><strong>Wyb\u00f3r nowych w\u0142adz Krakowskiego Oddzia\u0142u ZLP<\/strong><\/li>\n<\/ol>\n<p>&nbsp;<\/p>\n<p>Leszek Konarski \u2013 proponuj\u0119 zako\u0144czy\u0107 na tym ten etap dyskusji i glosowa\u0107 w sprawie udzielenia absolutorium ust\u0119puj\u0105cemu Zarz\u0105dowi \u2013 w g\u0142osowaniu jawnym udzia\u0142 wzi\u0119\u0142o 28 os\u00f3b i wszystkie g\u0142osowa\u0142y \u201eza\u201d.<\/p>\n<p>Jako nast\u0119pny punkt zgodnie z programem zebrania jest zg\u0142aszanie kandydat\u00f3w na prezesa i Zarz\u0105d a nast\u0119pnie Komisj\u0119 Rewizyjn\u0105 i S\u0105d Kole\u017ce\u0144ski<\/p>\n<p>Jako kandydaci do obj\u0119cia funkcji przewodnicz\u0105cego Krakowskiego Oddzia\u0142u ZLP zg\u0142oszeni zostali:<\/p>\n<p>przez Hann\u0119 Wietrzny &#8211;\u00a0\u00a0\u00a0 \u00a0\u00a0\u00a0\u00a0\u00a0\u00a0\u00a0\u00a0\u00a0\u00a0\u00a0\u00a0\u00a0\u00a0\u00a0\u00a0\u00a0\u00a0\u00a0\u00a0\u00a0\u00a0\u00a0\u00a0\u00a0\u00a0\u00a0\u00a0\u00a0\u00a0 Joanna Krupi\u0144ska-Trzebiatowska<\/p>\n<p>Magdalen\u0119 Wegrzynowicz-Plicht\u0119 &#8211;\u00a0\u00a0\u00a0 Dariusz Klimczak<\/p>\n<p>Macieja Naglickiego &#8211;\u00a0\u00a0\u00a0\u00a0\u00a0\u00a0\u00a0\u00a0\u00a0\u00a0\u00a0\u00a0\u00a0\u00a0\u00a0\u00a0\u00a0\u00a0\u00a0\u00a0\u00a0\u00a0\u00a0\u00a0\u00a0\u00a0\u00a0 Alicja Tanew<\/p>\n<p>Alicje Tanew &#8211; \u00a0\u00a0\u00a0\u00a0\u00a0\u00a0\u00a0\u00a0\u00a0\u00a0\u00a0\u00a0\u00a0\u00a0\u00a0\u00a0\u00a0\u00a0\u00a0\u00a0\u00a0\u00a0\u00a0\u00a0\u00a0\u00a0\u00a0\u00a0\u00a0\u00a0\u00a0\u00a0\u00a0\u00a0\u00a0\u00a0\u00a0 Marzena D\u0105browa-Szatko<\/p>\n<p>Joann\u0119 Rzodkiewicz &#8211; \u00a0\u00a0\u00a0\u00a0\u00a0\u00a0\u00a0\u00a0\u00a0\u00a0\u00a0\u00a0\u00a0\u00a0\u00a0\u00a0\u00a0\u00a0\u00a0\u00a0\u00a0\u00a0\u00a0\u00a0\u00a0\u00a0 Anna Pituch-Noworolska<\/p>\n<p>Joann\u0119 Krupi\u0144sk\u0105-Trzebiatowsk\u0105 &#8211;\u00a0\u00a0\u00a0\u00a0\u00a0 Jan Mas\u0142yk<\/p>\n<p>&nbsp;<\/p>\n<p>Przeg\u0142osowano jawnie zamkni\u0119cie listy.<\/p>\n<p>Zgod\u0119 na kandydowanie wyrazili jedynie Joanna Krupi\u0144ska-Trzebiatowska i Dariusz Klimczak. Pozosta\u0142e osoby nie wyrazi\u0142y zgody na kandydowanie.<\/p>\n<p>Wybrana zosta\u0142a Komisja Skrutacyjna w sk\u0142adzie: Ignacy Fiut, Danuta Su\u0142kowska, Roma Jegor. Przewodniczy\u0107 zgodzi\u0142 si\u0119 prof. Ignacy Fiut.<\/p>\n<p>Wa\u017cny g\u0142os polega\u0142 na pozostawieniu jednego nazwiska na kartce do g\u0142osowania. Komisja Skrutacyjna zebra\u0142a g\u0142osy i podliczy\u0142a. Zgodnie z protoko\u0142em (protok\u00f3\u0142 w formie pisemnej do\u0142\u0105czony do dokument\u00f3w Walnego Zebrania) przewodnicz\u0105cy komisji og\u0142osi\u0142 wyniki:<\/p>\n<p>Joanna Krupi\u0144ska-Trzebiatowska \u2013 15 g\u0142os\u00f3w<\/p>\n<p>Dariusz Klimczak \u2013 12 g\u0142os\u00f3w (w sumie 27 g\u0142os\u00f3w wa\u017cnych).<\/p>\n<p>Nast\u0119pnie rozpocz\u0119to zg\u0142aszanie kandydat\u00f3w do Zarz\u0105du Oddzia\u0142u Krakowskiego po uzgodnieniu liczby os\u00f3b, kt\u00f3re powinny zosta\u0107 wybrane. Wed\u0142ug Statutu jest to od 3 do 9 cz\u0142onk\u00f3w Zarz\u0105du czyli nale\u017cy wybra\u0107 liczb\u0119 parzyst\u0105 bo poprzedni Prezes jest z urz\u0119du cz\u0142onkiem Zarz\u0105du czyli w sumie b\u0119dzie nieparzysta liczba cz\u0142onk\u00f3w.<\/p>\n<p>Joanna Krupi\u0144ska-Trzebiatowska zg\u0142osi\u0142a:\u00a0\u00a0 Maciej Naglicki \u2013 wyrazi\u0142 zgod\u0119<\/p>\n<p>Joanna Rzodkiewicz \u2013 nie wyrazi\u0142a zgody<\/p>\n<p>Jan Mas\u0142yk \u2013 nie wyrazi\u0142 zgody<\/p>\n<p>Marzena D\u0105browa \u2013Szatko \u2013 wyrazi\u0142a zgod\u0119<\/p>\n<p>Leszek Konarski zg\u0142osi\u0142 kandydat\u00f3w:\u00a0\u00a0\u00a0\u00a0\u00a0\u00a0\u00a0\u00a0\u00a0 Dariusz Klimczak \u2013 nie wyrazi\u0142 zgody<\/p>\n<p>Alicja Tanew \u2013 wyrazi\u0142a zgod\u0119<\/p>\n<p>Anna Pituch-Noworolska \u2013 wyrazi\u0142a zgod\u0119<\/p>\n<p>Andrzej Walter \u2013 wyrazi\u0142 zgod\u0119<\/p>\n<p>Pawe\u0142 Kuzora \u2013 wyrazi\u0142 zgod\u0119<\/p>\n<p>Boles\u0142aw Faron \u2013nie wyrazi\u0142 zgody<\/p>\n<p>Irena Kaczmarczyk nie wyrazi\u0142a zgody<\/p>\n<p>Danuta Perier-Berska \u2013 nie wyrazi\u0142a zgody.<\/p>\n<p>Leszek Konarski zaproponowa\u0142 g\u0142osowanie jawne na kt\u00f3re wszyscy si\u0119 zgodzili (28 g\u0142os\u00f3w \u201eza\u201d).<\/p>\n<p>Pod g\u0142osowanie zosta\u0142a poddana uchwa\u0142a Walnego Zebrania o proponowanym sk\u0142adzie Zarz\u0105du:\u00a0\u00a0\u00a0\u00a0\u00a0\u00a0 Marzena D\u0105browa-Szatko<\/p>\n<p>Maciej Naglicki<\/p>\n<p>Alicja Tanew<\/p>\n<p>Anna Pituch-Noworolska<\/p>\n<p>Andrzej Walter<\/p>\n<p>Pawe\u0142 Kuzora<\/p>\n<p>G\u0142osowanie jawne \u2013 27 g\u0142os\u00f3w \u201eza\u201d.<\/p>\n<p>Magdalena W\u0119grzynowicz-Plichta zg\u0142osi\u0142a wniosek aby pozostawi\u0107 w dotychczasowym sk\u0142adzie Komisj\u0119 Rewizyjn\u0105 i S\u0105d Kole\u017ce\u0144ski.<\/p>\n<p>&nbsp;<\/p>\n<p>Zapytano czy cz\u0142onkowie S\u0105du Kole\u017ce\u0144skiego wyra\u017caj\u0105 zgod\u0119 na pozostanie\u00a0 w tym samym sk\u0142adzie przez kolejna kadencj\u0119:<\/p>\n<p>Leszek Konarski \u2013 wyrazi\u0142 zgod\u0119<\/p>\n<p>Dorota Lorenowicz \u2013 wyrazi\u0142a zgod\u0119<\/p>\n<p>Irena Kaczmarczyk \u2013 wyrazi\u0142a zgod\u0119.<\/p>\n<p>W jawnym glosowaniu 27 g\u0142os\u00f3w by\u0142o \u201eza\u201d.<\/p>\n<p>&nbsp;<\/p>\n<p>Natomiast w odniesieniu do Komisji Rewizyjnej ze wzgl\u0119du na nieobecno\u015b\u0107 jednego z cz\u0142onk\u00f3w zg\u0142oszono kandydat\u00f3w:<\/p>\n<p>Krystyna Jezierska \u2013 wyrazi\u0142a zgod\u0119<\/p>\n<p>Roma Jegor \u2013 wyrazi\u0142a zgod\u0119<\/p>\n<p>Danuta Su\u0142kowska \u2013 wyrazi\u0142a zgod\u0119.<\/p>\n<p>Przeg\u0142osowano w spos\u00f3b jawny nowy sk\u0142ad Komisji Rewizyjnej \u2013 27 g\u0142os\u00f3w \u201eza\u201d.<\/p>\n<p>&nbsp;<\/p>\n<ol start=\"6\">\n<li><strong>Ukonstytuowanie si\u0119 nowego zarz\u0105du:<\/strong><\/li>\n<\/ol>\n<p>&nbsp;<\/p>\n<p>Na oddzielnym posiedzeniu ustalono nast\u0119puj\u0105cy podzia\u0142 obowi\u0105zk\u00f3w w Zarz\u0105dzie:<\/p>\n<p>Wice prezes \u2013 Alicja Tanew<\/p>\n<p>Sekretarz &#8211; Anna Pituch-Noworolska<\/p>\n<p>Opieka nad Ko\u0142em M\u0142odych \u2013 Marzena D\u0105browa-Szatko<\/p>\n<p>Nie uda\u0142o si\u0119 wy\u0142oni\u0107 spo\u015br\u00f3d obecnych cz\u0142onk\u00f3w Zarz\u0105du skarbnika \u2013 pad\u0142a propozycja dokooptowania z zewn\u0105trz osoby posiadaj\u0105cej odpowiednie kwalifikacje.<\/p>\n<p>W oddzielnym posiedzeniu ustalono, \u017ce przewodnicz\u0105cym S\u0105du Kole\u017ce\u0144skiego b\u0119dzie ponownie Leszek Konarski, a Komisji Rewizyjnej \u2013 Krystyna Jezierska.<\/p>\n<p>&nbsp;<\/p>\n<ol start=\"7\">\n<li><strong>Wyb\u00f3r delegat\u00f3w na zjazd (planowany na prze\u0142omie maja\/czerwca)<\/strong>:<\/li>\n<\/ol>\n<p>&nbsp;<\/p>\n<p>Zg\u0142oszono nast\u0119puj\u0105cych kandydat\u00f3w na delegat\u00f3w:\u00a0\u00a0\u00a0\u00a0\u00a0\u00a0\u00a0\u00a0 Boles\u0142aw Faron<\/p>\n<p>Dariusz Klimczak<\/p>\n<p>Magdalena W\u0119grzynowicz-Plichta<\/p>\n<p>Joanna Rzodkiewicz<\/p>\n<p>Ignacy Fiut<\/p>\n<p>Danuta Perier-Berska<\/p>\n<p>Leszek Konarski<\/p>\n<p>Joanna Krupi\u0144ska-Trzebiatowska<\/p>\n<p>Maciej Naglicki<\/p>\n<p>Alicja Tanew<\/p>\n<p>Pawe\u0142 Kuzora<\/p>\n<p>Andrzej Walter<\/p>\n<p>Oraz 2 osoby \u017ceby nie uszczupli\u0107 delegacji w sytuacji niemo\u017cno\u015bci wzi\u0119cia udzia\u0142u przez kogo\u015b z wybranych delegat\u00f3w. Dodatkowo zg\u0142oszone zosta\u0142y: Roma Jegor i Danuta Su\u0142kowska. Wszystkie wy\u017cej wymienione osoby wyrazi\u0142y zgod\u0119. W g\u0142osowaniu jawnym przeg\u0142osowano list\u0119 delegat\u00f3w na zjazd (27 g\u0142os\u00f3w \u201eza\u201d)<\/p>\n<p>&nbsp;<\/p>\n<ol start=\"8\">\n<li><strong>Wolne wnioski<\/strong><\/li>\n<\/ol>\n<p>&nbsp;<\/p>\n<p>Magdalena W\u0119grzynowicz-Plichta \u2013 przypomnia\u0142a, \u017ce na wieczorze po\u015bwi\u0119conym pami\u0119ci Juliana Kawalca prof. Faron zg\u0142osi\u0142 propozycje wyst\u0105pienia do Urz\u0119du Miasta o nadanie ulicy imienia Juliana Kawalca oraz o og\u0142oszenie og\u00f3lnopolskiego konkursu literackiego o nagrod\u0119 imienia Juliana Kawalca.<\/p>\n<p>W g\u0142osowaniu wszyscy zgodzili si\u0119 na wyst\u0105pienie do Urz\u0119du Miasta o nadanie ulicy imienia Juliana Kawalca. Co do konkursu to Zarz\u0105d zosta\u0142 zobowi\u0105zany do podj\u0119cia wysi\u0142k\u00f3w zorganizowanie takiego konkursu.<\/p>\n<p>W tej sprawie g\u0142os zabra\u0142a Joanna Krupi\u0144ska\u2013Trzebiatowska \u2013 problem konkursu literackiego powsta\u0142 dawno i by\u0142a propozycja konkursu o Laur Wawelu. Propozycja zosta\u0142a zg\u0142oszona do Wydzia\u0142u Kultury Urz\u0119du Miasta i wtedy okaza\u0142o si\u0119, \u017ce Krak\u00f3w przyznaje nagrod\u0119 miasta Krakowa i nie widzi uzasadnienia na konkurs i tak to si\u0119 sko\u0144czy\u0142o. Je\u015bli nie b\u0119dzie wsparcia miasta to jest problem z takim konkursem. I tu wracamy do Statutu i mo\u017cliwo\u015bci zg\u0142aszania wniosk\u00f3w i dzia\u0142alno\u015bci finansowej. Wtedy mo\u017cna zg\u0142osi\u0107 projekt konkursu i prosi\u0107 do dofinansowanie na organizacj\u0119 i nagrody.<\/p>\n<p>&nbsp;<\/p>\n<p>Magdalena W\u0119grzynowicz-Plichta \u2013 zosta\u0142y og\u0142oszone w grudniu konkursy na oferty projekt\u00f3w: \u201eWzbogacenie oferty kulturowej miasta\u201d, \u201eCa\u0142oroczna oferta programowa\u201d, \u201eUpowszechnienie literatury i dzia\u0142alno\u015b\u0107 wydawnicza\u201d oraz \u201eWydarzenia kulturalne i artystyczne \u2013 projekty niskobud\u017cetowe\u201d z terminem zg\u0142aszania do 23.01.2015.<\/p>\n<p>&nbsp;<\/p>\n<p>Joanna Krupi\u0144ska-Trzebiatowska \u2013 obiecuj\u0119 walczy\u0107 o rozgraniczenie \u201enon-profit\u201d i \u201eprofit\u201d w rozumieniu ustawy co pozwoli na sk\u0142adanie ofert i przewr\u00f3cenie mo\u017cliwo\u015bci dzia\u0142ania w tym zakresie. W takiej sytuacji wolno nam b\u0119dzie sprzedawa\u0107 ksi\u0105\u017cki i publikacje, kt\u00f3re powsta\u0142y przy pomocy Urz\u0119du miasta. Ustawa, kt\u00f3ra to ogranicza powsta\u0142a dlatego, \u017ce jest wiele instytucji po\u017cytku publicznego a pieni\u0119dzy ma\u0142o.<\/p>\n<p>&nbsp;<\/p>\n<p>Joanna Rzodkiewicz \u2013 informacja na temat strony internetowej \u2013 jest jeszcze fazie dopracowywania szczeg\u00f3\u0142\u00f3w, ale dzia\u0142a. Umowa zosta\u0142a zawarta z autorem opracowuj\u0105cym te stron\u0119 na kwot\u0119 400 z\u0142otych zamiast 1500 z\u0142otych, co jest znacznym osi\u0105gni\u0119ciem.<\/p>\n<p>&nbsp;<\/p>\n<p>Magdalena W\u0119grzynowicz-Plichta \u2013 pro\u015bba do cz\u0142onk\u00f3w nowego Zarz\u0105du, aby kto\u015b podj\u0105\u0142 si\u0119 kontaktu z moderatorem strony internetowej. Pytanie czy nie podj\u0105\u0142 by si\u0119 tego Andrzej Walter cz\u0119sto korzystaj\u0105cy z tej strony.<\/p>\n<p>Nadal pozostaj\u0105 w mocy dotychczasowe ustalenia pozwalaj\u0105ce na organizacj\u0119 spotka\u0144 zar\u00f3wno w piwnicach Rezydencji Rubinstein (3-ecie \u015brody miesi\u0105ca), Sali Fontany w klubie Pod Gruszk\u0105 oraz w \u015ar\u00f3dmiejskim O\u015brodku Kultury przy ulicy Miko\u0142ajskiej.<\/p>\n<p>&nbsp;<\/p>\n<p>&nbsp;<\/p>\n<p>&nbsp;<\/p>\n<p>Przewodnicz\u0105cy zebrania\u00a0\u00a0\u00a0\u00a0\u00a0\u00a0 Prezes KO ZLP\u00a0\u00a0\u00a0\u00a0\u00a0\u00a0\u00a0\u00a0\u00a0\u00a0\u00a0\u00a0\u00a0\u00a0\u00a0\u00a0\u00a0\u00a0\u00a0\u00a0\u00a0\u00a0\u00a0\u00a0\u00a0\u00a0\u00a0\u00a0\u00a0\u00a0\u00a0\u00a0\u00a0\u00a0\u00a0 Sekretarz<\/p>\n<p>&nbsp;<\/p>\n<p>&nbsp;<\/p>\n<p>&nbsp;<\/p>\n<p>Leszek Konarski\u00a0\u00a0\u00a0\u00a0\u00a0\u00a0\u00a0\u00a0\u00a0\u00a0\u00a0\u00a0\u00a0\u00a0\u00a0\u00a0\u00a0\u00a0\u00a0 Joanna Krupi\u0144ska-Trzebiatowska\u00a0\u00a0\u00a0\u00a0\u00a0\u00a0\u00a0\u00a0 Anna Pituch-Noworolska<\/p>\n<p>&nbsp;<\/p>\n<p>&nbsp;<\/p>\n<p>&nbsp;<\/p>\n<p>&nbsp;<\/p>\n<p>&nbsp;<\/p>\n<p>&nbsp;<\/p>\n","protected":false},"excerpt":{"rendered":"<p>PROTOK\u00d3\u0141 Z\u00a0 WALNEGO ZEBRANIA\u00a0 KO ZLP W DNIU 17.01.2015<\/p>\n","protected":false},"author":1,"featured_media":0,"comment_status":"closed","ping_status":"closed","sticky":false,"template":"","format":"standard","meta":{"footnotes":""},"categories":[14],"tags":[],"class_list":["post-171","post","type-post","status-publish","format-standard","hentry","category-sprawozdania"],"_links":{"self":[{"href":"https:\/\/zlp-krakow.pl\/index.php?rest_route=\/wp\/v2\/posts\/171","targetHints":{"allow":["GET"]}}],"collection":[{"href":"https:\/\/zlp-krakow.pl\/index.php?rest_route=\/wp\/v2\/posts"}],"about":[{"href":"https:\/\/zlp-krakow.pl\/index.php?rest_route=\/wp\/v2\/types\/post"}],"author":[{"embeddable":true,"href":"https:\/\/zlp-krakow.pl\/index.php?rest_route=\/wp\/v2\/users\/1"}],"replies":[{"embeddable":true,"href":"https:\/\/zlp-krakow.pl\/index.php?rest_route=%2Fwp%2Fv2%2Fcomments&post=171"}],"version-history":[{"count":8,"href":"https:\/\/zlp-krakow.pl\/index.php?rest_route=\/wp\/v2\/posts\/171\/revisions"}],"predecessor-version":[{"id":6333,"href":"https:\/\/zlp-krakow.pl\/index.php?rest_route=\/wp\/v2\/posts\/171\/revisions\/6333"}],"wp:attachment":[{"href":"https:\/\/zlp-krakow.pl\/index.php?rest_route=%2Fwp%2Fv2%2Fmedia&parent=171"}],"wp:term":[{"taxonomy":"category","embeddable":true,"href":"https:\/\/zlp-krakow.pl\/index.php?rest_route=%2Fwp%2Fv2%2Fcategories&post=171"},{"taxonomy":"post_tag","embeddable":true,"href":"https:\/\/zlp-krakow.pl\/index.php?rest_route=%2Fwp%2Fv2%2Ftags&post=171"}],"curies":[{"name":"wp","href":"https:\/\/api.w.org\/{rel}","templated":true}]}}