{"id":1328,"date":"2015-05-05T22:44:58","date_gmt":"2015-05-05T20:44:58","guid":{"rendered":"http:\/\/zlp-krakow.pl\/?p=1328"},"modified":"2015-05-06T18:30:49","modified_gmt":"2015-05-06T16:30:49","slug":"1328","status":"publish","type":"post","link":"https:\/\/zlp-krakow.pl\/?p=1328","title":{"rendered":"W KOLORZE POMARA\u0143CZY &#8211; promocja tomu poezji Danuty Perier-Berskiej &#8211; Centrum Kultury Dworek Bia\u0142opr\u0105dnicki &#8211; 18 maja (poniedzia\u0142ek), godz. 18.00"},"content":{"rendered":"<p><a href=\"https:\/\/zlp-krakow.pl\/wp-content\/uploads\/2015\/05\/Documents6a.jpg\"><img loading=\"lazy\" decoding=\"async\" class=\"alignnone size-medium wp-image-1329\" src=\"https:\/\/zlp-krakow.pl\/wp-content\/uploads\/2015\/05\/Documents6a-300x137.jpg\" alt=\"Documents6a\" width=\"300\" height=\"137\" srcset=\"https:\/\/zlp-krakow.pl\/wp-content\/uploads\/2015\/05\/Documents6a-300x137.jpg 300w, https:\/\/zlp-krakow.pl\/wp-content\/uploads\/2015\/05\/Documents6a-1024x467.jpg 1024w, https:\/\/zlp-krakow.pl\/wp-content\/uploads\/2015\/05\/Documents6a-600x273.jpg 600w\" sizes=\"auto, (max-width: 300px) 100vw, 300px\" \/><\/a><\/p>\n<p>&nbsp;<\/p>\n","protected":false},"excerpt":{"rendered":"<p>&nbsp;<\/p>\n","protected":false},"author":1,"featured_media":0,"comment_status":"closed","ping_status":"closed","sticky":false,"template":"","format":"standard","meta":{"footnotes":""},"categories":[12,13],"tags":[],"class_list":["post-1328","post","type-post","status-publish","format-standard","hentry","category-aktualnosci","category-zaproszenia"],"_links":{"self":[{"href":"https:\/\/zlp-krakow.pl\/index.php?rest_route=\/wp\/v2\/posts\/1328","targetHints":{"allow":["GET"]}}],"collection":[{"href":"https:\/\/zlp-krakow.pl\/index.php?rest_route=\/wp\/v2\/posts"}],"about":[{"href":"https:\/\/zlp-krakow.pl\/index.php?rest_route=\/wp\/v2\/types\/post"}],"author":[{"embeddable":true,"href":"https:\/\/zlp-krakow.pl\/index.php?rest_route=\/wp\/v2\/users\/1"}],"replies":[{"embeddable":true,"href":"https:\/\/zlp-krakow.pl\/index.php?rest_route=%2Fwp%2Fv2%2Fcomments&post=1328"}],"version-history":[{"count":7,"href":"https:\/\/zlp-krakow.pl\/index.php?rest_route=\/wp\/v2\/posts\/1328\/revisions"}],"predecessor-version":[{"id":1336,"href":"https:\/\/zlp-krakow.pl\/index.php?rest_route=\/wp\/v2\/posts\/1328\/revisions\/1336"}],"wp:attachment":[{"href":"https:\/\/zlp-krakow.pl\/index.php?rest_route=%2Fwp%2Fv2%2Fmedia&parent=1328"}],"wp:term":[{"taxonomy":"category","embeddable":true,"href":"https:\/\/zlp-krakow.pl\/index.php?rest_route=%2Fwp%2Fv2%2Fcategories&post=1328"},{"taxonomy":"post_tag","embeddable":true,"href":"https:\/\/zlp-krakow.pl\/index.php?rest_route=%2Fwp%2Fv2%2Ftags&post=1328"}],"curies":[{"name":"wp","href":"https:\/\/api.w.org\/{rel}","templated":true}]}}