{"id":1320,"date":"2015-05-05T01:39:55","date_gmt":"2015-05-04T23:39:55","guid":{"rendered":"http:\/\/zlp-krakow.pl\/?p=1320"},"modified":"2015-05-10T20:37:07","modified_gmt":"2015-05-10T18:37:07","slug":"cztery-wieki-z-zycia-kobiety-wieczor-poetycki-marzena-dabrowa-szatko-zapowiedz-nowego-tomiku","status":"publish","type":"post","link":"https:\/\/zlp-krakow.pl\/?p=1320","title":{"rendered":"Cztery wieki (z \u017cycia kobiety) &#8211; wiecz\u00f3r poetycki Marzeny D\u0105browy Szatko &#8211; zapowied\u017a nowego tomiku  \t 20 maja  19:00"},"content":{"rendered":"<p><a href=\"https:\/\/zlp-krakow.pl\/wp-content\/uploads\/2015\/05\/jpg.jpg\"><img loading=\"lazy\" decoding=\"async\" class=\"alignnone size-medium wp-image-1352\" src=\"https:\/\/zlp-krakow.pl\/wp-content\/uploads\/2015\/05\/jpg-212x300.jpg\" alt=\"jpg\" width=\"212\" height=\"300\" srcset=\"https:\/\/zlp-krakow.pl\/wp-content\/uploads\/2015\/05\/jpg-212x300.jpg 212w, https:\/\/zlp-krakow.pl\/wp-content\/uploads\/2015\/05\/jpg-724x1024.jpg 724w, https:\/\/zlp-krakow.pl\/wp-content\/uploads\/2015\/05\/jpg-600x849.jpg 600w\" sizes=\"auto, (max-width: 212px) 100vw, 212px\" \/><\/a><a href=\"https:\/\/www.facebook.com\/photo.php?fbid=921560651198216&amp;set=gm.793517734059917&amp;type=1&amp;theater\">https:\/\/www.facebook.com\/photo.php?fbid=921560651198216&amp;set=gm.793517734059917&amp;type=1&amp;theater<\/a><\/p>\n<table class=\"uiGrid _51mz\" cellspacing=\"0\" cellpadding=\"0\">\n<tbody>\n<tr class=\"_51mx\">\n<td class=\"_51m- _51mw\">\n<div class=\"clearfix _4930\">\n<div class=\"_xkg rfloat _ohf\">\u00a0<a href=\"https:\/\/zlp-krakow.pl\/wp-content\/uploads\/2015\/03\/alicja-e1426012811599.jpg\"><img loading=\"lazy\" decoding=\"async\" class=\"alignnone size-medium wp-image-390\" src=\"https:\/\/zlp-krakow.pl\/wp-content\/uploads\/2015\/03\/alicja-e1426012097152-211x300.jpg\" alt=\"alicja\" width=\"211\" height=\"300\" \/><\/a><\/div>\n<div class=\"_xkh _42ef\">\n<div class=\"_6a\">\n<div class=\"_6a _6b\"><\/div>\n<div class=\"_6a _6b\">Ca\u0142o\u015b\u0107 poprowadzi Alicja Tanew<\/div>\n<div class=\"_6a _6b\"><\/div>\n<div class=\"_6a _6b\"><a id=\"u_jsonp_4_t\" class=\"_5xhk\" href=\"https:\/\/www.facebook.com\/pages\/Scena-Ata-Alicji-Tanew\/133995093323961\" data-gt=\"{&quot;entity_id&quot;:&quot;133995093323961&quot;,&quot;entity_path&quot;:&quot;WebEventPublicProdFeedPermalinkController&quot;}\" data-hovercard=\"\/ajax\/hovercard\/page.php?id=133995093323961\">Scena Ata Alicji Tanew<\/a><\/p>\n<div class=\"_5xhp fsm fwn fcg\">ul. Czarnowiejska 93, 30-049 Krak\u00f3w<\/div>\n<\/div>\n<\/div>\n<\/div>\n<\/div>\n<\/td>\n<\/tr>\n<\/tbody>\n<\/table>\n<p>&nbsp;<\/p>\n<p>&nbsp;<\/p>\n<p>&nbsp;<\/p>\n","protected":false},"excerpt":{"rendered":"<p>https:\/\/www.facebook.com\/photo.php?fbid=921560651198216&amp;set=gm.793517734059917&amp;type=1&amp;theater \u00a0 Ca\u0142o\u015b\u0107 poprowadzi Alicja Tanew Scena Ata Alicji Tanew ul. Czarnowiejska 93, 30-049 Krak\u00f3w &nbsp; &nbsp; &nbsp;<\/p>\n","protected":false},"author":1,"featured_media":0,"comment_status":"closed","ping_status":"closed","sticky":false,"template":"","format":"standard","meta":{"footnotes":""},"categories":[12,13],"tags":[],"class_list":["post-1320","post","type-post","status-publish","format-standard","hentry","category-aktualnosci","category-zaproszenia"],"_links":{"self":[{"href":"https:\/\/zlp-krakow.pl\/index.php?rest_route=\/wp\/v2\/posts\/1320","targetHints":{"allow":["GET"]}}],"collection":[{"href":"https:\/\/zlp-krakow.pl\/index.php?rest_route=\/wp\/v2\/posts"}],"about":[{"href":"https:\/\/zlp-krakow.pl\/index.php?rest_route=\/wp\/v2\/types\/post"}],"author":[{"embeddable":true,"href":"https:\/\/zlp-krakow.pl\/index.php?rest_route=\/wp\/v2\/users\/1"}],"replies":[{"embeddable":true,"href":"https:\/\/zlp-krakow.pl\/index.php?rest_route=%2Fwp%2Fv2%2Fcomments&post=1320"}],"version-history":[{"count":8,"href":"https:\/\/zlp-krakow.pl\/index.php?rest_route=\/wp\/v2\/posts\/1320\/revisions"}],"predecessor-version":[{"id":1353,"href":"https:\/\/zlp-krakow.pl\/index.php?rest_route=\/wp\/v2\/posts\/1320\/revisions\/1353"}],"wp:attachment":[{"href":"https:\/\/zlp-krakow.pl\/index.php?rest_route=%2Fwp%2Fv2%2Fmedia&parent=1320"}],"wp:term":[{"taxonomy":"category","embeddable":true,"href":"https:\/\/zlp-krakow.pl\/index.php?rest_route=%2Fwp%2Fv2%2Fcategories&post=1320"},{"taxonomy":"post_tag","embeddable":true,"href":"https:\/\/zlp-krakow.pl\/index.php?rest_route=%2Fwp%2Fv2%2Ftags&post=1320"}],"curies":[{"name":"wp","href":"https:\/\/api.w.org\/{rel}","templated":true}]}}