{"id":1225,"date":"2015-04-10T01:41:09","date_gmt":"2015-04-09T23:41:09","guid":{"rendered":"http:\/\/zlp-krakow.pl\/?p=1225"},"modified":"2015-04-22T22:02:42","modified_gmt":"2015-04-22T20:02:42","slug":"wieczor-literacki-na-kazimierzu-14-kwietnia-2015-18-00","status":"publish","type":"post","link":"https:\/\/zlp-krakow.pl\/?p=1225","title":{"rendered":"WIECZ\u00d3R LITERACKI NA KAZIMIERZU    W \u015aROD\u0118   15 KWIETNIA 2015 18.00"},"content":{"rendered":"<p><a href=\"https:\/\/zlp-krakow.pl\/wp-content\/uploads\/2015\/04\/maciekdziesiec.jpg\"><img loading=\"lazy\" decoding=\"async\" class=\"alignnone size-medium wp-image-1279\" src=\"https:\/\/zlp-krakow.pl\/wp-content\/uploads\/2015\/04\/maciekdziesiec-300x225.jpg\" alt=\"OLYMPUS DIGITAL CAMERA\" width=\"300\" height=\"225\" srcset=\"https:\/\/zlp-krakow.pl\/wp-content\/uploads\/2015\/04\/maciekdziesiec-300x225.jpg 300w, https:\/\/zlp-krakow.pl\/wp-content\/uploads\/2015\/04\/maciekdziesiec-1024x768.jpg 1024w, https:\/\/zlp-krakow.pl\/wp-content\/uploads\/2015\/04\/maciekdziesiec-600x450.jpg 600w\" sizes=\"auto, (max-width: 300px) 100vw, 300px\" \/><\/a><\/p>\n<p>Trio w sk\u0142adzie: Natalia St\u0119posz &#8211; skrzypce, Eliza Frach &#8211; alt\u00f3wka, Joahim Ko\u0142panowicz &#8211; fortepian<\/p>\n<p><a href=\"https:\/\/zlp-krakow.pl\/wp-content\/uploads\/2015\/04\/maciekdziewiec.jpg\"><img loading=\"lazy\" decoding=\"async\" class=\"alignnone size-medium wp-image-1281\" src=\"https:\/\/zlp-krakow.pl\/wp-content\/uploads\/2015\/04\/maciekdziewiec-300x225.jpg\" alt=\"OLYMPUS DIGITAL CAMERA\" width=\"300\" height=\"225\" srcset=\"https:\/\/zlp-krakow.pl\/wp-content\/uploads\/2015\/04\/maciekdziewiec-300x225.jpg 300w, https:\/\/zlp-krakow.pl\/wp-content\/uploads\/2015\/04\/maciekdziewiec-1024x768.jpg 1024w, https:\/\/zlp-krakow.pl\/wp-content\/uploads\/2015\/04\/maciekdziewiec-600x450.jpg 600w\" sizes=\"auto, (max-width: 300px) 100vw, 300px\" \/><\/a><\/p>\n<p><a href=\"https:\/\/zlp-krakow.pl\/wp-content\/uploads\/2015\/04\/Zapr.-Naglicki.jpg\"><img loading=\"lazy\" decoding=\"async\" class=\"alignnone size-medium wp-image-1278\" src=\"https:\/\/zlp-krakow.pl\/wp-content\/uploads\/2015\/04\/maciekosiem-300x225.jpg\" alt=\"OLYMPUS DIGITAL CAMERA\" width=\"300\" height=\"225\" srcset=\"https:\/\/zlp-krakow.pl\/wp-content\/uploads\/2015\/04\/maciekosiem-300x225.jpg 300w, https:\/\/zlp-krakow.pl\/wp-content\/uploads\/2015\/04\/maciekosiem-1024x768.jpg 1024w, https:\/\/zlp-krakow.pl\/wp-content\/uploads\/2015\/04\/maciekosiem-600x450.jpg 600w\" sizes=\"auto, (max-width: 300px) 100vw, 300px\" \/><\/a><\/p>\n<p><a href=\"https:\/\/zlp-krakow.pl\/wp-content\/uploads\/2015\/04\/11164569_10200477550057389_5810248220422298406_n.jpg\"><img loading=\"lazy\" decoding=\"async\" class=\"alignnone size-medium wp-image-1241\" src=\"https:\/\/zlp-krakow.pl\/wp-content\/uploads\/2015\/04\/11164569_10200477550057389_5810248220422298406_n-300x225.jpg\" alt=\"11164569_10200477550057389_5810248220422298406_n\" width=\"300\" height=\"225\" srcset=\"https:\/\/zlp-krakow.pl\/wp-content\/uploads\/2015\/04\/11164569_10200477550057389_5810248220422298406_n-300x225.jpg 300w, https:\/\/zlp-krakow.pl\/wp-content\/uploads\/2015\/04\/11164569_10200477550057389_5810248220422298406_n-600x450.jpg 600w, https:\/\/zlp-krakow.pl\/wp-content\/uploads\/2015\/04\/11164569_10200477550057389_5810248220422298406_n.jpg 960w\" sizes=\"auto, (max-width: 300px) 100vw, 300px\" \/><\/a><\/p>\n<p><a href=\"https:\/\/zlp-krakow.pl\/wp-content\/uploads\/2015\/04\/11159459_10200477553457474_1419412095750454770_n.jpg\"><img loading=\"lazy\" decoding=\"async\" class=\"alignnone size-medium wp-image-1243\" src=\"https:\/\/zlp-krakow.pl\/wp-content\/uploads\/2015\/04\/11159459_10200477553457474_1419412095750454770_n-300x161.jpg\" alt=\"11159459_10200477553457474_1419412095750454770_n\" width=\"300\" height=\"161\" srcset=\"https:\/\/zlp-krakow.pl\/wp-content\/uploads\/2015\/04\/11159459_10200477553457474_1419412095750454770_n-300x161.jpg 300w, https:\/\/zlp-krakow.pl\/wp-content\/uploads\/2015\/04\/11159459_10200477553457474_1419412095750454770_n-600x321.jpg 600w, https:\/\/zlp-krakow.pl\/wp-content\/uploads\/2015\/04\/11159459_10200477553457474_1419412095750454770_n.jpg 960w\" sizes=\"auto, (max-width: 300px) 100vw, 300px\" \/><\/a><\/p>\n<p><a href=\"https:\/\/zlp-krakow.pl\/wp-content\/uploads\/2015\/04\/11159459_10200477553457474_1419412095750454770_n.jpg\"><img loading=\"lazy\" decoding=\"async\" class=\"alignnone size-medium wp-image-1244\" src=\"https:\/\/zlp-krakow.pl\/wp-content\/uploads\/2015\/04\/11150158_10200477552457449_563552775139520696_n-300x225.jpg\" alt=\"11150158_10200477552457449_563552775139520696_n\" width=\"300\" height=\"225\" srcset=\"https:\/\/zlp-krakow.pl\/wp-content\/uploads\/2015\/04\/11150158_10200477552457449_563552775139520696_n-300x225.jpg 300w, https:\/\/zlp-krakow.pl\/wp-content\/uploads\/2015\/04\/11150158_10200477552457449_563552775139520696_n-600x450.jpg 600w, https:\/\/zlp-krakow.pl\/wp-content\/uploads\/2015\/04\/11150158_10200477552457449_563552775139520696_n.jpg 960w\" sizes=\"auto, (max-width: 300px) 100vw, 300px\" \/><\/a><\/p>\n<p><a href=\"https:\/\/zlp-krakow.pl\/wp-content\/uploads\/2015\/04\/11150158_10200477552457449_563552775139520696_n.jpg\"><img loading=\"lazy\" decoding=\"async\" class=\"alignnone size-medium wp-image-1226\" src=\"https:\/\/zlp-krakow.pl\/wp-content\/uploads\/2015\/04\/Zapr.-Naglicki-300x219.jpg\" alt=\"Zapr. Naglicki\" width=\"300\" height=\"219\" srcset=\"https:\/\/zlp-krakow.pl\/wp-content\/uploads\/2015\/04\/Zapr.-Naglicki-300x219.jpg 300w, https:\/\/zlp-krakow.pl\/wp-content\/uploads\/2015\/04\/Zapr.-Naglicki-1024x747.jpg 1024w, https:\/\/zlp-krakow.pl\/wp-content\/uploads\/2015\/04\/Zapr.-Naglicki-600x438.jpg 600w\" sizes=\"auto, (max-width: 300px) 100vw, 300px\" \/><\/a><\/p>\n","protected":false},"excerpt":{"rendered":"<p>Trio w sk\u0142adzie: Natalia St\u0119posz &#8211; skrzypce, Eliza Frach &#8211; alt\u00f3wka, Joahim Ko\u0142panowicz &#8211; fortepian<\/p>\n","protected":false},"author":1,"featured_media":0,"comment_status":"closed","ping_status":"closed","sticky":false,"template":"","format":"standard","meta":{"footnotes":""},"categories":[12,13],"tags":[],"class_list":["post-1225","post","type-post","status-publish","format-standard","hentry","category-aktualnosci","category-zaproszenia"],"_links":{"self":[{"href":"https:\/\/zlp-krakow.pl\/index.php?rest_route=\/wp\/v2\/posts\/1225","targetHints":{"allow":["GET"]}}],"collection":[{"href":"https:\/\/zlp-krakow.pl\/index.php?rest_route=\/wp\/v2\/posts"}],"about":[{"href":"https:\/\/zlp-krakow.pl\/index.php?rest_route=\/wp\/v2\/types\/post"}],"author":[{"embeddable":true,"href":"https:\/\/zlp-krakow.pl\/index.php?rest_route=\/wp\/v2\/users\/1"}],"replies":[{"embeddable":true,"href":"https:\/\/zlp-krakow.pl\/index.php?rest_route=%2Fwp%2Fv2%2Fcomments&post=1225"}],"version-history":[{"count":17,"href":"https:\/\/zlp-krakow.pl\/index.php?rest_route=\/wp\/v2\/posts\/1225\/revisions"}],"predecessor-version":[{"id":1238,"href":"https:\/\/zlp-krakow.pl\/index.php?rest_route=\/wp\/v2\/posts\/1225\/revisions\/1238"}],"wp:attachment":[{"href":"https:\/\/zlp-krakow.pl\/index.php?rest_route=%2Fwp%2Fv2%2Fmedia&parent=1225"}],"wp:term":[{"taxonomy":"category","embeddable":true,"href":"https:\/\/zlp-krakow.pl\/index.php?rest_route=%2Fwp%2Fv2%2Fcategories&post=1225"},{"taxonomy":"post_tag","embeddable":true,"href":"https:\/\/zlp-krakow.pl\/index.php?rest_route=%2Fwp%2Fv2%2Ftags&post=1225"}],"curies":[{"name":"wp","href":"https:\/\/api.w.org\/{rel}","templated":true}]}}